{"id":3337,"date":"2025-04-02T08:11:44","date_gmt":"2025-04-02T06:11:44","guid":{"rendered":"https:\/\/agora.xtec.cat\/escolagermanesbertomeu\/?p=3337"},"modified":"2025-04-03T19:29:04","modified_gmt":"2025-04-03T17:29:04","slug":"dia-internacional-del-llibre-infantil-i-juvenil","status":"publish","type":"post","link":"https:\/\/agora.xtec.cat\/escolagermanesbertomeu\/general\/dia-internacional-del-llibre-infantil-i-juvenil\/","title":{"rendered":"Dia Internacional del llibre infantil i juvenil"},"content":{"rendered":"<p>El 2 d\u2019abril se celebra el Dia Internacional del Llibre Infantil i Juvenil en record i homenatge a Hans Christian Andersen.<\/p>\n<p>Enguany, el missatge del cartell ha estat obra de l\u2019autora Rian Viser i el disseny \u00e9s una creaci\u00f3 de Janneke Ipenburg.<\/p>\n<p>Per celebrar aquesta efem\u00e8ride des de la Comissi\u00f3 de la Biblioteca us hem fet una selecci\u00f3 de llibres infantils que podeu trobar a la nostra Biblioteca escolar. Entra a l&#8217;enlla\u00e7 seguent i clica sobre les cobertes dels llibres per llegir-ne la fitxa t\u00e8cnica:<\/p>\n<p><a href=\"https:\/\/agora.xtec.cat\/escolagermanesbertomeu\/wp-content\/uploads\/usu1488\/2025\/04\/recomanacio-de-llibres-infantils.pdf\">recomanaci\u00f3 de llibres infantils<\/a><\/p>\n<p>Esperem que us agradi la selecci\u00f3 que us hem fet!<\/p>\n","protected":false},"excerpt":{"rendered":"<p>El 2 d\u2019abril se celebra el Dia Internacional del Llibre Infantil i Juvenil en record i homenatge a Hans Christian Andersen. Per celebrar aquesta efem\u00e8ride des de la Comissi\u00f3 de la Biblioteca us hem fet una selecci\u00f3 de llibres infantils que podeu trobar a la nostra Biblioteca escolar. Entra i veur\u00e0s quines bones recomanacions!&hellip;  <a href=\"https:\/\/agora.xtec.cat\/escolagermanesbertomeu\/general\/dia-internacional-del-llibre-infantil-i-juvenil\/\" title=\"Read Dia Internacional del llibre infantil i juvenil\">Llegeix m\u00e9s\u00bb<\/a><\/p>\n","protected":false},"author":1,"featured_media":3339,"comment_status":"open","ping_status":"closed","sticky":false,"template":"","format":"standard","meta":{"_bbp_topic_count":0,"_bbp_reply_count":0,"_bbp_total_topic_count":0,"_bbp_total_reply_count":0,"_bbp_voice_count":0,"_bbp_anonymous_reply_count":0,"_bbp_topic_count_hidden":0,"_bbp_reply_count_hidden":0,"_bbp_forum_subforum_count":0,"footnotes":""},"categories":[56,55,1,4],"tags":[90],"class_list":["post-3337","post","type-post","status-publish","format-standard","has-post-thumbnail","hentry","category-biblioteca","category-escola","category-general","category-portada","tag-biblioteca"],"post_mailing_queue_ids":[],"_links":{"self":[{"href":"https:\/\/agora.xtec.cat\/escolagermanesbertomeu\/wp-json\/wp\/v2\/posts\/3337","targetHints":{"allow":["GET"]}}],"collection":[{"href":"https:\/\/agora.xtec.cat\/escolagermanesbertomeu\/wp-json\/wp\/v2\/posts"}],"about":[{"href":"https:\/\/agora.xtec.cat\/escolagermanesbertomeu\/wp-json\/wp\/v2\/types\/post"}],"author":[{"embeddable":true,"href":"https:\/\/agora.xtec.cat\/escolagermanesbertomeu\/wp-json\/wp\/v2\/users\/1"}],"replies":[{"embeddable":true,"href":"https:\/\/agora.xtec.cat\/escolagermanesbertomeu\/wp-json\/wp\/v2\/comments?post=3337"}],"version-history":[{"count":3,"href":"https:\/\/agora.xtec.cat\/escolagermanesbertomeu\/wp-json\/wp\/v2\/posts\/3337\/revisions"}],"predecessor-version":[{"id":3342,"href":"https:\/\/agora.xtec.cat\/escolagermanesbertomeu\/wp-json\/wp\/v2\/posts\/3337\/revisions\/3342"}],"wp:featuredmedia":[{"embeddable":true,"href":"https:\/\/agora.xtec.cat\/escolagermanesbertomeu\/wp-json\/wp\/v2\/media\/3339"}],"wp:attachment":[{"href":"https:\/\/agora.xtec.cat\/escolagermanesbertomeu\/wp-json\/wp\/v2\/media?parent=3337"}],"wp:term":[{"taxonomy":"category","embeddable":true,"href":"https:\/\/agora.xtec.cat\/escolagermanesbertomeu\/wp-json\/wp\/v2\/categories?post=3337"},{"taxonomy":"post_tag","embeddable":true,"href":"https:\/\/agora.xtec.cat\/escolagermanesbertomeu\/wp-json\/wp\/v2\/tags?post=3337"}],"curies":[{"name":"wp","href":"https:\/\/api.w.org\/{rel}","templated":true}]}}