{"id":3267,"date":"2025-01-31T17:59:15","date_gmt":"2025-01-31T16:59:15","guid":{"rendered":"https:\/\/agora.xtec.cat\/escolagermanesbertomeu\/?p=3267"},"modified":"2025-01-31T18:00:23","modified_gmt":"2025-01-31T17:00:23","slug":"animals-del-pati","status":"publish","type":"post","link":"https:\/\/agora.xtec.cat\/escolagermanesbertomeu\/general\/animals-del-pati\/","title":{"rendered":"PROJECTE: Animals del pati"},"content":{"rendered":"<p>Quins animals viuen al pati de l&#8217;escola? Es mengen els uns als altres? Estan de visita o viuen permanentment al pati?<\/p>\n<p>Aquestes s\u00f3n algunes de les curiositats que tenien un grup d&#8217;infants de 2nA i que han pogut satisfer mitjan\u00e7ant un projecte d&#8217;investigaci\u00f3 en grup redu\u00eft. Voleu saber m\u00e9s? Cliqueu a l&#8217;enlla\u00e7 seg\u00fcent:<\/p>\n<p style=\"text-align: center;\"><a href=\"https:\/\/agora.xtec.cat\/escolagermanesbertomeu\/wp-content\/uploads\/usu1488\/2025\/01\/PROJECTE-Animals-que-ens-podem-trobar-al-pati_2nA.pdf\" target=\"_blank\" rel=\"noopener\"><img loading=\"lazy\" decoding=\"async\" class=\"alignnone wp-image-3232 size-full\" src=\"https:\/\/agora.xtec.cat\/escolagermanesbertomeu\/wp-content\/uploads\/usu1488\/2024\/07\/PREM-AQUI.png\" alt=\"\" width=\"345\" height=\"146\" srcset=\"https:\/\/agora.xtec.cat\/escolagermanesbertomeu\/wp-content\/uploads\/usu1488\/2024\/07\/PREM-AQUI.png 345w, https:\/\/agora.xtec.cat\/escolagermanesbertomeu\/wp-content\/uploads\/usu1488\/2024\/07\/PREM-AQUI-300x127.png 300w\" sizes=\"auto, (max-width: 345px) 100vw, 345px\" \/><\/a><\/p>\n","protected":false},"excerpt":{"rendered":"<p>Quins animals viuen al pati de l&#8217;escola? Es mengen els uns als altres? Estan de visita o viuen permanentment al pati?<br \/>\nAquestes s\u00f3n algunes de les curiositats que tenien un grup d&#8217;infants de 2nA i que han pogut satisfer mitjan\u00e7ant un projecte d&#8217;investigaci\u00f3 en grup redu\u00eft. Voleu saber m\u00e9s?&hellip;  <a href=\"https:\/\/agora.xtec.cat\/escolagermanesbertomeu\/general\/animals-del-pati\/\" title=\"Read PROJECTE: Animals del pati\">Llegeix m\u00e9s\u00bb<\/a><\/p>\n","protected":false},"author":1,"featured_media":3268,"comment_status":"open","ping_status":"closed","sticky":false,"template":"","format":"standard","meta":{"_bbp_topic_count":0,"_bbp_reply_count":0,"_bbp_total_topic_count":0,"_bbp_total_reply_count":0,"_bbp_voice_count":0,"_bbp_anonymous_reply_count":0,"_bbp_topic_count_hidden":0,"_bbp_reply_count_hidden":0,"_bbp_forum_subforum_count":0,"footnotes":""},"categories":[10,55,1,4,5],"tags":[126,82,62],"class_list":["post-3267","post","type-post","status-publish","format-standard","has-post-thumbnail","hentry","category-2n","category-escola","category-general","category-portada","category-primaria","tag-ciencies","tag-documentacio","tag-projectes"],"post_mailing_queue_ids":[],"_links":{"self":[{"href":"https:\/\/agora.xtec.cat\/escolagermanesbertomeu\/wp-json\/wp\/v2\/posts\/3267","targetHints":{"allow":["GET"]}}],"collection":[{"href":"https:\/\/agora.xtec.cat\/escolagermanesbertomeu\/wp-json\/wp\/v2\/posts"}],"about":[{"href":"https:\/\/agora.xtec.cat\/escolagermanesbertomeu\/wp-json\/wp\/v2\/types\/post"}],"author":[{"embeddable":true,"href":"https:\/\/agora.xtec.cat\/escolagermanesbertomeu\/wp-json\/wp\/v2\/users\/1"}],"replies":[{"embeddable":true,"href":"https:\/\/agora.xtec.cat\/escolagermanesbertomeu\/wp-json\/wp\/v2\/comments?post=3267"}],"version-history":[{"count":3,"href":"https:\/\/agora.xtec.cat\/escolagermanesbertomeu\/wp-json\/wp\/v2\/posts\/3267\/revisions"}],"predecessor-version":[{"id":3272,"href":"https:\/\/agora.xtec.cat\/escolagermanesbertomeu\/wp-json\/wp\/v2\/posts\/3267\/revisions\/3272"}],"wp:featuredmedia":[{"embeddable":true,"href":"https:\/\/agora.xtec.cat\/escolagermanesbertomeu\/wp-json\/wp\/v2\/media\/3268"}],"wp:attachment":[{"href":"https:\/\/agora.xtec.cat\/escolagermanesbertomeu\/wp-json\/wp\/v2\/media?parent=3267"}],"wp:term":[{"taxonomy":"category","embeddable":true,"href":"https:\/\/agora.xtec.cat\/escolagermanesbertomeu\/wp-json\/wp\/v2\/categories?post=3267"},{"taxonomy":"post_tag","embeddable":true,"href":"https:\/\/agora.xtec.cat\/escolagermanesbertomeu\/wp-json\/wp\/v2\/tags?post=3267"}],"curies":[{"name":"wp","href":"https:\/\/api.w.org\/{rel}","templated":true}]}}