{"id":3229,"date":"2024-06-10T15:07:38","date_gmt":"2024-06-10T13:07:38","guid":{"rendered":"https:\/\/agora.xtec.cat\/escolagermanesbertomeu\/?p=3229"},"modified":"2024-07-10T15:41:06","modified_gmt":"2024-07-10T13:41:06","slug":"projecte-aus-i-plomes","status":"publish","type":"post","link":"https:\/\/agora.xtec.cat\/escolagermanesbertomeu\/general\/projecte-aus-i-plomes\/","title":{"rendered":"PROJECTE: aus i plomes"},"content":{"rendered":"<p>Un dia, una nena de la Colla de les Gegantes de I4 porta molt contenta a classe una ploma que ha trobat al carrer. La resta de companys i companyes de seguida s&#8217;interessen. Aix\u00ed va comen\u00e7ar el projecte de Aus i plomes, per\u00f2 voleu saber com acaba?<\/p>\n<p style=\"text-align: center;\"><a href=\"https:\/\/drive.google.com\/file\/d\/1AhY7rbHrGl2ea76L9sKLXTZcBUrGXo9E\/view?usp=sharing\" target=\"_blank\" rel=\"noopener\"><img loading=\"lazy\" decoding=\"async\" class=\"alignnone wp-image-3232 size-full\" src=\"https:\/\/agora.xtec.cat\/escolagermanesbertomeu\/wp-content\/uploads\/usu1488\/2024\/07\/PREM-AQUI.png\" alt=\"\" width=\"345\" height=\"146\" srcset=\"https:\/\/agora.xtec.cat\/escolagermanesbertomeu\/wp-content\/uploads\/usu1488\/2024\/07\/PREM-AQUI.png 345w, https:\/\/agora.xtec.cat\/escolagermanesbertomeu\/wp-content\/uploads\/usu1488\/2024\/07\/PREM-AQUI-300x127.png 300w\" sizes=\"auto, (max-width: 345px) 100vw, 345px\" \/><\/a><\/p>\n","protected":false},"excerpt":{"rendered":"<p>Un dia, una nena de la Colla de les Gegantes de I4 porta molt contenta a classe una ploma que ha trobat al carrer. La resta de companys i companyes de seguida s&#8217;interessen. Aix\u00ed va comen\u00e7ar el projecte de Aus i plomes, per\u00f2 voleu saber&hellip;  <a href=\"https:\/\/agora.xtec.cat\/escolagermanesbertomeu\/general\/projecte-aus-i-plomes\/\" title=\"Read PROJECTE: aus i plomes\">Llegeix m\u00e9s\u00bb<\/a><\/p>\n","protected":false},"author":1,"featured_media":3233,"comment_status":"open","ping_status":"closed","sticky":false,"template":"","format":"standard","meta":{"_bbp_topic_count":0,"_bbp_reply_count":0,"_bbp_total_topic_count":0,"_bbp_total_reply_count":0,"_bbp_voice_count":0,"_bbp_anonymous_reply_count":0,"_bbp_topic_count_hidden":0,"_bbp_reply_count_hidden":0,"_bbp_forum_subforum_count":0,"footnotes":""},"categories":[55,1,2,8,4],"tags":[82,62],"class_list":["post-3229","post","type-post","status-publish","format-standard","has-post-thumbnail","hentry","category-escola","category-general","category-infantil","category-p4","category-portada","tag-documentacio","tag-projectes"],"post_mailing_queue_ids":[],"_links":{"self":[{"href":"https:\/\/agora.xtec.cat\/escolagermanesbertomeu\/wp-json\/wp\/v2\/posts\/3229","targetHints":{"allow":["GET"]}}],"collection":[{"href":"https:\/\/agora.xtec.cat\/escolagermanesbertomeu\/wp-json\/wp\/v2\/posts"}],"about":[{"href":"https:\/\/agora.xtec.cat\/escolagermanesbertomeu\/wp-json\/wp\/v2\/types\/post"}],"author":[{"embeddable":true,"href":"https:\/\/agora.xtec.cat\/escolagermanesbertomeu\/wp-json\/wp\/v2\/users\/1"}],"replies":[{"embeddable":true,"href":"https:\/\/agora.xtec.cat\/escolagermanesbertomeu\/wp-json\/wp\/v2\/comments?post=3229"}],"version-history":[{"count":2,"href":"https:\/\/agora.xtec.cat\/escolagermanesbertomeu\/wp-json\/wp\/v2\/posts\/3229\/revisions"}],"predecessor-version":[{"id":3234,"href":"https:\/\/agora.xtec.cat\/escolagermanesbertomeu\/wp-json\/wp\/v2\/posts\/3229\/revisions\/3234"}],"wp:featuredmedia":[{"embeddable":true,"href":"https:\/\/agora.xtec.cat\/escolagermanesbertomeu\/wp-json\/wp\/v2\/media\/3233"}],"wp:attachment":[{"href":"https:\/\/agora.xtec.cat\/escolagermanesbertomeu\/wp-json\/wp\/v2\/media?parent=3229"}],"wp:term":[{"taxonomy":"category","embeddable":true,"href":"https:\/\/agora.xtec.cat\/escolagermanesbertomeu\/wp-json\/wp\/v2\/categories?post=3229"},{"taxonomy":"post_tag","embeddable":true,"href":"https:\/\/agora.xtec.cat\/escolagermanesbertomeu\/wp-json\/wp\/v2\/tags?post=3229"}],"curies":[{"name":"wp","href":"https:\/\/api.w.org\/{rel}","templated":true}]}}