{"id":3154,"date":"2024-02-29T10:58:52","date_gmt":"2024-02-29T09:58:52","guid":{"rendered":"https:\/\/agora.xtec.cat\/escolagermanesbertomeu\/?p=3154"},"modified":"2024-02-29T10:58:52","modified_gmt":"2024-02-29T09:58:52","slug":"dia-internacional-de-les-llengues-maternes-2","status":"publish","type":"post","link":"https:\/\/agora.xtec.cat\/escolagermanesbertomeu\/general\/dia-internacional-de-les-llengues-maternes-2\/","title":{"rendered":"DIA INTERNACIONAL DE LES LLENG\u00dcES MATERNES"},"content":{"rendered":"<p>El dimecres 21 de febrer es va celebrar el <strong>Dia Internacional de les Lleng\u00fces Maternes<\/strong>.<\/p>\n<p>Des de l\u2019Aula d\u2019Acollida de la nostra escola vam decidir crear un mural del m\u00f3n amb uns enlla\u00e7os QR on molts dels i les alumnes del centre sortissin dient una frase en la seva llengua materna.<\/p>\n<p>Hi van participar molts infants i vam poder enregistrar en v\u00eddeo la gran diversitat cultural i ling\u00fc\u00edstica del nostre centre.<\/p>\n<p>Actualment, podem trobem el mural als passadissos del centre i animem a totes les fam\u00edlies a escanejar els codis QR, que trobareu en el mapa del m\u00f3n, per poder visualitzar els v\u00eddeos dels nostres infants parlant les seves lleng\u00fces maternes.<\/p>\n<p>&nbsp;<\/p>\n<p>A continuaci\u00f3, si feu <em>&#8220;clic&#8221;<\/em> a la imatge podreu veure el v\u00eddeo complet:<\/p>\n<p><a href=\"https:\/\/www.canva.com\/design\/DAF9VfuxzPI\/MY2k2HmMvIl2Z5oMmM3P6g\/edit\"><img loading=\"lazy\" decoding=\"async\" class=\"alignnone size-large wp-image-3155\" src=\"https:\/\/agora.xtec.cat\/escolagermanesbertomeu\/wp-content\/uploads\/usu1488\/2024\/02\/LLENGUES-MATERNES-GERBER-2024-1024x491.jpeg\" alt=\"\" width=\"1024\" height=\"491\" srcset=\"https:\/\/agora.xtec.cat\/escolagermanesbertomeu\/wp-content\/uploads\/usu1488\/2024\/02\/LLENGUES-MATERNES-GERBER-2024-1024x491.jpeg 1024w, https:\/\/agora.xtec.cat\/escolagermanesbertomeu\/wp-content\/uploads\/usu1488\/2024\/02\/LLENGUES-MATERNES-GERBER-2024-300x144.jpeg 300w, https:\/\/agora.xtec.cat\/escolagermanesbertomeu\/wp-content\/uploads\/usu1488\/2024\/02\/LLENGUES-MATERNES-GERBER-2024-768x368.jpeg 768w, https:\/\/agora.xtec.cat\/escolagermanesbertomeu\/wp-content\/uploads\/usu1488\/2024\/02\/LLENGUES-MATERNES-GERBER-2024.jpeg 1322w\" sizes=\"auto, (max-width: 1024px) 100vw, 1024px\" \/><\/a><\/p>\n","protected":false},"excerpt":{"rendered":"<p>El dimecres 21 de febrer els i les alumnes de l&#8217;escola van participar en la celebraci\u00f3 del Dia Internacional de les Lleng\u00fces Maternes.&hellip;  <a href=\"https:\/\/agora.xtec.cat\/escolagermanesbertomeu\/general\/dia-internacional-de-les-llengues-maternes-2\/\" title=\"Read DIA INTERNACIONAL DE LES LLENG\u00dcES MATERNES\">Llegeix m\u00e9s\u00bb<\/a><\/p>\n","protected":false},"author":73,"featured_media":3155,"comment_status":"open","ping_status":"closed","sticky":false,"template":"","format":"standard","meta":{"_bbp_topic_count":0,"_bbp_reply_count":0,"_bbp_total_topic_count":0,"_bbp_total_reply_count":0,"_bbp_voice_count":0,"_bbp_anonymous_reply_count":0,"_bbp_topic_count_hidden":0,"_bbp_reply_count_hidden":0,"_bbp_forum_subforum_count":0,"footnotes":""},"categories":[55,1,4],"tags":[110,140,141,124],"class_list":["post-3154","post","type-post","status-publish","format-standard","has-post-thumbnail","hentry","category-escola","category-general","category-portada","tag-aula-dacollida","tag-dilm","tag-dilm2024","tag-llengua-materna"],"post_mailing_queue_ids":[],"_links":{"self":[{"href":"https:\/\/agora.xtec.cat\/escolagermanesbertomeu\/wp-json\/wp\/v2\/posts\/3154","targetHints":{"allow":["GET"]}}],"collection":[{"href":"https:\/\/agora.xtec.cat\/escolagermanesbertomeu\/wp-json\/wp\/v2\/posts"}],"about":[{"href":"https:\/\/agora.xtec.cat\/escolagermanesbertomeu\/wp-json\/wp\/v2\/types\/post"}],"author":[{"embeddable":true,"href":"https:\/\/agora.xtec.cat\/escolagermanesbertomeu\/wp-json\/wp\/v2\/users\/73"}],"replies":[{"embeddable":true,"href":"https:\/\/agora.xtec.cat\/escolagermanesbertomeu\/wp-json\/wp\/v2\/comments?post=3154"}],"version-history":[{"count":4,"href":"https:\/\/agora.xtec.cat\/escolagermanesbertomeu\/wp-json\/wp\/v2\/posts\/3154\/revisions"}],"predecessor-version":[{"id":3159,"href":"https:\/\/agora.xtec.cat\/escolagermanesbertomeu\/wp-json\/wp\/v2\/posts\/3154\/revisions\/3159"}],"wp:featuredmedia":[{"embeddable":true,"href":"https:\/\/agora.xtec.cat\/escolagermanesbertomeu\/wp-json\/wp\/v2\/media\/3155"}],"wp:attachment":[{"href":"https:\/\/agora.xtec.cat\/escolagermanesbertomeu\/wp-json\/wp\/v2\/media?parent=3154"}],"wp:term":[{"taxonomy":"category","embeddable":true,"href":"https:\/\/agora.xtec.cat\/escolagermanesbertomeu\/wp-json\/wp\/v2\/categories?post=3154"},{"taxonomy":"post_tag","embeddable":true,"href":"https:\/\/agora.xtec.cat\/escolagermanesbertomeu\/wp-json\/wp\/v2\/tags?post=3154"}],"curies":[{"name":"wp","href":"https:\/\/api.w.org\/{rel}","templated":true}]}}