{"id":3117,"date":"2023-12-13T15:20:02","date_gmt":"2023-12-13T14:20:02","guid":{"rendered":"https:\/\/agora.xtec.cat\/escolagermanesbertomeu\/?p=3117"},"modified":"2023-12-13T16:02:44","modified_gmt":"2023-12-13T15:02:44","slug":"tapies-en-veu-alta","status":"publish","type":"post","link":"https:\/\/agora.xtec.cat\/escolagermanesbertomeu\/general\/tapies-en-veu-alta\/","title":{"rendered":"T\u00c0PIES EN VEU ALTA"},"content":{"rendered":"<p style=\"font-weight: 400;\">Avui, 13 de desembre de 2023, es commemoren 100 anys del naixement del pintor, escultor i te\u00f2ric de l\u2019art catal\u00e0 Antoni T\u00e0pies.<\/p>\n<p style=\"font-weight: 400;\">Des de l\u2019escola ens hem volgut sumar a aquest homenatge redescobrint el text <em>El joc de saber mirar<\/em> que l\u2019artista va publicar al n\u00famero 82 de la revista Cavall Fort, el gener de 1967.<\/p>\n<p style=\"font-weight: 400;\">Un text on ens convida a experimentar i a obrir els ulls i la ment a les possibilitats de la pintura, on hi cap tot\u2026 Aix\u00ed ho f\u00e9u ell, integrant a la seva obra no nom\u00e9s pigments, sin\u00f3 objectes, mat\u00e8ria i sobretot, el joc, com a part essencial: <a href=\"https:\/\/drive.google.com\/file\/d\/1GLeK1madWQpatrOdAXpqAY6iCl7M_bfW\/view?usp=sharing\" target=\"_blank\" rel=\"noopener\">presentaci\u00f3<\/a><\/p>\n<p style=\"font-weight: 400;\">#123T\u00e0pies<\/p>\n<p style=\"font-weight: 400;\">#AnyT\u00e0pies<\/p>\n","protected":false},"excerpt":{"rendered":"<p>Avui, 13 de desembre de 2023, es commemoren 100 anys del naixement del pintor, escultor i te\u00f2ric de l\u2019art catal\u00e0 Antoni T\u00e0pies.<\/p>\n<p>Vols saber com podem participar de la commemoraci\u00f3?<br \/>\n#123T\u00e0pies\u00a0<br \/>\n#AnyT\u00e0pies\u00a0&hellip;  <a href=\"https:\/\/agora.xtec.cat\/escolagermanesbertomeu\/general\/tapies-en-veu-alta\/\" title=\"Read T\u00c0PIES EN VEU ALTA\">Llegeix m\u00e9s\u00bb<\/a><\/p>\n","protected":false},"author":1,"featured_media":3118,"comment_status":"open","ping_status":"closed","sticky":false,"template":"","format":"standard","meta":{"_bbp_topic_count":0,"_bbp_reply_count":0,"_bbp_total_topic_count":0,"_bbp_total_reply_count":0,"_bbp_voice_count":0,"_bbp_anonymous_reply_count":0,"_bbp_topic_count_hidden":0,"_bbp_reply_count_hidden":0,"_bbp_forum_subforum_count":0,"footnotes":""},"categories":[55,1,4],"tags":[90],"class_list":["post-3117","post","type-post","status-publish","format-standard","has-post-thumbnail","hentry","category-escola","category-general","category-portada","tag-biblioteca"],"post_mailing_queue_ids":[],"_links":{"self":[{"href":"https:\/\/agora.xtec.cat\/escolagermanesbertomeu\/wp-json\/wp\/v2\/posts\/3117","targetHints":{"allow":["GET"]}}],"collection":[{"href":"https:\/\/agora.xtec.cat\/escolagermanesbertomeu\/wp-json\/wp\/v2\/posts"}],"about":[{"href":"https:\/\/agora.xtec.cat\/escolagermanesbertomeu\/wp-json\/wp\/v2\/types\/post"}],"author":[{"embeddable":true,"href":"https:\/\/agora.xtec.cat\/escolagermanesbertomeu\/wp-json\/wp\/v2\/users\/1"}],"replies":[{"embeddable":true,"href":"https:\/\/agora.xtec.cat\/escolagermanesbertomeu\/wp-json\/wp\/v2\/comments?post=3117"}],"version-history":[{"count":3,"href":"https:\/\/agora.xtec.cat\/escolagermanesbertomeu\/wp-json\/wp\/v2\/posts\/3117\/revisions"}],"predecessor-version":[{"id":3121,"href":"https:\/\/agora.xtec.cat\/escolagermanesbertomeu\/wp-json\/wp\/v2\/posts\/3117\/revisions\/3121"}],"wp:featuredmedia":[{"embeddable":true,"href":"https:\/\/agora.xtec.cat\/escolagermanesbertomeu\/wp-json\/wp\/v2\/media\/3118"}],"wp:attachment":[{"href":"https:\/\/agora.xtec.cat\/escolagermanesbertomeu\/wp-json\/wp\/v2\/media?parent=3117"}],"wp:term":[{"taxonomy":"category","embeddable":true,"href":"https:\/\/agora.xtec.cat\/escolagermanesbertomeu\/wp-json\/wp\/v2\/categories?post=3117"},{"taxonomy":"post_tag","embeddable":true,"href":"https:\/\/agora.xtec.cat\/escolagermanesbertomeu\/wp-json\/wp\/v2\/tags?post=3117"}],"curies":[{"name":"wp","href":"https:\/\/api.w.org\/{rel}","templated":true}]}}