{"id":3074,"date":"2023-07-21T13:16:51","date_gmt":"2023-07-21T11:16:51","guid":{"rendered":"https:\/\/agora.xtec.cat\/escolagermanesbertomeu\/?p=3074"},"modified":"2023-07-21T13:16:51","modified_gmt":"2023-07-21T11:16:51","slug":"projecte-educo","status":"publish","type":"post","link":"https:\/\/agora.xtec.cat\/escolagermanesbertomeu\/general\/projecte-educo\/","title":{"rendered":"Projecte EDUCO"},"content":{"rendered":"<p>Durant el curs 2022-23 s&#8217;ha iniciat un <strong>projecte de dinamitzaci\u00f3 del temps del migdia<\/strong> amb l&#8217;ONG EDUCO amb la qual mantenim un conveni ja fa molts anys.<\/p>\n<p>Hi han participat moltes persones representant els diferents sectors: alumnes, fam\u00edlies, monitores de menjador, coordinadora, mestres, Equip Directiu i Equip Social. Entre totes s&#8217;han identificat les febleses, establert els objectius i proposat les mesures de millora.<\/p>\n<p>El curs seg\u00fcent continuar\u00e0 per poder assolir els objectius de millora proposats entre tots i totes.<\/p>\n<p>Podeu veure qu\u00e8 s&#8217;ha fet fins ara en aquesta documentaci\u00f3:\u00a0<a href=\"https:\/\/agora.xtec.cat\/escolagermanesbertomeu\/wp-content\/uploads\/usu1488\/2023\/07\/Escola-Germanes-Bertomeu_Projecte-Equitat-Educativa-Migdia_2022-23.pdf\">Projecte Equitat Educativa Migdia_2022-23<\/a><\/p>\n","protected":false},"excerpt":{"rendered":"<p>Durant el curs 2022-23 s&#8217;ha iniciat un projecte de dinamitzaci\u00f3 del temps del migdia amb l&#8217;ONG EDUCO amb la qual mantenim un conveni ja fa molts anys. El curs seg\u00fcent continuar\u00e0 per poder assolir els objectius de millora proposats entre tots i totes. Voleu veure qu\u00e8 s&#8217;ha fet fins ara?&hellip;  <a href=\"https:\/\/agora.xtec.cat\/escolagermanesbertomeu\/general\/projecte-educo\/\" title=\"Read Projecte EDUCO\">Llegeix m\u00e9s\u00bb<\/a><\/p>\n","protected":false},"author":1,"featured_media":3075,"comment_status":"open","ping_status":"closed","sticky":false,"template":"","format":"standard","meta":{"_bbp_topic_count":0,"_bbp_reply_count":0,"_bbp_total_topic_count":0,"_bbp_total_reply_count":0,"_bbp_voice_count":0,"_bbp_anonymous_reply_count":0,"_bbp_topic_count_hidden":0,"_bbp_reply_count_hidden":0,"_bbp_forum_subforum_count":0,"footnotes":""},"categories":[7,55,1,4],"tags":[134,135],"class_list":["post-3074","post","type-post","status-publish","format-standard","has-post-thumbnail","hentry","category-afa","category-escola","category-general","category-portada","tag-afa","tag-menjador"],"post_mailing_queue_ids":[],"_links":{"self":[{"href":"https:\/\/agora.xtec.cat\/escolagermanesbertomeu\/wp-json\/wp\/v2\/posts\/3074","targetHints":{"allow":["GET"]}}],"collection":[{"href":"https:\/\/agora.xtec.cat\/escolagermanesbertomeu\/wp-json\/wp\/v2\/posts"}],"about":[{"href":"https:\/\/agora.xtec.cat\/escolagermanesbertomeu\/wp-json\/wp\/v2\/types\/post"}],"author":[{"embeddable":true,"href":"https:\/\/agora.xtec.cat\/escolagermanesbertomeu\/wp-json\/wp\/v2\/users\/1"}],"replies":[{"embeddable":true,"href":"https:\/\/agora.xtec.cat\/escolagermanesbertomeu\/wp-json\/wp\/v2\/comments?post=3074"}],"version-history":[{"count":1,"href":"https:\/\/agora.xtec.cat\/escolagermanesbertomeu\/wp-json\/wp\/v2\/posts\/3074\/revisions"}],"predecessor-version":[{"id":3076,"href":"https:\/\/agora.xtec.cat\/escolagermanesbertomeu\/wp-json\/wp\/v2\/posts\/3074\/revisions\/3076"}],"wp:featuredmedia":[{"embeddable":true,"href":"https:\/\/agora.xtec.cat\/escolagermanesbertomeu\/wp-json\/wp\/v2\/media\/3075"}],"wp:attachment":[{"href":"https:\/\/agora.xtec.cat\/escolagermanesbertomeu\/wp-json\/wp\/v2\/media?parent=3074"}],"wp:term":[{"taxonomy":"category","embeddable":true,"href":"https:\/\/agora.xtec.cat\/escolagermanesbertomeu\/wp-json\/wp\/v2\/categories?post=3074"},{"taxonomy":"post_tag","embeddable":true,"href":"https:\/\/agora.xtec.cat\/escolagermanesbertomeu\/wp-json\/wp\/v2\/tags?post=3074"}],"curies":[{"name":"wp","href":"https:\/\/api.w.org\/{rel}","templated":true}]}}