{"id":2958,"date":"2023-04-12T16:54:13","date_gmt":"2023-04-12T14:54:13","guid":{"rendered":"https:\/\/agora.xtec.cat\/escolagermanesbertomeu\/?p=2958"},"modified":"2023-04-12T16:55:24","modified_gmt":"2023-04-12T14:55:24","slug":"projecte-les-aus","status":"publish","type":"post","link":"https:\/\/agora.xtec.cat\/escolagermanesbertomeu\/general\/projecte-les-aus\/","title":{"rendered":"PROJECTE: les aus"},"content":{"rendered":"<p>Un grup d\u2019infants de 2nB va comen\u00e7ar a interessar-se i molt per les aus. Com els adults de l&#8217;escola no en som gaire experts, vam aconseguir fer venir en Luard, un ornit\u00f2leg afeccionat molt simp\u00e0tic. Amb aquesta energia i motivaci\u00f3 es va engegar un projecte que ara podeu veure aqu\u00ed:<\/p>\n<p><a href=\"https:\/\/agora.xtec.cat\/escolagermanesbertomeu\/wp-content\/uploads\/usu1488\/2023\/04\/Projecte_Les-Aus_2nB.pdf\"><img loading=\"lazy\" decoding=\"async\" class=\"aligncenter wp-image-2091\" src=\"https:\/\/agora.xtec.cat\/escolagermanesbertomeu\/wp-content\/uploads\/usu1488\/2019\/12\/baixa.jpg\" alt=\"\" width=\"112\" height=\"112\" srcset=\"https:\/\/agora.xtec.cat\/escolagermanesbertomeu\/wp-content\/uploads\/usu1488\/2019\/12\/baixa.jpg 225w, https:\/\/agora.xtec.cat\/escolagermanesbertomeu\/wp-content\/uploads\/usu1488\/2019\/12\/baixa-150x150.jpg 150w\" sizes=\"auto, (max-width: 112px) 100vw, 112px\" \/><\/a><\/p>\n","protected":false},"excerpt":{"rendered":"<p>Un grup d\u2019infants de 2nB va comen\u00e7ar a interessar-se i molt per les aus.\u00a0Amb aquesta motivaci\u00f3 es va engegar un projecte que ara podeu veure aqu\u00ed.&hellip;  <a href=\"https:\/\/agora.xtec.cat\/escolagermanesbertomeu\/general\/projecte-les-aus\/\" title=\"Read PROJECTE: les aus\">Llegeix m\u00e9s\u00bb<\/a><\/p>\n","protected":false},"author":1,"featured_media":2959,"comment_status":"open","ping_status":"closed","sticky":false,"template":"","format":"standard","meta":{"_bbp_topic_count":0,"_bbp_reply_count":0,"_bbp_total_topic_count":0,"_bbp_total_reply_count":0,"_bbp_voice_count":0,"_bbp_anonymous_reply_count":0,"_bbp_topic_count_hidden":0,"_bbp_reply_count_hidden":0,"_bbp_forum_subforum_count":0,"footnotes":""},"categories":[10,55,1,4,5],"tags":[82,62],"class_list":["post-2958","post","type-post","status-publish","format-standard","has-post-thumbnail","hentry","category-2n","category-escola","category-general","category-portada","category-primaria","tag-documentacio","tag-projectes"],"post_mailing_queue_ids":[],"_links":{"self":[{"href":"https:\/\/agora.xtec.cat\/escolagermanesbertomeu\/wp-json\/wp\/v2\/posts\/2958","targetHints":{"allow":["GET"]}}],"collection":[{"href":"https:\/\/agora.xtec.cat\/escolagermanesbertomeu\/wp-json\/wp\/v2\/posts"}],"about":[{"href":"https:\/\/agora.xtec.cat\/escolagermanesbertomeu\/wp-json\/wp\/v2\/types\/post"}],"author":[{"embeddable":true,"href":"https:\/\/agora.xtec.cat\/escolagermanesbertomeu\/wp-json\/wp\/v2\/users\/1"}],"replies":[{"embeddable":true,"href":"https:\/\/agora.xtec.cat\/escolagermanesbertomeu\/wp-json\/wp\/v2\/comments?post=2958"}],"version-history":[{"count":2,"href":"https:\/\/agora.xtec.cat\/escolagermanesbertomeu\/wp-json\/wp\/v2\/posts\/2958\/revisions"}],"predecessor-version":[{"id":2961,"href":"https:\/\/agora.xtec.cat\/escolagermanesbertomeu\/wp-json\/wp\/v2\/posts\/2958\/revisions\/2961"}],"wp:featuredmedia":[{"embeddable":true,"href":"https:\/\/agora.xtec.cat\/escolagermanesbertomeu\/wp-json\/wp\/v2\/media\/2959"}],"wp:attachment":[{"href":"https:\/\/agora.xtec.cat\/escolagermanesbertomeu\/wp-json\/wp\/v2\/media?parent=2958"}],"wp:term":[{"taxonomy":"category","embeddable":true,"href":"https:\/\/agora.xtec.cat\/escolagermanesbertomeu\/wp-json\/wp\/v2\/categories?post=2958"},{"taxonomy":"post_tag","embeddable":true,"href":"https:\/\/agora.xtec.cat\/escolagermanesbertomeu\/wp-json\/wp\/v2\/tags?post=2958"}],"curies":[{"name":"wp","href":"https:\/\/api.w.org\/{rel}","templated":true}]}}