{"id":2817,"date":"2023-02-02T15:38:44","date_gmt":"2023-02-02T14:38:44","guid":{"rendered":"https:\/\/agora.xtec.cat\/escolagermanesbertomeu\/?p=2817"},"modified":"2023-02-02T15:38:44","modified_gmt":"2023-02-02T14:38:44","slug":"projecte-trobem-cucs-a-la-font-canvi-climatic","status":"publish","type":"post","link":"https:\/\/agora.xtec.cat\/escolagermanesbertomeu\/general\/projecte-trobem-cucs-a-la-font-canvi-climatic\/","title":{"rendered":"PROJECTE: trobem cucs a la font \/ canvi clim\u00e0tic"},"content":{"rendered":"<p>Per fomentar les<strong>\u00a0ci\u00e8ncies<\/strong>, i dins de la setmana internacional d\u2019aquesta, l\u2019escola porta a terme a totes les aules projectes d\u2019investigaci\u00f3 emprant el\u00a0<strong>m\u00e8tode cient\u00edfic<\/strong>. L\u2019escola es transforma en un museu interactiu i durant uns dies fam\u00edlies i grups-classe visiten les experi\u00e8ncies que els mateixos infants els expliquen.\u00a0Ho anomenem\u00a0<strong>Bertoci\u00e8ncies<\/strong>, projecte vertical amb una llarga tradici\u00f3 al centre.<\/p>\n<p>En aquest context, els\u00a0<strong>infants de 1rA<\/strong> van engegar dues investigacions: una al voltant de <strong>la font<\/strong> del pati, on van trobar unes larves, i l&#8217;altra sobre el <strong>canvi clim\u00e0tic<\/strong> i com podem prevenir-lo. Voleu saber m\u00e9s? Cliqueu a l\u2019enlla\u00e7 amb la documentaci\u00f3 sobre els projectes!<\/p>\n<p><a href=\"https:\/\/agora.xtec.cat\/escolagermanesbertomeu\/wp-content\/uploads\/usu1488\/2023\/02\/Bertociencies-1rA-2022.pdf\"><img loading=\"lazy\" decoding=\"async\" class=\"aligncenter wp-image-2091\" src=\"https:\/\/agora.xtec.cat\/escolagermanesbertomeu\/wp-content\/uploads\/usu1488\/2019\/12\/baixa.jpg\" alt=\"\" width=\"118\" height=\"118\" srcset=\"https:\/\/agora.xtec.cat\/escolagermanesbertomeu\/wp-content\/uploads\/usu1488\/2019\/12\/baixa.jpg 225w, https:\/\/agora.xtec.cat\/escolagermanesbertomeu\/wp-content\/uploads\/usu1488\/2019\/12\/baixa-150x150.jpg 150w\" sizes=\"auto, (max-width: 118px) 100vw, 118px\" \/><\/a><\/p>\n","protected":false},"excerpt":{"rendered":"<p>Voleu con\u00e8ixer el projecte de Bertoci\u00e8ncies que van fer els infants de 1rA al voltant de la font del pati i el canvi clim\u00e0tic?&hellip;  <a href=\"https:\/\/agora.xtec.cat\/escolagermanesbertomeu\/general\/projecte-trobem-cucs-a-la-font-canvi-climatic\/\" title=\"Read PROJECTE: trobem cucs a la font \/ canvi clim\u00e0tic\">Llegeix m\u00e9s\u00bb<\/a><\/p>\n","protected":false},"author":1,"featured_media":2819,"comment_status":"open","ping_status":"closed","sticky":false,"template":"","format":"standard","meta":{"_bbp_topic_count":0,"_bbp_reply_count":0,"_bbp_total_topic_count":0,"_bbp_total_reply_count":0,"_bbp_voice_count":0,"_bbp_anonymous_reply_count":0,"_bbp_topic_count_hidden":0,"_bbp_reply_count_hidden":0,"_bbp_forum_subforum_count":0,"footnotes":""},"categories":[9,55,1,4,5],"tags":[86,82,62],"class_list":["post-2817","post","type-post","status-publish","format-standard","has-post-thumbnail","hentry","category-1r","category-escola","category-general","category-portada","category-primaria","tag-bertociencies","tag-documentacio","tag-projectes"],"post_mailing_queue_ids":[],"_links":{"self":[{"href":"https:\/\/agora.xtec.cat\/escolagermanesbertomeu\/wp-json\/wp\/v2\/posts\/2817","targetHints":{"allow":["GET"]}}],"collection":[{"href":"https:\/\/agora.xtec.cat\/escolagermanesbertomeu\/wp-json\/wp\/v2\/posts"}],"about":[{"href":"https:\/\/agora.xtec.cat\/escolagermanesbertomeu\/wp-json\/wp\/v2\/types\/post"}],"author":[{"embeddable":true,"href":"https:\/\/agora.xtec.cat\/escolagermanesbertomeu\/wp-json\/wp\/v2\/users\/1"}],"replies":[{"embeddable":true,"href":"https:\/\/agora.xtec.cat\/escolagermanesbertomeu\/wp-json\/wp\/v2\/comments?post=2817"}],"version-history":[{"count":2,"href":"https:\/\/agora.xtec.cat\/escolagermanesbertomeu\/wp-json\/wp\/v2\/posts\/2817\/revisions"}],"predecessor-version":[{"id":2821,"href":"https:\/\/agora.xtec.cat\/escolagermanesbertomeu\/wp-json\/wp\/v2\/posts\/2817\/revisions\/2821"}],"wp:featuredmedia":[{"embeddable":true,"href":"https:\/\/agora.xtec.cat\/escolagermanesbertomeu\/wp-json\/wp\/v2\/media\/2819"}],"wp:attachment":[{"href":"https:\/\/agora.xtec.cat\/escolagermanesbertomeu\/wp-json\/wp\/v2\/media?parent=2817"}],"wp:term":[{"taxonomy":"category","embeddable":true,"href":"https:\/\/agora.xtec.cat\/escolagermanesbertomeu\/wp-json\/wp\/v2\/categories?post=2817"},{"taxonomy":"post_tag","embeddable":true,"href":"https:\/\/agora.xtec.cat\/escolagermanesbertomeu\/wp-json\/wp\/v2\/tags?post=2817"}],"curies":[{"name":"wp","href":"https:\/\/api.w.org\/{rel}","templated":true}]}}