{"id":2813,"date":"2023-02-02T13:05:52","date_gmt":"2023-02-02T12:05:52","guid":{"rendered":"https:\/\/agora.xtec.cat\/escolagermanesbertomeu\/?p=2813"},"modified":"2023-02-02T13:05:52","modified_gmt":"2023-02-02T12:05:52","slug":"projecte-les-heures","status":"publish","type":"post","link":"https:\/\/agora.xtec.cat\/escolagermanesbertomeu\/general\/projecte-les-heures\/","title":{"rendered":"PROJECTE: les heures"},"content":{"rendered":"<p>Per fomentar les<strong> ci\u00e8ncies<\/strong>, i dins de la setmana internacional d&#8217;aquesta, l&#8217;escola porta a terme a totes les aules projectes d&#8217;investigaci\u00f3 emprant el <strong>m\u00e8tode cient\u00edfic<\/strong>. L&#8217;escola es transforma en un museu interactiu i durant uns dies fam\u00edlies i grups-classe visiten les experi\u00e8ncies que els mateixos infants els expliquen.\u00a0Ho anomenem <strong>Bertoci\u00e8ncies<\/strong>, projecte vertical amb una llarga tradici\u00f3 al centre.<\/p>\n<p>En aquest context, els <strong>infants de 1rB<\/strong> van preguntar-se coses al voltant de les <strong>heures<\/strong>, aquesta planta enfiladissa que podem trobar arreu. Voleu saber m\u00e9s? Cliqueu a l&#8217;enlla\u00e7 amb la documentaci\u00f3 sobre el projecte!<\/p>\n<p style=\"text-align: center;\"><a href=\"https:\/\/agora.xtec.cat\/escolagermanesbertomeu\/wp-content\/uploads\/usu1488\/2023\/02\/1rB_Per-que-lheura-puja-per-larbre.pdf\"><img loading=\"lazy\" decoding=\"async\" class=\"aligncenter wp-image-2091\" src=\"https:\/\/agora.xtec.cat\/escolagermanesbertomeu\/wp-content\/uploads\/usu1488\/2019\/12\/baixa.jpg\" alt=\"\" width=\"116\" height=\"116\" srcset=\"https:\/\/agora.xtec.cat\/escolagermanesbertomeu\/wp-content\/uploads\/usu1488\/2019\/12\/baixa.jpg 225w, https:\/\/agora.xtec.cat\/escolagermanesbertomeu\/wp-content\/uploads\/usu1488\/2019\/12\/baixa-150x150.jpg 150w\" sizes=\"auto, (max-width: 116px) 100vw, 116px\" \/><\/a><\/p>\n","protected":false},"excerpt":{"rendered":"<p>Voleu con\u00e8ixer el projecte de Bertoci\u00e8ncies que van fer els infants de 1rB al voltant de les heures?&hellip;  <a href=\"https:\/\/agora.xtec.cat\/escolagermanesbertomeu\/general\/projecte-les-heures\/\" title=\"Read PROJECTE: les heures\">Llegeix m\u00e9s\u00bb<\/a><\/p>\n","protected":false},"author":1,"featured_media":2814,"comment_status":"open","ping_status":"closed","sticky":false,"template":"","format":"standard","meta":{"_bbp_topic_count":0,"_bbp_reply_count":0,"_bbp_total_topic_count":0,"_bbp_total_reply_count":0,"_bbp_voice_count":0,"_bbp_anonymous_reply_count":0,"_bbp_topic_count_hidden":0,"_bbp_reply_count_hidden":0,"_bbp_forum_subforum_count":0,"footnotes":""},"categories":[9,55,1,4,5],"tags":[86,82,62],"class_list":["post-2813","post","type-post","status-publish","format-standard","has-post-thumbnail","hentry","category-1r","category-escola","category-general","category-portada","category-primaria","tag-bertociencies","tag-documentacio","tag-projectes"],"post_mailing_queue_ids":[],"_links":{"self":[{"href":"https:\/\/agora.xtec.cat\/escolagermanesbertomeu\/wp-json\/wp\/v2\/posts\/2813","targetHints":{"allow":["GET"]}}],"collection":[{"href":"https:\/\/agora.xtec.cat\/escolagermanesbertomeu\/wp-json\/wp\/v2\/posts"}],"about":[{"href":"https:\/\/agora.xtec.cat\/escolagermanesbertomeu\/wp-json\/wp\/v2\/types\/post"}],"author":[{"embeddable":true,"href":"https:\/\/agora.xtec.cat\/escolagermanesbertomeu\/wp-json\/wp\/v2\/users\/1"}],"replies":[{"embeddable":true,"href":"https:\/\/agora.xtec.cat\/escolagermanesbertomeu\/wp-json\/wp\/v2\/comments?post=2813"}],"version-history":[{"count":1,"href":"https:\/\/agora.xtec.cat\/escolagermanesbertomeu\/wp-json\/wp\/v2\/posts\/2813\/revisions"}],"predecessor-version":[{"id":2816,"href":"https:\/\/agora.xtec.cat\/escolagermanesbertomeu\/wp-json\/wp\/v2\/posts\/2813\/revisions\/2816"}],"wp:featuredmedia":[{"embeddable":true,"href":"https:\/\/agora.xtec.cat\/escolagermanesbertomeu\/wp-json\/wp\/v2\/media\/2814"}],"wp:attachment":[{"href":"https:\/\/agora.xtec.cat\/escolagermanesbertomeu\/wp-json\/wp\/v2\/media?parent=2813"}],"wp:term":[{"taxonomy":"category","embeddable":true,"href":"https:\/\/agora.xtec.cat\/escolagermanesbertomeu\/wp-json\/wp\/v2\/categories?post=2813"},{"taxonomy":"post_tag","embeddable":true,"href":"https:\/\/agora.xtec.cat\/escolagermanesbertomeu\/wp-json\/wp\/v2\/tags?post=2813"}],"curies":[{"name":"wp","href":"https:\/\/api.w.org\/{rel}","templated":true}]}}