{"id":2789,"date":"2023-01-19T13:42:59","date_gmt":"2023-01-19T12:42:59","guid":{"rendered":"https:\/\/agora.xtec.cat\/escolagermanesbertomeu\/?p=2789"},"modified":"2023-01-19T13:43:13","modified_gmt":"2023-01-19T12:43:13","slug":"projecte-la-lluna","status":"publish","type":"post","link":"https:\/\/agora.xtec.cat\/escolagermanesbertomeu\/general\/projecte-la-lluna\/","title":{"rendered":"PROJECTE: la Lluna"},"content":{"rendered":"<p>A partir d&#8217;una curiositat que va compartir una alumna de 6\u00e8 a l&#8217;aula, un petit grup d&#8217;infants van iniciar una investigaci\u00f3 al voltant del nostre sat\u00e8l\u00b7lit. Van sorgir m\u00e9s inc\u00f2gnites al grupet que, amb l&#8217;acompanyament de l&#8217;adult, van poder resoldre.<\/p>\n<p>I \u00e9s que, qui no ha quedat mai captivat per l&#8217;atracci\u00f3 de la Lluna?<a href=\"https:\/\/agora.xtec.cat\/escolagermanesbertomeu\/wp-content\/uploads\/usu1488\/2023\/01\/Projecte-La-lluna.pdf\" target=\"_blank\" rel=\"https:\/\/agora.xtec.cat\/escolagermanesbertomeu\/wp-content\/uploads\/usu1488\/2023\/01\/Projecte-La-lluna.pdf noopener\"><img loading=\"lazy\" decoding=\"async\" class=\"aligncenter wp-image-2091\" src=\"https:\/\/agora.xtec.cat\/escolagermanesbertomeu\/wp-content\/uploads\/usu1488\/2019\/12\/baixa.jpg\" alt=\"\" width=\"115\" height=\"115\" srcset=\"https:\/\/agora.xtec.cat\/escolagermanesbertomeu\/wp-content\/uploads\/usu1488\/2019\/12\/baixa.jpg 225w, https:\/\/agora.xtec.cat\/escolagermanesbertomeu\/wp-content\/uploads\/usu1488\/2019\/12\/baixa-150x150.jpg 150w\" sizes=\"auto, (max-width: 115px) 100vw, 115px\" \/><\/a><\/p>\n","protected":false},"excerpt":{"rendered":"<p>A partir d&#8217;una curiositat que va compartir una alumna de 6\u00e8 a l&#8217;aula, un petit grup d&#8217;infants van iniciar una investigaci\u00f3 al voltant del nostre sat\u00e8l\u00b7lit. Van sorgir m\u00e9s inc\u00f2gnites al grupet que, amb l&#8217;acompanyament de l&#8217;adult, van poder resoldre.<\/p>\n<p>I \u00e9s que, qui no ha quedat mai captivat per l&#8217;atracci\u00f3 de la Lluna?&hellip;  <a href=\"https:\/\/agora.xtec.cat\/escolagermanesbertomeu\/general\/projecte-la-lluna\/\" title=\"Read PROJECTE: la Lluna\">Llegeix m\u00e9s\u00bb<\/a><\/p>\n","protected":false},"author":1,"featured_media":2790,"comment_status":"open","ping_status":"closed","sticky":false,"template":"","format":"standard","meta":{"_bbp_topic_count":0,"_bbp_reply_count":0,"_bbp_total_topic_count":0,"_bbp_total_reply_count":0,"_bbp_voice_count":0,"_bbp_anonymous_reply_count":0,"_bbp_topic_count_hidden":0,"_bbp_reply_count_hidden":0,"_bbp_forum_subforum_count":0,"footnotes":""},"categories":[14,55,1,4,5],"tags":[114,115,82,62,102],"class_list":["post-2789","post","type-post","status-publish","format-standard","has-post-thumbnail","hentry","category-6e","category-escola","category-general","category-portada","category-primaria","tag-6e","tag-cicle-superior","tag-documentacio","tag-projectes","tag-promocio-2014-2023"],"post_mailing_queue_ids":[],"_links":{"self":[{"href":"https:\/\/agora.xtec.cat\/escolagermanesbertomeu\/wp-json\/wp\/v2\/posts\/2789","targetHints":{"allow":["GET"]}}],"collection":[{"href":"https:\/\/agora.xtec.cat\/escolagermanesbertomeu\/wp-json\/wp\/v2\/posts"}],"about":[{"href":"https:\/\/agora.xtec.cat\/escolagermanesbertomeu\/wp-json\/wp\/v2\/types\/post"}],"author":[{"embeddable":true,"href":"https:\/\/agora.xtec.cat\/escolagermanesbertomeu\/wp-json\/wp\/v2\/users\/1"}],"replies":[{"embeddable":true,"href":"https:\/\/agora.xtec.cat\/escolagermanesbertomeu\/wp-json\/wp\/v2\/comments?post=2789"}],"version-history":[{"count":3,"href":"https:\/\/agora.xtec.cat\/escolagermanesbertomeu\/wp-json\/wp\/v2\/posts\/2789\/revisions"}],"predecessor-version":[{"id":2795,"href":"https:\/\/agora.xtec.cat\/escolagermanesbertomeu\/wp-json\/wp\/v2\/posts\/2789\/revisions\/2795"}],"wp:featuredmedia":[{"embeddable":true,"href":"https:\/\/agora.xtec.cat\/escolagermanesbertomeu\/wp-json\/wp\/v2\/media\/2790"}],"wp:attachment":[{"href":"https:\/\/agora.xtec.cat\/escolagermanesbertomeu\/wp-json\/wp\/v2\/media?parent=2789"}],"wp:term":[{"taxonomy":"category","embeddable":true,"href":"https:\/\/agora.xtec.cat\/escolagermanesbertomeu\/wp-json\/wp\/v2\/categories?post=2789"},{"taxonomy":"post_tag","embeddable":true,"href":"https:\/\/agora.xtec.cat\/escolagermanesbertomeu\/wp-json\/wp\/v2\/tags?post=2789"}],"curies":[{"name":"wp","href":"https:\/\/api.w.org\/{rel}","templated":true}]}}