{"id":2779,"date":"2022-12-07T12:03:55","date_gmt":"2022-12-07T11:03:55","guid":{"rendered":"https:\/\/agora.xtec.cat\/escolagermanesbertomeu\/?p=2779"},"modified":"2022-12-07T12:03:55","modified_gmt":"2022-12-07T11:03:55","slug":"escoles-sentinella-conclusions-de-lestudi","status":"publish","type":"post","link":"https:\/\/agora.xtec.cat\/escolagermanesbertomeu\/general\/escoles-sentinella-conclusions-de-lestudi\/","title":{"rendered":"Escoles Sentinella: conclusions de l&#8217;estudi"},"content":{"rendered":"<p>Com recordareu, l&#8217;escola es va sumar el curs passat a la xarxa de centres educatius que monitorejaven<strong> l&#8217;impacte de la COVID19<\/strong> a les comunitats educatives: les <a href=\"https:\/\/escolessentinella.cat\/\" target=\"_blank\" rel=\"noopener\">Escoles Sentinella<\/a>. La iniciativa desenvolupava dues grans l\u00ednies d&#8217;actuaci\u00f3:<\/p>\n<ol>\n<li><strong>Avaluaci\u00f3 ambiental sobre la qualitat de l&#8217;aire<\/strong> a les aules. Mesurant la temperatura i la pres\u00e8ncia de CO<sub>2<\/sub> a les aules, vam establir el r\u00e8gim d&#8217;obertura de les finestres i portes.<\/li>\n<li><strong>Recerca participativa sobre l&#8217;impacte de la salut mental<\/strong>. Vam enquestar alumnes, fam\u00edlies i personal laboral del centre a principis i a finals de curs.<\/li>\n<\/ol>\n<p style=\"font-weight: 400;\">Despr\u00e9s de mesos de preparaci\u00f3, ens fa molta il\u00b7lusi\u00f3 compartir-vos l\u2019informe amb els principals resultats del curs 2021-2022 en el marc del projecte d\u2019Escoles Sentinella. Us volem reiterar l\u2019agra\u00efment pel vostre suport i col\u00b7laboraci\u00f3 amb el projecte, i fer-vos part\u00edcips dels resultats, conclusions i recomanacions obtingudes.<\/p>\n<p style=\"font-weight: 400;\">Us enllacem als seg\u00fcents documents p\u00fablics i compartim un v\u00eddeo resum.<\/p>\n<ul>\n<li style=\"font-weight: 400;\"><a href=\"https:\/\/agora.xtec.cat\/escolagermanesbertomeu\/wp-content\/uploads\/usu1488\/2022\/12\/Informe-Escoles-Sentinella_2021-2022.pdf\">Informe Escoles Sentinella_2021-2022<\/a><\/li>\n<li style=\"font-weight: 400;\"><a href=\"https:\/\/agora.xtec.cat\/escolagermanesbertomeu\/wp-content\/uploads\/usu1488\/2022\/12\/Infografia-Escoles-Sentinella_2021-2022-1.pdf\">Infografia Escoles Sentinella_2021-2022<\/a><\/li>\n<\/ul>\n<p><iframe loading=\"lazy\" title=\"Escoles Sentinella\" width=\"500\" height=\"281\" src=\"https:\/\/www.youtube.com\/embed\/xeaN2FZdWVs?feature=oembed\" frameborder=\"0\" allow=\"accelerometer; autoplay; clipboard-write; encrypted-media; gyroscope; picture-in-picture; web-share\" referrerpolicy=\"strict-origin-when-cross-origin\" allowfullscreen><\/iframe><\/p>\n","protected":false},"excerpt":{"rendered":"<p>Ens fa molta il\u00b7lusi\u00f3 compartir-vos l\u2019informe amb els principals resultats del curs 2021-2022 en el marc del projecte d\u2019Escoles Sentinella. Us volem reiterar l\u2019agra\u00efment pel vostre suport i col\u00b7laboraci\u00f3 amb el projecte, i fer-vos part\u00edcips dels resultats, conclusions i recomanacions obtingudes.&hellip;  <a href=\"https:\/\/agora.xtec.cat\/escolagermanesbertomeu\/general\/escoles-sentinella-conclusions-de-lestudi\/\" title=\"Read Escoles Sentinella: conclusions de l&#8217;estudi\">Llegeix m\u00e9s\u00bb<\/a><\/p>\n","protected":false},"author":1,"featured_media":2780,"comment_status":"open","ping_status":"closed","sticky":false,"template":"","format":"standard","meta":{"_bbp_topic_count":0,"_bbp_reply_count":0,"_bbp_total_topic_count":0,"_bbp_total_reply_count":0,"_bbp_voice_count":0,"_bbp_anonymous_reply_count":0,"_bbp_topic_count_hidden":0,"_bbp_reply_count_hidden":0,"_bbp_forum_subforum_count":0,"footnotes":""},"categories":[7,55,1,2,4,5],"tags":[113,132],"class_list":["post-2779","post","type-post","status-publish","format-standard","has-post-thumbnail","hentry","category-afa","category-escola","category-general","category-infantil","category-portada","category-primaria","tag-familes","tag-salut"],"post_mailing_queue_ids":[],"_links":{"self":[{"href":"https:\/\/agora.xtec.cat\/escolagermanesbertomeu\/wp-json\/wp\/v2\/posts\/2779","targetHints":{"allow":["GET"]}}],"collection":[{"href":"https:\/\/agora.xtec.cat\/escolagermanesbertomeu\/wp-json\/wp\/v2\/posts"}],"about":[{"href":"https:\/\/agora.xtec.cat\/escolagermanesbertomeu\/wp-json\/wp\/v2\/types\/post"}],"author":[{"embeddable":true,"href":"https:\/\/agora.xtec.cat\/escolagermanesbertomeu\/wp-json\/wp\/v2\/users\/1"}],"replies":[{"embeddable":true,"href":"https:\/\/agora.xtec.cat\/escolagermanesbertomeu\/wp-json\/wp\/v2\/comments?post=2779"}],"version-history":[{"count":1,"href":"https:\/\/agora.xtec.cat\/escolagermanesbertomeu\/wp-json\/wp\/v2\/posts\/2779\/revisions"}],"predecessor-version":[{"id":2783,"href":"https:\/\/agora.xtec.cat\/escolagermanesbertomeu\/wp-json\/wp\/v2\/posts\/2779\/revisions\/2783"}],"wp:featuredmedia":[{"embeddable":true,"href":"https:\/\/agora.xtec.cat\/escolagermanesbertomeu\/wp-json\/wp\/v2\/media\/2780"}],"wp:attachment":[{"href":"https:\/\/agora.xtec.cat\/escolagermanesbertomeu\/wp-json\/wp\/v2\/media?parent=2779"}],"wp:term":[{"taxonomy":"category","embeddable":true,"href":"https:\/\/agora.xtec.cat\/escolagermanesbertomeu\/wp-json\/wp\/v2\/categories?post=2779"},{"taxonomy":"post_tag","embeddable":true,"href":"https:\/\/agora.xtec.cat\/escolagermanesbertomeu\/wp-json\/wp\/v2\/tags?post=2779"}],"curies":[{"name":"wp","href":"https:\/\/api.w.org\/{rel}","templated":true}]}}