{"id":2775,"date":"2022-12-05T18:56:31","date_gmt":"2022-12-05T17:56:31","guid":{"rendered":"https:\/\/agora.xtec.cat\/escolagermanesbertomeu\/?p=2775"},"modified":"2022-12-07T09:46:21","modified_gmt":"2022-12-07T08:46:21","slug":"araart-un-programa-dinnovacio-en-marxa","status":"publish","type":"post","link":"https:\/\/agora.xtec.cat\/escolagermanesbertomeu\/general\/araart-un-programa-dinnovacio-en-marxa\/","title":{"rendered":"AraArt: un programa d&#8217;innovaci\u00f3 en marxa"},"content":{"rendered":"<p>La finalitat del programa d&#8217;innovaci\u00f3 AraArt \u00e9s<strong>\u00a0fomentar i posar en valor projectes art\u00edstics que es portin a terme en el si d&#8217;un centre d&#8217;educaci\u00f3 infantil, prim\u00e0ria o secund\u00e0ria, en col\u00b7laboraci\u00f3 amb una escola art\u00edstica, un equipament cultural, o institucions, entitats i associacions art\u00edstiques,<\/strong>\u00a0per promoure l&#8217;equitat i la qualitat del sistema educatiu reflectida en la millora de les capacitats i compet\u00e8ncies de l&#8217;alumnat participant.<\/p>\n<p>El programa promou la transformaci\u00f3 dels centres educatius a partir de les arts i els seus objectius s\u00f3n:<\/p>\n<ul>\n<li>Potenciar les arts per millorar les capacitats i les compet\u00e8ncies b\u00e0siques de l&#8217;alumnat d&#8217;educaci\u00f3 infantil, prim\u00e0ria i secund\u00e0ria, i contribuir a estructurar el seu pensament.<\/li>\n<li>Generar situacions d&#8217;aprenentatge vinculades a les arts que afavoreixin l&#8217;aprenentatge de l&#8217;alumnat, tot atenent la diversitat i fomentant la inclusi\u00f3.<\/li>\n<li>Promoure l&#8217;obertura i les aliances dels centres amb l&#8217;entorn i contribuir a desenvolupar estrat\u00e8gies de projecci\u00f3 externa.<\/li>\n<li>Fomentar el gust per les arts entre la comunitat educativa i aportar futur p\u00fablic per a les arts i la cultura.<\/li>\n<li>Generar oportunitats per detectar i promoure el talent en l&#8217;\u00e0mbit de les arts tot atenent la diversitat.<\/li>\n<li>Contribuir a la formaci\u00f3 del professorat a trav\u00e9s de la col\u00b7laboraci\u00f3 dels mestres i professors del sistema educatiu amb el professorat dels ensenyaments art\u00edstics i els professionals de l&#8217;\u00e0mbit de les arts.<\/li>\n<li>Generar espais de treball en xarxa entre els centres educatius.\u200b<\/li>\n<\/ul>\n<p><strong>Germanes Bertomeu<\/strong> sempre ha tingut una relaci\u00f3 molt estreta amb les arts, m\u00e9s enll\u00e0 del seu tractament lectiu prescrit al curriculum:<\/p>\n<ol>\n<li>Any 1978: creaci\u00f3 de la primera<em><strong> Coral de l&#8217;escola<\/strong><\/em>, dirigida per l&#8217;especialista de m\u00fasica Manel \u00c1lvarez.<\/li>\n<li>Any 2009: inici del <em><strong>Projecte 4Cordes<\/strong> <\/em>en col\u00b7laboraci\u00f3 amb l&#8217;Escola de M\u00fasica de Matar\u00f3 (actualment anomenat Escoles Orquestrals).<\/li>\n<li>Any 2013: obtenci\u00f3 del <span style=\"text-decoration: underline;\">1r Premi Federico Mayor Zaragoza<\/span> pel projecte <strong><em>ExpressArt: pugem a l&#8217;escenari<\/em><\/strong>.<\/li>\n<li>Any 2013: participaci\u00f3 al concert <em><strong>Et toca a tu<\/strong><\/em>, amb l&#8217;<span style=\"text-decoration: underline;\">Orquestra Simf\u00f2nica de Barcelona i Nacional de Catalunya<\/span> (OBC).<\/li>\n<li>Any 2013-actualitat: <strong><em>concerts participatius del 4Cordes\/Escoles Orquestrals<\/em><\/strong>.<\/li>\n<li>Any 2019: inici de la formaci\u00f3 interna de centre AraArt.<\/li>\n<li>Any 2022: reconeixement de la <a href=\"https:\/\/www.google.com\/maps\/d\/u\/0\/viewer?mid=1NJU-HV3UOjbyQ6D0fN_QpwV6I0YGZvs&amp;ll=41.72531784414965%2C2.482449280204513&amp;z=8\" target=\"_blank\" rel=\"noopener\"><strong><em>innovaci\u00f3 del programa AraArt<\/em> <\/strong><\/a>per part del Departament d&#8217;Educaci\u00f3.<\/li>\n<\/ol>\n<p>En la seg\u00fcent <a href=\"https:\/\/view.genial.ly\/62a2073b57567400128a105a\/interactive-image-art-germanes-bertomeu\" target=\"_blank\" rel=\"noopener\">documentaci\u00f3<\/a> podreu con\u00e8ixer m\u00e9s detalladament quin ha estat el nostre cam\u00ed:<\/p>\n<p><iframe class=\"wp-embedded-content\" sandbox=\"allow-scripts\" security=\"restricted\" title=\"ART Germanes Bertomeu\" frameborder='0' width='1200' height='675' src='https:\/\/view.genially.com\/62a2073b57567400128a105a#?secret=bkR8CTWIiL' data-secret='bkR8CTWIiL' scrolling='yes'><\/iframe><\/p>\n","protected":false},"excerpt":{"rendered":"<p>Germanes Bertomeu sempre ha tingut una relaci\u00f3 molt estreta amb les arts, m\u00e9s enll\u00e0 del seu tractament lectiu prescrit al curriculum.<br \/>\nVoleu saber quin cam\u00ed hem recorregut fins ara?&hellip;  <a href=\"https:\/\/agora.xtec.cat\/escolagermanesbertomeu\/general\/araart-un-programa-dinnovacio-en-marxa\/\" title=\"Read AraArt: un programa d&#8217;innovaci\u00f3 en marxa\">Llegeix m\u00e9s\u00bb<\/a><\/p>\n","protected":false},"author":1,"featured_media":2776,"comment_status":"open","ping_status":"closed","sticky":false,"template":"","format":"standard","meta":{"_bbp_topic_count":0,"_bbp_reply_count":0,"_bbp_total_topic_count":0,"_bbp_total_reply_count":0,"_bbp_voice_count":0,"_bbp_anonymous_reply_count":0,"_bbp_topic_count_hidden":0,"_bbp_reply_count_hidden":0,"_bbp_forum_subforum_count":0,"footnotes":""},"categories":[55,1,2,4,5],"tags":[68,82,85,81,60,62],"class_list":["post-2775","post","type-post","status-publish","format-standard","has-post-thumbnail","hentry","category-escola","category-general","category-infantil","category-portada","category-primaria","tag-4cordes","tag-documentacio","tag-fem-dansa","tag-mou-te","tag-musica","tag-projectes"],"post_mailing_queue_ids":[],"_links":{"self":[{"href":"https:\/\/agora.xtec.cat\/escolagermanesbertomeu\/wp-json\/wp\/v2\/posts\/2775","targetHints":{"allow":["GET"]}}],"collection":[{"href":"https:\/\/agora.xtec.cat\/escolagermanesbertomeu\/wp-json\/wp\/v2\/posts"}],"about":[{"href":"https:\/\/agora.xtec.cat\/escolagermanesbertomeu\/wp-json\/wp\/v2\/types\/post"}],"author":[{"embeddable":true,"href":"https:\/\/agora.xtec.cat\/escolagermanesbertomeu\/wp-json\/wp\/v2\/users\/1"}],"replies":[{"embeddable":true,"href":"https:\/\/agora.xtec.cat\/escolagermanesbertomeu\/wp-json\/wp\/v2\/comments?post=2775"}],"version-history":[{"count":2,"href":"https:\/\/agora.xtec.cat\/escolagermanesbertomeu\/wp-json\/wp\/v2\/posts\/2775\/revisions"}],"predecessor-version":[{"id":2778,"href":"https:\/\/agora.xtec.cat\/escolagermanesbertomeu\/wp-json\/wp\/v2\/posts\/2775\/revisions\/2778"}],"wp:featuredmedia":[{"embeddable":true,"href":"https:\/\/agora.xtec.cat\/escolagermanesbertomeu\/wp-json\/wp\/v2\/media\/2776"}],"wp:attachment":[{"href":"https:\/\/agora.xtec.cat\/escolagermanesbertomeu\/wp-json\/wp\/v2\/media?parent=2775"}],"wp:term":[{"taxonomy":"category","embeddable":true,"href":"https:\/\/agora.xtec.cat\/escolagermanesbertomeu\/wp-json\/wp\/v2\/categories?post=2775"},{"taxonomy":"post_tag","embeddable":true,"href":"https:\/\/agora.xtec.cat\/escolagermanesbertomeu\/wp-json\/wp\/v2\/tags?post=2775"}],"curies":[{"name":"wp","href":"https:\/\/api.w.org\/{rel}","templated":true}]}}