{"id":2737,"date":"2022-06-01T12:06:36","date_gmt":"2022-06-01T10:06:36","guid":{"rendered":"https:\/\/agora.xtec.cat\/escolagermanesbertomeu\/?p=2737"},"modified":"2023-01-19T13:53:59","modified_gmt":"2023-01-19T12:53:59","slug":"projecte-labsorcio-de-laigua","status":"publish","type":"post","link":"https:\/\/agora.xtec.cat\/escolagermanesbertomeu\/general\/projecte-labsorcio-de-laigua\/","title":{"rendered":"PROJECTE: L&#8217;absorci\u00f3 de l&#8217;aigua"},"content":{"rendered":"<p><span style=\"font-weight: 400;\">Aquest projecte neix a la classe de les Momerotes de P4 arran d&#8217;una proposta al microespai de joc simb\u00f2lic: un minim\u00f3n de l&#8217;\u00c0rtic. En ell es troben materials com plaques de gel, animals i boletes d&#8217;hidrogel de tons blaus.<\/span><\/p>\n<p><span style=\"font-weight: 400;\">\u00c9s tant el plaer que experimenten amb les boletes i el que gaudeixen nom\u00e9s amb el simple contacte de les seves mans amb elles que, un cop toca canviar de\u00a0<\/span><span style=\"font-weight: 400;\">proposta, els deixo unes safates d&#8217;experimentaci\u00f3 nom\u00e9s amb aquest material.<\/span><\/p>\n<p><span style=\"font-weight: 400;\">Quan tornem al cap d&#8217;uns dies despr\u00e9s d&#8217;un pont se n&#8217;adonen que alguna cosa ha passat amb les boletes&#8230;<\/span><\/p>\n<p><a href=\"https:\/\/agora.xtec.cat\/escolagermanesbertomeu\/wp-content\/uploads\/usu1488\/2022\/06\/Labsorcio-de-laigua_P4.pdf\"><img loading=\"lazy\" decoding=\"async\" class=\"aligncenter wp-image-2091\" src=\"https:\/\/agora.xtec.cat\/escolagermanesbertomeu\/wp-content\/uploads\/usu1488\/2019\/12\/baixa.jpg\" alt=\"\" width=\"115\" height=\"115\" srcset=\"https:\/\/agora.xtec.cat\/escolagermanesbertomeu\/wp-content\/uploads\/usu1488\/2019\/12\/baixa.jpg 225w, https:\/\/agora.xtec.cat\/escolagermanesbertomeu\/wp-content\/uploads\/usu1488\/2019\/12\/baixa-150x150.jpg 150w\" sizes=\"auto, (max-width: 115px) 100vw, 115px\" \/><\/a><\/p>\n","protected":false},"excerpt":{"rendered":"<p>Els infants de la Colla de la Momerota de P4, han observat que alguna cosa ha passat amb les boletes d&#8217;hidrogel que hi havien a classe&#8230;<br \/>\nVols saber el qu\u00e8?&hellip;  <a href=\"https:\/\/agora.xtec.cat\/escolagermanesbertomeu\/general\/projecte-labsorcio-de-laigua\/\" title=\"Read PROJECTE: L&#8217;absorci\u00f3 de l&#8217;aigua\">Llegeix m\u00e9s\u00bb<\/a><\/p>\n","protected":false},"author":1,"featured_media":2738,"comment_status":"open","ping_status":"closed","sticky":false,"template":"","format":"standard","meta":{"_bbp_topic_count":0,"_bbp_reply_count":0,"_bbp_total_topic_count":0,"_bbp_total_reply_count":0,"_bbp_voice_count":0,"_bbp_anonymous_reply_count":0,"_bbp_topic_count_hidden":0,"_bbp_reply_count_hidden":0,"_bbp_forum_subforum_count":0,"footnotes":""},"categories":[55,1,2,8,4],"tags":[],"class_list":["post-2737","post","type-post","status-publish","format-standard","has-post-thumbnail","hentry","category-escola","category-general","category-infantil","category-p4","category-portada"],"post_mailing_queue_ids":[],"_links":{"self":[{"href":"https:\/\/agora.xtec.cat\/escolagermanesbertomeu\/wp-json\/wp\/v2\/posts\/2737","targetHints":{"allow":["GET"]}}],"collection":[{"href":"https:\/\/agora.xtec.cat\/escolagermanesbertomeu\/wp-json\/wp\/v2\/posts"}],"about":[{"href":"https:\/\/agora.xtec.cat\/escolagermanesbertomeu\/wp-json\/wp\/v2\/types\/post"}],"author":[{"embeddable":true,"href":"https:\/\/agora.xtec.cat\/escolagermanesbertomeu\/wp-json\/wp\/v2\/users\/1"}],"replies":[{"embeddable":true,"href":"https:\/\/agora.xtec.cat\/escolagermanesbertomeu\/wp-json\/wp\/v2\/comments?post=2737"}],"version-history":[{"count":3,"href":"https:\/\/agora.xtec.cat\/escolagermanesbertomeu\/wp-json\/wp\/v2\/posts\/2737\/revisions"}],"predecessor-version":[{"id":2798,"href":"https:\/\/agora.xtec.cat\/escolagermanesbertomeu\/wp-json\/wp\/v2\/posts\/2737\/revisions\/2798"}],"wp:featuredmedia":[{"embeddable":true,"href":"https:\/\/agora.xtec.cat\/escolagermanesbertomeu\/wp-json\/wp\/v2\/media\/2738"}],"wp:attachment":[{"href":"https:\/\/agora.xtec.cat\/escolagermanesbertomeu\/wp-json\/wp\/v2\/media?parent=2737"}],"wp:term":[{"taxonomy":"category","embeddable":true,"href":"https:\/\/agora.xtec.cat\/escolagermanesbertomeu\/wp-json\/wp\/v2\/categories?post=2737"},{"taxonomy":"post_tag","embeddable":true,"href":"https:\/\/agora.xtec.cat\/escolagermanesbertomeu\/wp-json\/wp\/v2\/tags?post=2737"}],"curies":[{"name":"wp","href":"https:\/\/api.w.org\/{rel}","templated":true}]}}