{"id":2697,"date":"2022-03-04T18:39:24","date_gmt":"2022-03-04T17:39:24","guid":{"rendered":"https:\/\/agora.xtec.cat\/escolagermanesbertomeu\/?p=2697"},"modified":"2022-03-04T18:39:24","modified_gmt":"2022-03-04T17:39:24","slug":"repensem-lesbarjo","status":"publish","type":"post","link":"https:\/\/agora.xtec.cat\/escolagermanesbertomeu\/general\/repensem-lesbarjo\/","title":{"rendered":"Repensem l&#8217;esbarjo"},"content":{"rendered":"<p>Sab\u00edeu que l&#8217;esbarjo est\u00e0 considerat una activitat educativa? Aquests 30 minuts diaris equivalen a 525 hores nom\u00e9s a l&#8217;etapa de prim\u00e0ria. Per tot plegat mereix una reflexi\u00f3 per part de l&#8217;equip educatiu del centre.<\/p>\n<p>El 2015 vam iniciar una observaci\u00f3 de l&#8217;esbarjo: a qu\u00e8 juguen els infants, com es relacionen, per on es mouen, qu\u00e8 utilitzen&#8230; A continuaci\u00f3 vam analitzar punts forts i febles. De la reflexi\u00f3 vam passar a l&#8217;acci\u00f3 introduint nous elements de joc i de materials, vam reorganitzar-ho tot a partir d&#8217;una mirada m\u00e9s inclusiva, sempre amb l&#8217;objectiu de fomentar el joc lliure, la creativitat i les\u00a0 compet\u00e8ncies relacionals.<\/p>\n<p>Som al 2022 i el proc\u00e9s mai no acaba: noves observacions, noves reflexions, incorporaci\u00f3 de canvis. Som un equip il\u00b7lusionat en millorar constantment per oferir la m\u00e0xima qualitat en tot all\u00f2 qu\u00e8 fem. Ens agrada la nostra feina i ens agrada fer-la b\u00e9.<\/p>\n<p>La seg\u00fcent documentaci\u00f3 intenta explicar-ho millor a trav\u00e9s d&#8217;imatges.<a href=\"https:\/\/drive.google.com\/file\/d\/1rvqW-ZrrgUajtFK7mnG9ZeZeZ2S2Dv8O\/view?usp=sharing\" target=\"_blank\" rel=\"noopener\"><img loading=\"lazy\" decoding=\"async\" class=\"aligncenter wp-image-2091\" src=\"https:\/\/agora.xtec.cat\/escolagermanesbertomeu\/wp-content\/uploads\/usu1488\/2019\/12\/baixa.jpg\" alt=\"\" width=\"68\" height=\"68\" srcset=\"https:\/\/agora.xtec.cat\/escolagermanesbertomeu\/wp-content\/uploads\/usu1488\/2019\/12\/baixa.jpg 225w, https:\/\/agora.xtec.cat\/escolagermanesbertomeu\/wp-content\/uploads\/usu1488\/2019\/12\/baixa-150x150.jpg 150w\" sizes=\"auto, (max-width: 68px) 100vw, 68px\" \/><\/a><\/p>\n<p>&nbsp;<\/p>\n","protected":false},"excerpt":{"rendered":"<p>Sab\u00edeu que l&#8217;esbarjo est\u00e0 considerat una activitat educativa? Aquests 30 minuts diaris equivalen a 525 hores nom\u00e9s a l&#8217;etapa de prim\u00e0ria. Per tot plegat mereix una reflexi\u00f3 per part de l&#8217;equip educatiu del centre.&hellip;  <a href=\"https:\/\/agora.xtec.cat\/escolagermanesbertomeu\/general\/repensem-lesbarjo\/\" title=\"Read Repensem l&#8217;esbarjo\">Llegeix m\u00e9s\u00bb<\/a><\/p>\n","protected":false},"author":1,"featured_media":2698,"comment_status":"open","ping_status":"closed","sticky":false,"template":"","format":"standard","meta":{"_bbp_topic_count":0,"_bbp_reply_count":0,"_bbp_total_topic_count":0,"_bbp_total_reply_count":0,"_bbp_voice_count":0,"_bbp_anonymous_reply_count":0,"_bbp_topic_count_hidden":0,"_bbp_reply_count_hidden":0,"_bbp_forum_subforum_count":0,"footnotes":""},"categories":[55,1,2,4,5],"tags":[],"class_list":["post-2697","post","type-post","status-publish","format-standard","has-post-thumbnail","hentry","category-escola","category-general","category-infantil","category-portada","category-primaria"],"post_mailing_queue_ids":[],"_links":{"self":[{"href":"https:\/\/agora.xtec.cat\/escolagermanesbertomeu\/wp-json\/wp\/v2\/posts\/2697","targetHints":{"allow":["GET"]}}],"collection":[{"href":"https:\/\/agora.xtec.cat\/escolagermanesbertomeu\/wp-json\/wp\/v2\/posts"}],"about":[{"href":"https:\/\/agora.xtec.cat\/escolagermanesbertomeu\/wp-json\/wp\/v2\/types\/post"}],"author":[{"embeddable":true,"href":"https:\/\/agora.xtec.cat\/escolagermanesbertomeu\/wp-json\/wp\/v2\/users\/1"}],"replies":[{"embeddable":true,"href":"https:\/\/agora.xtec.cat\/escolagermanesbertomeu\/wp-json\/wp\/v2\/comments?post=2697"}],"version-history":[{"count":1,"href":"https:\/\/agora.xtec.cat\/escolagermanesbertomeu\/wp-json\/wp\/v2\/posts\/2697\/revisions"}],"predecessor-version":[{"id":2699,"href":"https:\/\/agora.xtec.cat\/escolagermanesbertomeu\/wp-json\/wp\/v2\/posts\/2697\/revisions\/2699"}],"wp:featuredmedia":[{"embeddable":true,"href":"https:\/\/agora.xtec.cat\/escolagermanesbertomeu\/wp-json\/wp\/v2\/media\/2698"}],"wp:attachment":[{"href":"https:\/\/agora.xtec.cat\/escolagermanesbertomeu\/wp-json\/wp\/v2\/media?parent=2697"}],"wp:term":[{"taxonomy":"category","embeddable":true,"href":"https:\/\/agora.xtec.cat\/escolagermanesbertomeu\/wp-json\/wp\/v2\/categories?post=2697"},{"taxonomy":"post_tag","embeddable":true,"href":"https:\/\/agora.xtec.cat\/escolagermanesbertomeu\/wp-json\/wp\/v2\/tags?post=2697"}],"curies":[{"name":"wp","href":"https:\/\/api.w.org\/{rel}","templated":true}]}}