{"id":2650,"date":"2021-11-10T11:12:08","date_gmt":"2021-11-10T10:12:08","guid":{"rendered":"https:\/\/agora.xtec.cat\/escolagermanesbertomeu\/?p=2650"},"modified":"2021-11-10T11:12:08","modified_gmt":"2021-11-10T10:12:08","slug":"som-escola-sentinella","status":"publish","type":"post","link":"https:\/\/agora.xtec.cat\/escolagermanesbertomeu\/general\/som-escola-sentinella\/","title":{"rendered":"Som Escola Sentinella"},"content":{"rendered":"<p>Aquest curs tenim la sort de ser una de les 23 <a href=\"https:\/\/escolessentinella.cat\/\" target=\"_blank\" rel=\"noopener\">escoles sentinella<\/a> existents arreu de Catalunya. El projecte pret\u00e9n, entre altres, monitorar l&#8217;evoluci\u00f3 de la covid als centres participants, tot creant coneixement cient\u00edfic, per m\u00e9s tard fer propostes que puguin estendre&#8217;s a altres centres. M\u00e9s concretament, els objectius del programa s\u00f3n:<\/p>\n<ul>\n<li>Descriure i monitorar els coneixement, actituds i conductes en relaci\u00f3 a la infecci\u00f3 i la prevenci\u00f3 de la COVID-19 de l\u2019alumnat i el personal docent i no docent.<\/li>\n<li>Descriure l\u2019impacte social, econ\u00f2mic i en salut f\u00edsica i mental de la pand\u00e8mia de la COVID-19 en les persones participants.<\/li>\n<li>Avaluar les condicions estructurals i ambientals dels centres educatius.<\/li>\n<li>Descriure i monitorar la din\u00e0mica de la infecci\u00f3 per SARS-CoV-2 i els seus determinants de transmissi\u00f3 individuals, ambientals i estructurals en l\u2019\u00e0mbit escolar.<\/li>\n<li>Pilotar estrat\u00e8gies de cribratge no invasives que facilitin la detecci\u00f3 preco\u00e7 de possibles casos.<\/li>\n<li>Elaborar propostes de millora de les intervencions de prevenci\u00f3 de la COVID-19 amb i per a la comunitat educativa.<\/li>\n<\/ul>\n<p>El projecte integra diferents vessants que lideren equips i institucions diverses de reconegut prestigi, sempre emmarcades en la col\u00b7laboraci\u00f3 entre els Departaments d&#8217;Educaci\u00f3 i Salut. El projecte interpel\u00b7la a tota la comunitat educativa (infants, fam\u00edlies, personal docent i no docent), amb la idea que cada membre aporti el coneixement espec\u00edfic propi i ofereixi globalitat, validesa i significativitat a l&#8217;estudi.<\/p>\n<p>Actualment s&#8217;estan duent a terme dues l\u00ednies de treball:<\/p>\n<ul>\n<li>l&#8217;avaluaci\u00f3 ambiental, monitorant la concentraci\u00f3 de CO2 amb uns aparells espec\u00edfics situats a les aules (factor clau en la propagaci\u00f3 dels virus aeris)<\/li>\n<li>l&#8217;avaluaci\u00f3 inicial sobre coneixements, actituds i conductes envers la covid i l&#8217;impacte de la pand\u00e8mia a nivell de salut mental mitjan\u00e7ant enquestes a tota la comunitat<\/li>\n<\/ul>\n<p>Properament, els estudiants de cicle superior participaran activament en el projecte com a co-investigadors\/es mitjan\u00e7ant diferents metodologies col\u00b7laboratives per contribuir a la definici\u00f3 de millores en les intervencions de prevenci\u00f3 elaborades per i amb la comunitat educativa.\u00a0En tot moment, les dades corresponents a les escoles, a l\u2019alumnat i al personal docent de les escoles seran confidencials, substituint les dades personals per un codi que permeti analitzar les dades de manera an\u00f2nima.<\/p>\n<p>Esperem ser d&#8217;utilitat en la creaci\u00f3 de coneixement cient\u00edfic. En qualsevol cas, formar-ne part i participar activament en el projecte brinda als infants una gran oportunitat d&#8217;aprenentatge en una \u00e0rea, la cient\u00edfica, de gran inter\u00e8s curricular i educatiu.<\/p>\n","protected":false},"excerpt":{"rendered":"<p>Aquest curs tenim la sort de ser una de les 23 <a href=\"https:\/\/escolessentinella.cat\/\" target=\"_blank\" rel=\"noopener\">escoles sentinella<\/a> existents arreu de Catalunya. El projecte pret\u00e9n, entre altres, monitorar l&#8217;evoluci\u00f3 de la covid als centres participants, tot creant coneixement cient\u00edfic, per m\u00e9s tard fer propostes que puguin estendre&#8217;s&hellip;  <a href=\"https:\/\/agora.xtec.cat\/escolagermanesbertomeu\/general\/som-escola-sentinella\/\" title=\"Read Som Escola Sentinella\">Llegeix m\u00e9s\u00bb<\/a><\/p>\n","protected":false},"author":1,"featured_media":2653,"comment_status":"open","ping_status":"closed","sticky":false,"template":"","format":"standard","meta":{"_bbp_topic_count":0,"_bbp_reply_count":0,"_bbp_total_topic_count":0,"_bbp_total_reply_count":0,"_bbp_voice_count":0,"_bbp_anonymous_reply_count":0,"_bbp_topic_count_hidden":0,"_bbp_reply_count_hidden":0,"_bbp_forum_subforum_count":0,"footnotes":""},"categories":[55,1,4],"tags":[126,62],"class_list":["post-2650","post","type-post","status-publish","format-standard","has-post-thumbnail","hentry","category-escola","category-general","category-portada","tag-ciencies","tag-projectes"],"post_mailing_queue_ids":[],"_links":{"self":[{"href":"https:\/\/agora.xtec.cat\/escolagermanesbertomeu\/wp-json\/wp\/v2\/posts\/2650","targetHints":{"allow":["GET"]}}],"collection":[{"href":"https:\/\/agora.xtec.cat\/escolagermanesbertomeu\/wp-json\/wp\/v2\/posts"}],"about":[{"href":"https:\/\/agora.xtec.cat\/escolagermanesbertomeu\/wp-json\/wp\/v2\/types\/post"}],"author":[{"embeddable":true,"href":"https:\/\/agora.xtec.cat\/escolagermanesbertomeu\/wp-json\/wp\/v2\/users\/1"}],"replies":[{"embeddable":true,"href":"https:\/\/agora.xtec.cat\/escolagermanesbertomeu\/wp-json\/wp\/v2\/comments?post=2650"}],"version-history":[{"count":3,"href":"https:\/\/agora.xtec.cat\/escolagermanesbertomeu\/wp-json\/wp\/v2\/posts\/2650\/revisions"}],"predecessor-version":[{"id":2654,"href":"https:\/\/agora.xtec.cat\/escolagermanesbertomeu\/wp-json\/wp\/v2\/posts\/2650\/revisions\/2654"}],"wp:featuredmedia":[{"embeddable":true,"href":"https:\/\/agora.xtec.cat\/escolagermanesbertomeu\/wp-json\/wp\/v2\/media\/2653"}],"wp:attachment":[{"href":"https:\/\/agora.xtec.cat\/escolagermanesbertomeu\/wp-json\/wp\/v2\/media?parent=2650"}],"wp:term":[{"taxonomy":"category","embeddable":true,"href":"https:\/\/agora.xtec.cat\/escolagermanesbertomeu\/wp-json\/wp\/v2\/categories?post=2650"},{"taxonomy":"post_tag","embeddable":true,"href":"https:\/\/agora.xtec.cat\/escolagermanesbertomeu\/wp-json\/wp\/v2\/tags?post=2650"}],"curies":[{"name":"wp","href":"https:\/\/api.w.org\/{rel}","templated":true}]}}