{"id":2591,"date":"2021-06-21T14:20:55","date_gmt":"2021-06-21T12:20:55","guid":{"rendered":"http:\/\/agora.xtec.cat\/escolagermanesbertomeu\/?p=2591"},"modified":"2021-07-13T14:35:40","modified_gmt":"2021-07-13T12:35:40","slug":"mostra-de-teatre-2020-21","status":"publish","type":"post","link":"https:\/\/agora.xtec.cat\/escolagermanesbertomeu\/general\/mostra-de-teatre-2020-21\/","title":{"rendered":"Mostra de Teatre 2020-21"},"content":{"rendered":"<p>Aquest curs ha continuat -amb adaptacions- el projecte municipal de la Mostra de Teatre, pel qual s&#8217;apropa el m\u00f3n de l&#8217;escena a les escoles. A l&#8217;escola s&#8217;ha portat al terme durant tot el curs tot el proc\u00e9s de creaci\u00f3 i assaig, i el 9 de juny es van representar les obres al Teatre Monumental, sense p\u00fablic. Per aix\u00f2 us pengem aqu\u00ed la versi\u00f3 en v\u00eddeo de cada obra: una mica de teatre reivindicatiu per a un m\u00f3n farcit de reptes.<\/p>\n<p><strong>Mostra del grup 6\u00e8A<\/strong> \ud83d\udc47<\/p>\n<p><iframe loading=\"lazy\" title=\"Qu\u00e8 \u00e9s m\u00e9s important\" width=\"500\" height=\"281\" src=\"https:\/\/www.youtube.com\/embed\/Wf6GXISVN34?feature=oembed\" frameborder=\"0\" allow=\"accelerometer; autoplay; clipboard-write; encrypted-media; gyroscope; picture-in-picture; web-share\" referrerpolicy=\"strict-origin-when-cross-origin\" allowfullscreen><\/iframe><\/p>\n<p>&nbsp;<\/p>\n<p><strong>Mostra del grup 6\u00e8B<\/strong> \ud83d\udc47<\/p>\n<p><iframe loading=\"lazy\" title=\"Dividits\" width=\"500\" height=\"281\" src=\"https:\/\/www.youtube.com\/embed\/yIMvETgJMwo?feature=oembed\" frameborder=\"0\" allow=\"accelerometer; autoplay; clipboard-write; encrypted-media; gyroscope; picture-in-picture; web-share\" referrerpolicy=\"strict-origin-when-cross-origin\" allowfullscreen><\/iframe><\/p>\n","protected":false},"excerpt":{"rendered":"<p>Us convidem a veure la Mostra de Teatre a c\u00e0rrec dels alumnes de 6\u00e8A i 6\u00e8B. &hellip;  <a href=\"https:\/\/agora.xtec.cat\/escolagermanesbertomeu\/general\/mostra-de-teatre-2020-21\/\" title=\"Read Mostra de Teatre 2020-21\">Llegeix m\u00e9s\u00bb<\/a><\/p>\n","protected":false},"author":1,"featured_media":2604,"comment_status":"open","ping_status":"closed","sticky":false,"template":"","format":"standard","meta":{"_bbp_topic_count":0,"_bbp_reply_count":0,"_bbp_total_topic_count":0,"_bbp_total_reply_count":0,"_bbp_voice_count":0,"_bbp_anonymous_reply_count":0,"_bbp_topic_count_hidden":0,"_bbp_reply_count_hidden":0,"_bbp_forum_subforum_count":0,"footnotes":""},"categories":[14,1,4,5],"tags":[101,129],"class_list":["post-2591","post","type-post","status-publish","format-standard","has-post-thumbnail","hentry","category-6e","category-general","category-portada","category-primaria","tag-promocio-2012-2021","tag-teatre"],"post_mailing_queue_ids":[],"_links":{"self":[{"href":"https:\/\/agora.xtec.cat\/escolagermanesbertomeu\/wp-json\/wp\/v2\/posts\/2591","targetHints":{"allow":["GET"]}}],"collection":[{"href":"https:\/\/agora.xtec.cat\/escolagermanesbertomeu\/wp-json\/wp\/v2\/posts"}],"about":[{"href":"https:\/\/agora.xtec.cat\/escolagermanesbertomeu\/wp-json\/wp\/v2\/types\/post"}],"author":[{"embeddable":true,"href":"https:\/\/agora.xtec.cat\/escolagermanesbertomeu\/wp-json\/wp\/v2\/users\/1"}],"replies":[{"embeddable":true,"href":"https:\/\/agora.xtec.cat\/escolagermanesbertomeu\/wp-json\/wp\/v2\/comments?post=2591"}],"version-history":[{"count":2,"href":"https:\/\/agora.xtec.cat\/escolagermanesbertomeu\/wp-json\/wp\/v2\/posts\/2591\/revisions"}],"predecessor-version":[{"id":2605,"href":"https:\/\/agora.xtec.cat\/escolagermanesbertomeu\/wp-json\/wp\/v2\/posts\/2591\/revisions\/2605"}],"wp:featuredmedia":[{"embeddable":true,"href":"https:\/\/agora.xtec.cat\/escolagermanesbertomeu\/wp-json\/wp\/v2\/media\/2604"}],"wp:attachment":[{"href":"https:\/\/agora.xtec.cat\/escolagermanesbertomeu\/wp-json\/wp\/v2\/media?parent=2591"}],"wp:term":[{"taxonomy":"category","embeddable":true,"href":"https:\/\/agora.xtec.cat\/escolagermanesbertomeu\/wp-json\/wp\/v2\/categories?post=2591"},{"taxonomy":"post_tag","embeddable":true,"href":"https:\/\/agora.xtec.cat\/escolagermanesbertomeu\/wp-json\/wp\/v2\/tags?post=2591"}],"curies":[{"name":"wp","href":"https:\/\/api.w.org\/{rel}","templated":true}]}}