{"id":2519,"date":"2021-04-06T09:38:29","date_gmt":"2021-04-06T07:38:29","guid":{"rendered":"http:\/\/agora.xtec.cat\/escolagermanesbertomeu\/?p=2519"},"modified":"2021-04-06T09:38:29","modified_gmt":"2021-04-06T07:38:29","slug":"coneguem-els-parcs-sortida-al-parc-natural-del-corredor","status":"publish","type":"post","link":"https:\/\/agora.xtec.cat\/escolagermanesbertomeu\/general\/coneguem-els-parcs-sortida-al-parc-natural-del-corredor\/","title":{"rendered":"Coneguem els Parcs: Sortida al Parc Natural del Corredor"},"content":{"rendered":"<p>El 23 de mar\u00e7, els nens i nenes de 6\u00e8 vam anar al Corredor, que es troba dins del Parc Natural del Montnegre-Corredor, entre les comarques del Vall\u00e8s Oriental i el Maresme, formant part de la Serralada Litoral.<\/p>\n<p>Ens vam sentir alegres i contents de con\u00e8ixer la nostra natura, de poder sortir de l&#8217;escola i de con\u00e8ixer coses noves.<\/p>\n<p>La sortida va ser molt interessant i divertida. Ens va agradar molt perqu\u00e8 vam aprendre coses que no sab\u00edem.<\/p>\n<p>El primer que vam aprendre \u00e9s que el silenci \u00e9s molt important al bosc perqu\u00e8 els animals no s&#8217;espantin i nosaltres els puguem veure. Vam aprendre el proc\u00e9s que fa el granit, que cont\u00e9 majorit\u00e0riament minerals com quars, mica i feldspat, per acabar arribant descompost a les nostres platges com a saul\u00f3, la sorra que tots coneixem. Tamb\u00e9 vam poder aprendre les caracter\u00edstiques d&#8217;algunes plantes com l&#8217;alzina, que t\u00e9 les fulles petites, rugoses, de color verd fosc i punxegudes.<\/p>\n<p>Durant la sortida vam veure molts ocells com l&#8217;\u00e0liga mar\u00e7al, vam trobar la banya d&#8217;un cabirol, la pell d&#8217;una serp i ous d&#8217;aranya. Els monitors ens van explicar que al parc tamb\u00e9 pod\u00edem trobar guineus, serps, porcs senglars i molts insectes.<\/p>\n<p>Al Parc, entre les alzines, vam trobar algun pi, mentre an\u00e0vem descobrint diferents plantes i arbustos, com lianes o aritjols, bruc, argelaga o gatosa, marfull, galzeran, cirerer d&#8217;arbo\u00e7, estepa borrera amb les que vam fer un joc, molt semblant al del mocador.<\/p>\n<p>En aquest enlla\u00e7 trobareu les <a href=\"https:\/\/photos.app.goo.gl\/eJCCo9KJgLC83tu4A\">imatges de la sortida<\/a>.<\/p>\n<p>Els i les alumnes de 6\u00e8<\/p>\n","protected":false},"excerpt":{"rendered":"<p>El 23 de mar\u00e7, els nens i nenes de 6\u00e8 vam anar al Corredor, al Parc Natural del Montnegre-Corredor, entre les comarques del Vall\u00e8s Oriental i el Maresme, que formen part de la Serralada Litoral.&hellip;  <a href=\"https:\/\/agora.xtec.cat\/escolagermanesbertomeu\/general\/coneguem-els-parcs-sortida-al-parc-natural-del-corredor\/\" title=\"Read Coneguem els Parcs: Sortida al Parc Natural del Corredor\">Llegeix m\u00e9s\u00bb<\/a><\/p>\n","protected":false},"author":27,"featured_media":2544,"comment_status":"open","ping_status":"closed","sticky":false,"template":"","format":"standard","meta":{"_bbp_topic_count":0,"_bbp_reply_count":0,"_bbp_total_topic_count":0,"_bbp_total_reply_count":0,"_bbp_voice_count":0,"_bbp_anonymous_reply_count":0,"_bbp_topic_count_hidden":0,"_bbp_reply_count_hidden":0,"_bbp_forum_subforum_count":0,"footnotes":""},"categories":[14,55,1,5],"tags":[114,115,101,16],"class_list":["post-2519","post","type-post","status-publish","format-standard","has-post-thumbnail","hentry","category-6e","category-escola","category-general","category-primaria","tag-6e","tag-cicle-superior","tag-promocio-2012-2021","tag-sortides"],"post_mailing_queue_ids":[],"_links":{"self":[{"href":"https:\/\/agora.xtec.cat\/escolagermanesbertomeu\/wp-json\/wp\/v2\/posts\/2519","targetHints":{"allow":["GET"]}}],"collection":[{"href":"https:\/\/agora.xtec.cat\/escolagermanesbertomeu\/wp-json\/wp\/v2\/posts"}],"about":[{"href":"https:\/\/agora.xtec.cat\/escolagermanesbertomeu\/wp-json\/wp\/v2\/types\/post"}],"author":[{"embeddable":true,"href":"https:\/\/agora.xtec.cat\/escolagermanesbertomeu\/wp-json\/wp\/v2\/users\/27"}],"replies":[{"embeddable":true,"href":"https:\/\/agora.xtec.cat\/escolagermanesbertomeu\/wp-json\/wp\/v2\/comments?post=2519"}],"version-history":[{"count":4,"href":"https:\/\/agora.xtec.cat\/escolagermanesbertomeu\/wp-json\/wp\/v2\/posts\/2519\/revisions"}],"predecessor-version":[{"id":2545,"href":"https:\/\/agora.xtec.cat\/escolagermanesbertomeu\/wp-json\/wp\/v2\/posts\/2519\/revisions\/2545"}],"wp:featuredmedia":[{"embeddable":true,"href":"https:\/\/agora.xtec.cat\/escolagermanesbertomeu\/wp-json\/wp\/v2\/media\/2544"}],"wp:attachment":[{"href":"https:\/\/agora.xtec.cat\/escolagermanesbertomeu\/wp-json\/wp\/v2\/media?parent=2519"}],"wp:term":[{"taxonomy":"category","embeddable":true,"href":"https:\/\/agora.xtec.cat\/escolagermanesbertomeu\/wp-json\/wp\/v2\/categories?post=2519"},{"taxonomy":"post_tag","embeddable":true,"href":"https:\/\/agora.xtec.cat\/escolagermanesbertomeu\/wp-json\/wp\/v2\/tags?post=2519"}],"curies":[{"name":"wp","href":"https:\/\/api.w.org\/{rel}","templated":true}]}}