{"id":2498,"date":"2021-02-03T16:12:10","date_gmt":"2021-02-03T15:12:10","guid":{"rendered":"http:\/\/agora.xtec.cat\/escolagermanesbertomeu\/?p=2498"},"modified":"2021-02-03T16:12:10","modified_gmt":"2021-02-03T15:12:10","slug":"celebracio-del-dia-internacional-de-la-no-violencia-i-pau","status":"publish","type":"post","link":"https:\/\/agora.xtec.cat\/escolagermanesbertomeu\/general\/celebracio-del-dia-internacional-de-la-no-violencia-i-pau\/","title":{"rendered":"&#8220;Celebraci\u00f3 del Dia Internacional de la No Viol\u00e8ncia i Pau&#8221;"},"content":{"rendered":"<p><a href=\"https:\/\/agora.xtec.cat\/escolagermanesbertomeu\/wp-content\/uploads\/usu1488\/2021\/02\/descarga.jpeg\"><img loading=\"lazy\" decoding=\"async\" class=\"alignnone size-full wp-image-2499\" src=\"https:\/\/agora.xtec.cat\/escolagermanesbertomeu\/wp-content\/uploads\/usu1488\/2021\/02\/descarga.jpeg\" alt=\"\" width=\"342\" height=\"147\" srcset=\"https:\/\/agora.xtec.cat\/escolagermanesbertomeu\/wp-content\/uploads\/usu1488\/2021\/02\/descarga.jpeg 342w, https:\/\/agora.xtec.cat\/escolagermanesbertomeu\/wp-content\/uploads\/usu1488\/2021\/02\/descarga-300x129.jpeg 300w\" sizes=\"auto, (max-width: 342px) 100vw, 342px\" \/><\/a><\/p>\n<p style=\"text-align: left;\">Aquest any, tot i les circumst\u00e0ncies actuals, hem volgut celebrar com a cada any el Dia Internacional de la No Viol\u00e8ncia i Pau. I, com ja \u00e9s tradici\u00f3 a l&#8217;escola, hem interpretat tots plegats, la can\u00e7\u00f3 &#8220;Germans de les Estrelles&#8221;. Enguany, a m\u00e9s a m\u00e9s, hem incorporat una altra can\u00e7\u00f3 a aquest esdeveniment: &#8220;L&#8217;Himne de l&#8217;Alegria&#8221; de Beethoven.<\/p>\n<p style=\"text-align: left;\">Aquesta ha estat una de les nostres aportacions en aquest dia tant especial i significatiu per a la comunitat educativa, amb la M\u00fasica com catalitzadora. Esperem que gaudiu tant com nosaltres.<\/p>\n<p style=\"text-align: left;\">Podeu veure el v\u00eddeo <span style=\"text-decoration: underline;\"><a href=\"https:\/\/sites.google.com\/xtec.cat\/musicagermanesbertomeu\/inici\/novetats\">aqu\u00ed<\/a><\/span>.<\/p>\n<p>&nbsp;<\/p>\n","protected":false},"excerpt":{"rendered":"<p>Celebraci\u00f3 del DENIP, edici\u00f3 2021&hellip;  <a href=\"https:\/\/agora.xtec.cat\/escolagermanesbertomeu\/general\/celebracio-del-dia-internacional-de-la-no-violencia-i-pau\/\" title=\"Read &#8220;Celebraci\u00f3 del Dia Internacional de la No Viol\u00e8ncia i Pau&#8221;\">Llegeix m\u00e9s\u00bb<\/a><\/p>\n","protected":false},"author":67,"featured_media":2499,"comment_status":"open","ping_status":"closed","sticky":false,"template":"","format":"standard","meta":{"_bbp_topic_count":0,"_bbp_reply_count":0,"_bbp_total_topic_count":0,"_bbp_total_reply_count":0,"_bbp_voice_count":0,"_bbp_anonymous_reply_count":0,"_bbp_topic_count_hidden":0,"_bbp_reply_count_hidden":0,"_bbp_forum_subforum_count":0,"footnotes":""},"categories":[55,1,2,4,5],"tags":[],"class_list":["post-2498","post","type-post","status-publish","format-standard","has-post-thumbnail","hentry","category-escola","category-general","category-infantil","category-portada","category-primaria"],"post_mailing_queue_ids":[],"_links":{"self":[{"href":"https:\/\/agora.xtec.cat\/escolagermanesbertomeu\/wp-json\/wp\/v2\/posts\/2498","targetHints":{"allow":["GET"]}}],"collection":[{"href":"https:\/\/agora.xtec.cat\/escolagermanesbertomeu\/wp-json\/wp\/v2\/posts"}],"about":[{"href":"https:\/\/agora.xtec.cat\/escolagermanesbertomeu\/wp-json\/wp\/v2\/types\/post"}],"author":[{"embeddable":true,"href":"https:\/\/agora.xtec.cat\/escolagermanesbertomeu\/wp-json\/wp\/v2\/users\/67"}],"replies":[{"embeddable":true,"href":"https:\/\/agora.xtec.cat\/escolagermanesbertomeu\/wp-json\/wp\/v2\/comments?post=2498"}],"version-history":[{"count":3,"href":"https:\/\/agora.xtec.cat\/escolagermanesbertomeu\/wp-json\/wp\/v2\/posts\/2498\/revisions"}],"predecessor-version":[{"id":2502,"href":"https:\/\/agora.xtec.cat\/escolagermanesbertomeu\/wp-json\/wp\/v2\/posts\/2498\/revisions\/2502"}],"wp:featuredmedia":[{"embeddable":true,"href":"https:\/\/agora.xtec.cat\/escolagermanesbertomeu\/wp-json\/wp\/v2\/media\/2499"}],"wp:attachment":[{"href":"https:\/\/agora.xtec.cat\/escolagermanesbertomeu\/wp-json\/wp\/v2\/media?parent=2498"}],"wp:term":[{"taxonomy":"category","embeddable":true,"href":"https:\/\/agora.xtec.cat\/escolagermanesbertomeu\/wp-json\/wp\/v2\/categories?post=2498"},{"taxonomy":"post_tag","embeddable":true,"href":"https:\/\/agora.xtec.cat\/escolagermanesbertomeu\/wp-json\/wp\/v2\/tags?post=2498"}],"curies":[{"name":"wp","href":"https:\/\/api.w.org\/{rel}","templated":true}]}}