{"id":2469,"date":"2020-12-21T08:00:06","date_gmt":"2020-12-21T07:00:06","guid":{"rendered":"http:\/\/agora.xtec.cat\/escolagermanesbertomeu\/?p=2469"},"modified":"2020-12-20T14:06:18","modified_gmt":"2020-12-20T13:06:18","slug":"concert-de-nadal-2020","status":"publish","type":"post","link":"https:\/\/agora.xtec.cat\/escolagermanesbertomeu\/general\/concert-de-nadal-2020\/","title":{"rendered":"Concert de Nadal 2020"},"content":{"rendered":"<div style=\"text-align: justify;\">Fam\u00edlies, infants i seguidors, ens fa molt\u00edssima il\u00b7lusi\u00f3 compartir un cop m\u00e9s amb tots vosaltres el nostre tradicional <strong>Concert de Nadal<\/strong>, a c\u00e0rrec dels infants de l&#8217;escola, del nou mestre de m\u00fasica -en Luis Carlos- i de l&#8217;equip de 4cordes de l&#8217;EMMM. Enguany l&#8217;hem adaptat al format <strong>virtual<\/strong> i organitzat per <strong>grups estables<\/strong> per garantir la salut de tothom<em>. <\/em><\/div>\n<p>&nbsp;<\/p>\n<div><\/div>\n<div style=\"text-align: justify;\"><span style=\"font-family: inherit; font-size: 1em;\">Realment \u00e9s un curs at\u00edpic i excepcional, per<\/span><span style=\"font-family: inherit; font-size: 1em;\">\u00f2 amb ganes i il\u00b7lusi\u00f3, tot segueix sent possible.<\/span><em style=\"font-family: inherit; font-size: 1em;\">\u00a0<\/em><span style=\"font-family: inherit; font-size: 1em;\">Us deixem un m\u00f3n de can\u00e7ons molts animades, amb les quals podeu gaudir en fam\u00edlia d&#8217;aquest Nadal. <\/span><span style=\"font-family: inherit; font-size: 1em;\">Els v\u00eddeos dels concerts estan organitzats segons la lletra del grup classe:<\/span><\/div>\n<div class=\"CjVfdc\">\n<div class=\"PPhIP rviiZ\">\n<div class=\"U26fgb mUbCce fKz7Od LRAOtb rm120e\" role=\"presentation\" aria-describedby=\"h.1w2wdgljk2wd\" aria-label=\"Copia l'enlla\u00e7 del t\u00edtol\" aria-disabled=\"false\" data-tooltip=\"Copia l'enlla\u00e7 del t\u00edtol\" aria-hidden=\"true\" data-tooltip-position=\"top\" data-tooltip-vertical-offset=\"12\" data-tooltip-horizontal-offset=\"0\">\n<ul>\n<li class=\"VTBa7b MbhUzd\"><span class=\" aw5Odc\"><a class=\"XqQF9c\" href=\"https:\/\/www.youtube.com\/watch?v=Ga70iVNQNZM\" target=\"_blank\" rel=\"noopener noreferrer\">Concert de Nadal Virtu@l \/ Sessi\u00f3 A<\/a><\/span> (participaci\u00f3 dels grups A)<\/li>\n<\/ul>\n<\/div>\n<\/div>\n<\/div>\n<ul>\n<li class=\"CjVfdc\"><span class=\" aw5Odc\"><a class=\"XqQF9c\" href=\"https:\/\/www.youtube.com\/watch?v=Loa3HWUJsWU\" target=\"_blank\" rel=\"noopener noreferrer\">Concert de Nadal Virtu@l \/ Sessi\u00f3 B<\/a><\/span> (participaci\u00f3 dels grups B)<\/li>\n<\/ul>\n<div id=\"h.feyehbik9y24\" class=\"GV3q8e aP9Z7e\"><span style=\"font-family: inherit; font-size: 1em;\">Us desitgem molt <\/span><strong style=\"font-family: inherit; font-size: 1em;\">bones festes i un any nou 2021 carregat de salut per a tothom!!<\/strong><\/div>\n<div class=\"CjVfdc\">\n<p>Equip de Germanes Bertomeu<\/p>\n<\/div>\n","protected":false},"excerpt":{"rendered":"<p>Ens fa molt\u00edssima il\u00b7lusi\u00f3 compartir un cop m\u00e9s amb tots vosaltres el nostre tradicional Concert de Nadal. Gaudiu-lo en fam\u00edlia!&hellip;  <a href=\"https:\/\/agora.xtec.cat\/escolagermanesbertomeu\/general\/concert-de-nadal-2020\/\" title=\"Read Concert de Nadal 2020\">Llegeix m\u00e9s\u00bb<\/a><\/p>\n","protected":false},"author":1,"featured_media":2470,"comment_status":"open","ping_status":"closed","sticky":false,"template":"","format":"standard","meta":{"_bbp_topic_count":0,"_bbp_reply_count":0,"_bbp_total_topic_count":0,"_bbp_total_reply_count":0,"_bbp_voice_count":0,"_bbp_anonymous_reply_count":0,"_bbp_topic_count_hidden":0,"_bbp_reply_count_hidden":0,"_bbp_forum_subforum_count":0,"footnotes":""},"categories":[55,1,2,4,5],"tags":[68,60],"class_list":["post-2469","post","type-post","status-publish","format-standard","has-post-thumbnail","hentry","category-escola","category-general","category-infantil","category-portada","category-primaria","tag-4cordes","tag-musica"],"post_mailing_queue_ids":[],"_links":{"self":[{"href":"https:\/\/agora.xtec.cat\/escolagermanesbertomeu\/wp-json\/wp\/v2\/posts\/2469","targetHints":{"allow":["GET"]}}],"collection":[{"href":"https:\/\/agora.xtec.cat\/escolagermanesbertomeu\/wp-json\/wp\/v2\/posts"}],"about":[{"href":"https:\/\/agora.xtec.cat\/escolagermanesbertomeu\/wp-json\/wp\/v2\/types\/post"}],"author":[{"embeddable":true,"href":"https:\/\/agora.xtec.cat\/escolagermanesbertomeu\/wp-json\/wp\/v2\/users\/1"}],"replies":[{"embeddable":true,"href":"https:\/\/agora.xtec.cat\/escolagermanesbertomeu\/wp-json\/wp\/v2\/comments?post=2469"}],"version-history":[{"count":3,"href":"https:\/\/agora.xtec.cat\/escolagermanesbertomeu\/wp-json\/wp\/v2\/posts\/2469\/revisions"}],"predecessor-version":[{"id":2479,"href":"https:\/\/agora.xtec.cat\/escolagermanesbertomeu\/wp-json\/wp\/v2\/posts\/2469\/revisions\/2479"}],"wp:featuredmedia":[{"embeddable":true,"href":"https:\/\/agora.xtec.cat\/escolagermanesbertomeu\/wp-json\/wp\/v2\/media\/2470"}],"wp:attachment":[{"href":"https:\/\/agora.xtec.cat\/escolagermanesbertomeu\/wp-json\/wp\/v2\/media?parent=2469"}],"wp:term":[{"taxonomy":"category","embeddable":true,"href":"https:\/\/agora.xtec.cat\/escolagermanesbertomeu\/wp-json\/wp\/v2\/categories?post=2469"},{"taxonomy":"post_tag","embeddable":true,"href":"https:\/\/agora.xtec.cat\/escolagermanesbertomeu\/wp-json\/wp\/v2\/tags?post=2469"}],"curies":[{"name":"wp","href":"https:\/\/api.w.org\/{rel}","templated":true}]}}