{"id":2464,"date":"2020-11-20T12:42:18","date_gmt":"2020-11-20T11:42:18","guid":{"rendered":"http:\/\/agora.xtec.cat\/escolagermanesbertomeu\/?p=2464"},"modified":"2020-12-20T13:16:58","modified_gmt":"2020-12-20T12:16:58","slug":"bertociencies-2020","status":"publish","type":"post","link":"https:\/\/agora.xtec.cat\/escolagermanesbertomeu\/general\/bertociencies-2020\/","title":{"rendered":"Bertoci\u00e8ncies 2020"},"content":{"rendered":"<p>Des de ja fa molts anys, l&#8217;escola se suma a la celebraci\u00f3 de la setmana de la ci\u00e8ncia generant un munt d&#8217;experiments al voltant d&#8217;un tema. Aquest any han participat totes les aules de P5 a 6\u00e8, amb la <strong>salut vegetal<\/strong> com a eix vertebrador.<\/p>\n<p>La tradicional mostra que ofer\u00edem a les fam\u00edlies a la mateixa escola ha hagut de ser reconvertida en una exposici\u00f3 virtual a c\u00e0rrec dels mateixos infants. No us perdeu cap detall del m\u00e8tode cient\u00edfic que han seguit els alumnes, ara investigadors, per arribar a les conclusions finals a partir d&#8217;una q\u00fcesti\u00f3 inicial i una hip\u00f2tesi de treball.<\/p>\n<p>Us convidem a clicar als seg\u00fcents enlla\u00e7os organitzats per cursos per veure el que han preparat els infants per ensenyar-vos i tot el que han descobert:<\/p>\n<ul>\n<li>P5A:\u00a0<a href=\"https:\/\/drive.google.com\/drive\/folders\/1zEoV36ncWFabl6jD9FgbdQX-XIcQM47f\" target=\"_blank\" rel=\"noreferrer noopener\">Les llavors, aquells petits tresors que trobem al pati<\/a><\/li>\n<li>P5B : \u00a0<a href=\"https:\/\/www.canva.com\/design\/DAEOoQLpw2w\/ZhqOJLwLjyB650GPdqzGdw\/view?utm_content=DAEOoQLpw2w&amp;utm_campaign=designshare&amp;utm_medium=link&amp;utm_source=recording_view\" target=\"_blank\" rel=\"noreferrer noopener\">Dins les pomes hem trobat llavors!!!<\/a>\u00a0\u00a0\/\u00a0<a href=\"https:\/\/drive.google.com\/drive\/folders\/13gTEyWr9AwJHZKFSfPN4FrtMdfgWLogW\" target=\"_blank\" rel=\"noreferrer noopener\">Presentaci\u00f3 PDF<\/a><\/li>\n<li>1rA:\u00a0<a href=\"https:\/\/drive.google.com\/drive\/folders\/1xk7owiQR-Y1yokxcUOf_-K09x0vG1tdi\" target=\"_blank\" rel=\"noreferrer noopener\">Qu\u00e8 han observat els infants?<\/a><\/li>\n<li>1rB:\u00a0<a href=\"https:\/\/drive.google.com\/drive\/folders\/1C4oYfqkAu3blg_1biMaEaOB-bxrw2nkL\" target=\"_blank\" rel=\"noreferrer noopener\">Ca\u00e7adors de llavors: per a qu\u00e8 serveixen?<\/a><\/li>\n<li>2n A i B:\u00a0<a href=\"https:\/\/drive.google.com\/drive\/folders\/1PLiER6uozr2WV9-t7vKDcE0mUcQoEztJ\" target=\"_blank\" rel=\"noreferrer noopener\">Compostatge<\/a><\/li>\n<li>3rA:\u00a0<a href=\"https:\/\/drive.google.com\/drive\/folders\/1q_4UhJT6hoQHPIGALtws1PxRm-7qio_m\" target=\"_blank\" rel=\"noreferrer noopener\">L&#8217;alimentaci\u00f3 de les plantes<\/a><\/li>\n<li>3rB:\u00a0<a href=\"https:\/\/drive.google.com\/drive\/folders\/1BnsYShLrLhfWYinXRAd9szuvgMm1sqjk\" target=\"_blank\" rel=\"noreferrer noopener\">Qu\u00e8 ens poden oferir les plantes?<\/a><\/li>\n<li>4t A i B:\u00a0<a href=\"https:\/\/drive.google.com\/drive\/folders\/14o-1_06fqYXGlZ7YMAPR-IJh-K9Crx1f\" target=\"_blank\" rel=\"noreferrer noopener\">Com inlfueixen en el creixement de les plantes l&#8217;aigua, la terra i la llum?<\/a><\/li>\n<li>5\u00e8 A i B:\u00a0<a href=\"https:\/\/drive.google.com\/drive\/folders\/1RxRBo_BOIJlpotGKNlpqjEBWXDZSbdtt\" target=\"_blank\" rel=\"noreferrer noopener\">La Sarrac\u00e8nia<\/a><\/li>\n<li>6\u00e8 A i B:\u00a0<a href=\"https:\/\/drive.google.com\/drive\/folders\/1SfrhiZRfR8jIQ-DMs-J8Mlkbksys34HQ\" target=\"_blank\" rel=\"noreferrer noopener\">Les plagues<\/a><\/li>\n<\/ul>\n<p>Esperem que us agradi!<\/p>\n<p>Equip Germanes Bertomeu<\/p>\n","protected":false},"excerpt":{"rendered":"<p>L&#8217;escola se suma a la celebraci\u00f3 de la setmana de la ci\u00e8ncia generant un munt d&#8217;experiments al voltant d&#8217;un tema. Aquest any han participat totes les aules de P5 a 6\u00e8, amb la salut vegetal com a eix vertebrador.&hellip;  <a href=\"https:\/\/agora.xtec.cat\/escolagermanesbertomeu\/general\/bertociencies-2020\/\" title=\"Read Bertoci\u00e8ncies 2020\">Llegeix m\u00e9s\u00bb<\/a><\/p>\n","protected":false},"author":1,"featured_media":2465,"comment_status":"open","ping_status":"closed","sticky":false,"template":"","format":"standard","meta":{"_bbp_topic_count":0,"_bbp_reply_count":0,"_bbp_total_topic_count":0,"_bbp_total_reply_count":0,"_bbp_voice_count":0,"_bbp_anonymous_reply_count":0,"_bbp_topic_count_hidden":0,"_bbp_reply_count_hidden":0,"_bbp_forum_subforum_count":0,"footnotes":""},"categories":[55,1,95,4,5],"tags":[86,82],"class_list":["post-2464","post","type-post","status-publish","format-standard","has-post-thumbnail","hentry","category-escola","category-general","category-p5","category-portada","category-primaria","tag-bertociencies","tag-documentacio"],"post_mailing_queue_ids":[],"_links":{"self":[{"href":"https:\/\/agora.xtec.cat\/escolagermanesbertomeu\/wp-json\/wp\/v2\/posts\/2464","targetHints":{"allow":["GET"]}}],"collection":[{"href":"https:\/\/agora.xtec.cat\/escolagermanesbertomeu\/wp-json\/wp\/v2\/posts"}],"about":[{"href":"https:\/\/agora.xtec.cat\/escolagermanesbertomeu\/wp-json\/wp\/v2\/types\/post"}],"author":[{"embeddable":true,"href":"https:\/\/agora.xtec.cat\/escolagermanesbertomeu\/wp-json\/wp\/v2\/users\/1"}],"replies":[{"embeddable":true,"href":"https:\/\/agora.xtec.cat\/escolagermanesbertomeu\/wp-json\/wp\/v2\/comments?post=2464"}],"version-history":[{"count":3,"href":"https:\/\/agora.xtec.cat\/escolagermanesbertomeu\/wp-json\/wp\/v2\/posts\/2464\/revisions"}],"predecessor-version":[{"id":2468,"href":"https:\/\/agora.xtec.cat\/escolagermanesbertomeu\/wp-json\/wp\/v2\/posts\/2464\/revisions\/2468"}],"wp:featuredmedia":[{"embeddable":true,"href":"https:\/\/agora.xtec.cat\/escolagermanesbertomeu\/wp-json\/wp\/v2\/media\/2465"}],"wp:attachment":[{"href":"https:\/\/agora.xtec.cat\/escolagermanesbertomeu\/wp-json\/wp\/v2\/media?parent=2464"}],"wp:term":[{"taxonomy":"category","embeddable":true,"href":"https:\/\/agora.xtec.cat\/escolagermanesbertomeu\/wp-json\/wp\/v2\/categories?post=2464"},{"taxonomy":"post_tag","embeddable":true,"href":"https:\/\/agora.xtec.cat\/escolagermanesbertomeu\/wp-json\/wp\/v2\/tags?post=2464"}],"curies":[{"name":"wp","href":"https:\/\/api.w.org\/{rel}","templated":true}]}}