{"id":2430,"date":"2020-11-04T10:25:25","date_gmt":"2020-11-04T09:25:25","guid":{"rendered":"http:\/\/agora.xtec.cat\/escolagermanesbertomeu\/?p=2430"},"modified":"2020-11-04T10:25:31","modified_gmt":"2020-11-04T09:25:31","slug":"estrenem-aula-virtual-de-musica","status":"publish","type":"post","link":"https:\/\/agora.xtec.cat\/escolagermanesbertomeu\/general\/estrenem-aula-virtual-de-musica\/","title":{"rendered":"Estrenem Aula Virtual de M\u00fasica"},"content":{"rendered":"<p dir=\"ltr\" style=\"text-align: center;\"><img loading=\"lazy\" decoding=\"async\" class=\"attachment-266x266 \" src=\"https:\/\/agora.xtec.cat\/escolagermanesbertomeu\/wp-content\/uploads\/usu1488\/2020\/10\/unnamed.jpg\" alt=\"\" width=\"286\" height=\"190\" \/><\/p>\n<p dir=\"ltr\">Benvinguts i benvingudes! Ens fa molt\u00edssima il\u00b7lusi\u00f3 compartir amb tot vosaltres l&#8217;<a href=\"https:\/\/sites.google.com\/xtec.cat\/musicagermanesbertomeu\"><strong>espai virtual de M\u00fasica<\/strong><\/a> de la nostra escola. Ser\u00e0 un espai per compartir tot all\u00f2 que anem fent.<\/p>\n<p dir=\"ltr\">D&#8217;una banda,\u00a0 tindreu acc\u00e9s a cada grup classe, des del qual podreu veure les <strong>can\u00e7ons, danses, audicions<\/strong>, etc. que estem treballant a l&#8217;aula de M\u00fasica. Aix\u00ed tamb\u00e9, com <strong>imatges<\/strong> i <strong>v\u00eddeos<\/strong> dels vostres fills i filles.<\/p>\n<p dir=\"ltr\">D&#8217;una altra banda, tindreu <strong>recomanacions<\/strong>,<strong> projectes <\/strong>i <strong>novetats<\/strong>. Esperem que aquest espai sigui profit\u00f3s per tots i totes i sobretot que puguem gaudir de la M\u00fasica plegats\/des.<\/p>\n<p dir=\"ltr\">Visca la M\u00fasica!!!<\/p>\n","protected":false},"excerpt":{"rendered":"<p>Us presentem l&#8217;espai virtual de M\u00fasica de la nostra escola. Ser\u00e0 un espai per compartir tot all\u00f2 que anem fent.<br \/>\nVisca la M\u00fasica!!!&hellip;  <a href=\"https:\/\/agora.xtec.cat\/escolagermanesbertomeu\/general\/estrenem-aula-virtual-de-musica\/\" title=\"Read Estrenem Aula Virtual de M\u00fasica\">Llegeix m\u00e9s\u00bb<\/a><\/p>\n","protected":false},"author":67,"featured_media":2417,"comment_status":"open","ping_status":"closed","sticky":false,"template":"","format":"standard","meta":{"_bbp_topic_count":0,"_bbp_reply_count":0,"_bbp_total_topic_count":0,"_bbp_total_reply_count":0,"_bbp_voice_count":0,"_bbp_anonymous_reply_count":0,"_bbp_topic_count_hidden":0,"_bbp_reply_count_hidden":0,"_bbp_forum_subforum_count":0,"footnotes":""},"categories":[55,1],"tags":[],"class_list":["post-2430","post","type-post","status-publish","format-standard","has-post-thumbnail","hentry","category-escola","category-general"],"post_mailing_queue_ids":[],"_links":{"self":[{"href":"https:\/\/agora.xtec.cat\/escolagermanesbertomeu\/wp-json\/wp\/v2\/posts\/2430","targetHints":{"allow":["GET"]}}],"collection":[{"href":"https:\/\/agora.xtec.cat\/escolagermanesbertomeu\/wp-json\/wp\/v2\/posts"}],"about":[{"href":"https:\/\/agora.xtec.cat\/escolagermanesbertomeu\/wp-json\/wp\/v2\/types\/post"}],"author":[{"embeddable":true,"href":"https:\/\/agora.xtec.cat\/escolagermanesbertomeu\/wp-json\/wp\/v2\/users\/67"}],"replies":[{"embeddable":true,"href":"https:\/\/agora.xtec.cat\/escolagermanesbertomeu\/wp-json\/wp\/v2\/comments?post=2430"}],"version-history":[{"count":3,"href":"https:\/\/agora.xtec.cat\/escolagermanesbertomeu\/wp-json\/wp\/v2\/posts\/2430\/revisions"}],"predecessor-version":[{"id":2438,"href":"https:\/\/agora.xtec.cat\/escolagermanesbertomeu\/wp-json\/wp\/v2\/posts\/2430\/revisions\/2438"}],"wp:featuredmedia":[{"embeddable":true,"href":"https:\/\/agora.xtec.cat\/escolagermanesbertomeu\/wp-json\/wp\/v2\/media\/2417"}],"wp:attachment":[{"href":"https:\/\/agora.xtec.cat\/escolagermanesbertomeu\/wp-json\/wp\/v2\/media?parent=2430"}],"wp:term":[{"taxonomy":"category","embeddable":true,"href":"https:\/\/agora.xtec.cat\/escolagermanesbertomeu\/wp-json\/wp\/v2\/categories?post=2430"},{"taxonomy":"post_tag","embeddable":true,"href":"https:\/\/agora.xtec.cat\/escolagermanesbertomeu\/wp-json\/wp\/v2\/tags?post=2430"}],"curies":[{"name":"wp","href":"https:\/\/api.w.org\/{rel}","templated":true}]}}