{"id":2394,"date":"2020-09-08T13:49:04","date_gmt":"2020-09-08T11:49:04","guid":{"rendered":"http:\/\/agora.xtec.cat\/escolagermanesbertomeu\/?p=2394"},"modified":"2020-09-08T13:49:04","modified_gmt":"2020-09-08T11:49:04","slug":"pla-dorganitzacio-curs-20-21","status":"publish","type":"post","link":"https:\/\/agora.xtec.cat\/escolagermanesbertomeu\/general\/pla-dorganitzacio-curs-20-21\/","title":{"rendered":"Pla d&#8217;organitzaci\u00f3 curs 20-21"},"content":{"rendered":"<p>El dia 14 comencem un nou curs amb tota la il\u00b7lusi\u00f3 del m\u00f3n. Sense dubte, aquest curs vindr\u00e0 marcat per la nova realitat i les adaptacions que prendrem per fer de l&#8217;escola un lloc segur per\u00f2 mantenint l&#8217;ess\u00e8ncia del projecte educatiu.<\/p>\n<p>Hem recollit tota l&#8217;organitzaci\u00f3 del curs en un document que ha estat aprovat pel Consell Escolar en sessi\u00f3 del 7 de setembre. Podeu consultar-lo aqu\u00ed:<\/p>\n<p><a href=\"https:\/\/agora.xtec.cat\/escolagermanesbertomeu\/wp-content\/uploads\/usu1488\/2020\/09\/Pla-dOrganitzaci\u00f3-de-Centre-2020-2021.docx.pdf\">Pla d&#8217;Organitzaci\u00f3 de Centre 2020-2021<\/a><\/p>\n<p>A les reunions d&#8217;aula us detallaran els aspectes m\u00e9s importants.<\/p>\n<p>Bon inici de curs!<\/p>\n<p>&nbsp;<\/p>\n","protected":false},"excerpt":{"rendered":"<p>El dia 14 comencem un nou curs amb tota la il\u00b7lusi\u00f3 del m\u00f3n. Sense dubte, aquest curs vindr\u00e0 marcat per la nova realitat i les adaptacions que prendrem per fer de l&#8217;escola un lloc segur per\u00f2 mantenint l&#8217;ess\u00e8ncia del projecte educatiu.<br \/>\nHem recollit tota l&#8217;organitzaci\u00f3 del&hellip;  <a href=\"https:\/\/agora.xtec.cat\/escolagermanesbertomeu\/general\/pla-dorganitzacio-curs-20-21\/\" title=\"Read Pla d&#8217;organitzaci\u00f3 curs 20-21\">Llegeix m\u00e9s\u00bb<\/a><\/p>\n","protected":false},"author":1,"featured_media":0,"comment_status":"open","ping_status":"closed","sticky":false,"template":"","format":"standard","meta":{"_bbp_topic_count":0,"_bbp_reply_count":0,"_bbp_total_topic_count":0,"_bbp_total_reply_count":0,"_bbp_voice_count":0,"_bbp_anonymous_reply_count":0,"_bbp_topic_count_hidden":0,"_bbp_reply_count_hidden":0,"_bbp_forum_subforum_count":0,"footnotes":""},"categories":[1],"tags":[],"class_list":["post-2394","post","type-post","status-publish","format-standard","hentry","category-general"],"post_mailing_queue_ids":[],"_links":{"self":[{"href":"https:\/\/agora.xtec.cat\/escolagermanesbertomeu\/wp-json\/wp\/v2\/posts\/2394","targetHints":{"allow":["GET"]}}],"collection":[{"href":"https:\/\/agora.xtec.cat\/escolagermanesbertomeu\/wp-json\/wp\/v2\/posts"}],"about":[{"href":"https:\/\/agora.xtec.cat\/escolagermanesbertomeu\/wp-json\/wp\/v2\/types\/post"}],"author":[{"embeddable":true,"href":"https:\/\/agora.xtec.cat\/escolagermanesbertomeu\/wp-json\/wp\/v2\/users\/1"}],"replies":[{"embeddable":true,"href":"https:\/\/agora.xtec.cat\/escolagermanesbertomeu\/wp-json\/wp\/v2\/comments?post=2394"}],"version-history":[{"count":1,"href":"https:\/\/agora.xtec.cat\/escolagermanesbertomeu\/wp-json\/wp\/v2\/posts\/2394\/revisions"}],"predecessor-version":[{"id":2395,"href":"https:\/\/agora.xtec.cat\/escolagermanesbertomeu\/wp-json\/wp\/v2\/posts\/2394\/revisions\/2395"}],"wp:attachment":[{"href":"https:\/\/agora.xtec.cat\/escolagermanesbertomeu\/wp-json\/wp\/v2\/media?parent=2394"}],"wp:term":[{"taxonomy":"category","embeddable":true,"href":"https:\/\/agora.xtec.cat\/escolagermanesbertomeu\/wp-json\/wp\/v2\/categories?post=2394"},{"taxonomy":"post_tag","embeddable":true,"href":"https:\/\/agora.xtec.cat\/escolagermanesbertomeu\/wp-json\/wp\/v2\/tags?post=2394"}],"curies":[{"name":"wp","href":"https:\/\/api.w.org\/{rel}","templated":true}]}}