{"id":2373,"date":"2020-06-15T11:08:48","date_gmt":"2020-06-15T09:08:48","guid":{"rendered":"http:\/\/agora.xtec.cat\/escolagermanesbertomeu\/?p=2373"},"modified":"2020-06-15T11:08:48","modified_gmt":"2020-06-15T09:08:48","slug":"que-puc-llegir-aquest-estiu-3","status":"publish","type":"post","link":"https:\/\/agora.xtec.cat\/escolagermanesbertomeu\/general\/que-puc-llegir-aquest-estiu-3\/","title":{"rendered":"Qu\u00e8 puc llegir aquest estiu?"},"content":{"rendered":"<p>Enguany aquesta guia d\u2019estiu vol recollir algunes de les propostes de lectura que ten\u00edem previstes i que no hem pogut realitzar a causa del \u201cconfinament\u201d provocat per la C\u00f2vid-19. Tamb\u00e9 hi trobareu alguna de les novetats que havien arribat a la biblioteca escolar abans de tancar.<br \/>\nEsperem que us sigui d\u2019ajuda.<\/p>\n<p>Recordeu que us podeu adre\u00e7ar, amb cita pr\u00e8via, a les biblioteques p\u00fabliques.<\/p>\n<p>Bones vacances i bones lectures!<\/p>\n<div class=\"container-wrapper-genially\" style=\"min-height: 400px; max-width: 100%;\">\n<p><video class=\"loader-genially\" style=\"width: 80px; height: 80px; margin-bottom: 10%;\" autoplay=\"autoplay\" loop=\"loop\" muted=\"muted\" width=\"300\" height=\"150\">Your browser does not support the video tag.<\/video><\/p>\n<div id=\"5eae8fd032376f0d7de4851b\" class=\"genially-embed\" style=\"margin: 0px auto; height: auto; width: 100%;\"><\/div>\n<\/div>\n<p><script>(function (d) { var js, id = \"genially-embed-js\", ref = d.getElementsByTagName(\"script\")[0]; if (d.getElementById(id)) { return; } js = d.createElement(\"script\"); js.id = id; js.async = true; js.src = \"https:\/\/view.genial.ly\/static\/embed\/embed.js\"; ref.parentNode.insertBefore(js, ref); }(document));<\/script><\/p>\n","protected":false},"excerpt":{"rendered":"<p>Enguany aquesta guia d\u2019estiu vol recollir algunes de les propostes de lectura que ten\u00edem previstes i que no hem pogut realitzar a causa del \u201cconfinament\u201d provocat per la C\u00f2vid-19. Tamb\u00e9 hi trobareu alguna de les novetats que havien arribat a la biblioteca escolar abans de&hellip;  <a href=\"https:\/\/agora.xtec.cat\/escolagermanesbertomeu\/general\/que-puc-llegir-aquest-estiu-3\/\" title=\"Read Qu\u00e8 puc llegir aquest estiu?\">Llegeix m\u00e9s\u00bb<\/a><\/p>\n","protected":false},"author":34,"featured_media":2363,"comment_status":"open","ping_status":"closed","sticky":false,"template":"","format":"standard","meta":{"_bbp_topic_count":0,"_bbp_reply_count":0,"_bbp_total_topic_count":0,"_bbp_total_reply_count":0,"_bbp_voice_count":0,"_bbp_anonymous_reply_count":0,"_bbp_topic_count_hidden":0,"_bbp_reply_count_hidden":0,"_bbp_forum_subforum_count":0,"footnotes":""},"categories":[56,1],"tags":[90],"class_list":["post-2373","post","type-post","status-publish","format-standard","has-post-thumbnail","hentry","category-biblioteca","category-general","tag-biblioteca"],"post_mailing_queue_ids":[],"_links":{"self":[{"href":"https:\/\/agora.xtec.cat\/escolagermanesbertomeu\/wp-json\/wp\/v2\/posts\/2373","targetHints":{"allow":["GET"]}}],"collection":[{"href":"https:\/\/agora.xtec.cat\/escolagermanesbertomeu\/wp-json\/wp\/v2\/posts"}],"about":[{"href":"https:\/\/agora.xtec.cat\/escolagermanesbertomeu\/wp-json\/wp\/v2\/types\/post"}],"author":[{"embeddable":true,"href":"https:\/\/agora.xtec.cat\/escolagermanesbertomeu\/wp-json\/wp\/v2\/users\/34"}],"replies":[{"embeddable":true,"href":"https:\/\/agora.xtec.cat\/escolagermanesbertomeu\/wp-json\/wp\/v2\/comments?post=2373"}],"version-history":[{"count":3,"href":"https:\/\/agora.xtec.cat\/escolagermanesbertomeu\/wp-json\/wp\/v2\/posts\/2373\/revisions"}],"predecessor-version":[{"id":2387,"href":"https:\/\/agora.xtec.cat\/escolagermanesbertomeu\/wp-json\/wp\/v2\/posts\/2373\/revisions\/2387"}],"wp:featuredmedia":[{"embeddable":true,"href":"https:\/\/agora.xtec.cat\/escolagermanesbertomeu\/wp-json\/wp\/v2\/media\/2363"}],"wp:attachment":[{"href":"https:\/\/agora.xtec.cat\/escolagermanesbertomeu\/wp-json\/wp\/v2\/media?parent=2373"}],"wp:term":[{"taxonomy":"category","embeddable":true,"href":"https:\/\/agora.xtec.cat\/escolagermanesbertomeu\/wp-json\/wp\/v2\/categories?post=2373"},{"taxonomy":"post_tag","embeddable":true,"href":"https:\/\/agora.xtec.cat\/escolagermanesbertomeu\/wp-json\/wp\/v2\/tags?post=2373"}],"curies":[{"name":"wp","href":"https:\/\/api.w.org\/{rel}","templated":true}]}}