{"id":2353,"date":"2020-06-05T12:55:37","date_gmt":"2020-06-05T10:55:37","guid":{"rendered":"http:\/\/agora.xtec.cat\/escolagermanesbertomeu\/?p=2353"},"modified":"2020-06-05T12:55:37","modified_gmt":"2020-06-05T10:55:37","slug":"pla-de-reobertura-del-centre","status":"publish","type":"post","link":"https:\/\/agora.xtec.cat\/escolagermanesbertomeu\/general\/pla-de-reobertura-del-centre\/","title":{"rendered":"Pla de Reobertura del centre"},"content":{"rendered":"<p><span style=\"font-weight: 400;\">El Departament d\u2019Educaci\u00f3, amb la col\u00b7laboraci\u00f3 del PROCICAT, va publicar el passat 20 de maig el <\/span><a href=\"https:\/\/documents.espai.educacio.gencat.cat\/IPCNormativa\/DisposicionsInternes\/Pla-reobertura-centres-fase2.pdf\"><span style=\"font-weight: 400;\">Pla de reobertura de centres educatius en aquells territoris que estiguin en Fase 2<\/span><\/a><span style=\"font-weight: 400;\"> de desescalada (a Matar\u00f3, podr\u00edem estar parlant de dilluns 8 de juny). Aquest document preveu l\u2019obertura de centres amb mesures de seguretat per a infants i personal laboral que les autoritats sanit\u00e0ries han establert per aquestes darreres setmanes de juny.<\/span><\/p>\n<p><span style=\"font-weight: 400;\">El pla efectua propostes per a l\u2019acci\u00f3 educativa amb un triple objectiu:<\/span><\/p>\n<ul>\n<li style=\"font-weight: 400;\"><span style=\"font-weight: 400;\">El suport lectiu i d\u2019orientaci\u00f3, fent especial \u00e8mfasi en els finals d\u2019etapa educativa.\u00a0<\/span><\/li>\n<li style=\"font-weight: 400;\"><span style=\"font-weight: 400;\">L\u2019acompanyament tutorial i emocional de tot l\u2019alumnat.\u00a0<\/span><\/li>\n<li style=\"font-weight: 400;\"><span style=\"font-weight: 400;\">Facilitar la planificaci\u00f3 dels diferents escenaris del curs 2020-2021 en cada centre, incidint en l\u2019organitzaci\u00f3 del retorn.\u00a0<\/span><\/li>\n<\/ul>\n<p><span style=\"font-weight: 400;\">A inst\u00e0ncies de la inspecci\u00f3 educativa, aquesta direcci\u00f3 ha elaborat aquest <a href=\"https:\/\/drive.google.com\/file\/d\/13ZDvrGmtw95P4SF-_c7n6MilS0Uk5Ghr\/view?usp=sharing\">Pla de Reobertura de l\u2019escola<\/a> atenent al pla general citat a dalt i a l\u2019acord de ciutat arribat per la gran majoria d\u2019escoles p\u00fabliques.<\/span><\/p>\n<p><span style=\"font-weight: 400;\">El pla contempla 7 \u00e0mbits d\u2019actuaci\u00f3: organitzaci\u00f3 de centre, alumnat, professorat i PAS, espais i grups, serveis complementaris, material escolar, organitzaci\u00f3 pedag\u00f2gica, mesures de protecci\u00f3 i prevenci\u00f3 i el pla d\u2019aplicaci\u00f3. Compte amb una p<\/span><span style=\"font-weight: 400;\">lanificaci\u00f3 que no ser\u00e0 r\u00edgida per\u00f2 s\u00ed estableix una base per afrontar la situaci\u00f3 i unificar criteris organitzatius, de funcionament i tot seguint les mesures sanit\u00e0ries.<\/span><\/p>\n","protected":false},"excerpt":{"rendered":"<p>Compartim el Pla de Reobertura del centre en fase 2 de desescalada, previst per a aquestes darreres setmanes de juny.&hellip;  <a href=\"https:\/\/agora.xtec.cat\/escolagermanesbertomeu\/general\/pla-de-reobertura-del-centre\/\" title=\"Read Pla de Reobertura del centre\">Llegeix m\u00e9s\u00bb<\/a><\/p>\n","protected":false},"author":1,"featured_media":2354,"comment_status":"open","ping_status":"closed","sticky":false,"template":"","format":"standard","meta":{"_bbp_topic_count":0,"_bbp_reply_count":0,"_bbp_total_topic_count":0,"_bbp_total_reply_count":0,"_bbp_voice_count":0,"_bbp_anonymous_reply_count":0,"_bbp_topic_count_hidden":0,"_bbp_reply_count_hidden":0,"_bbp_forum_subforum_count":0,"footnotes":""},"categories":[55,1,4],"tags":[],"class_list":["post-2353","post","type-post","status-publish","format-standard","has-post-thumbnail","hentry","category-escola","category-general","category-portada"],"post_mailing_queue_ids":[],"_links":{"self":[{"href":"https:\/\/agora.xtec.cat\/escolagermanesbertomeu\/wp-json\/wp\/v2\/posts\/2353","targetHints":{"allow":["GET"]}}],"collection":[{"href":"https:\/\/agora.xtec.cat\/escolagermanesbertomeu\/wp-json\/wp\/v2\/posts"}],"about":[{"href":"https:\/\/agora.xtec.cat\/escolagermanesbertomeu\/wp-json\/wp\/v2\/types\/post"}],"author":[{"embeddable":true,"href":"https:\/\/agora.xtec.cat\/escolagermanesbertomeu\/wp-json\/wp\/v2\/users\/1"}],"replies":[{"embeddable":true,"href":"https:\/\/agora.xtec.cat\/escolagermanesbertomeu\/wp-json\/wp\/v2\/comments?post=2353"}],"version-history":[{"count":2,"href":"https:\/\/agora.xtec.cat\/escolagermanesbertomeu\/wp-json\/wp\/v2\/posts\/2353\/revisions"}],"predecessor-version":[{"id":2356,"href":"https:\/\/agora.xtec.cat\/escolagermanesbertomeu\/wp-json\/wp\/v2\/posts\/2353\/revisions\/2356"}],"wp:featuredmedia":[{"embeddable":true,"href":"https:\/\/agora.xtec.cat\/escolagermanesbertomeu\/wp-json\/wp\/v2\/media\/2354"}],"wp:attachment":[{"href":"https:\/\/agora.xtec.cat\/escolagermanesbertomeu\/wp-json\/wp\/v2\/media?parent=2353"}],"wp:term":[{"taxonomy":"category","embeddable":true,"href":"https:\/\/agora.xtec.cat\/escolagermanesbertomeu\/wp-json\/wp\/v2\/categories?post=2353"},{"taxonomy":"post_tag","embeddable":true,"href":"https:\/\/agora.xtec.cat\/escolagermanesbertomeu\/wp-json\/wp\/v2\/tags?post=2353"}],"curies":[{"name":"wp","href":"https:\/\/api.w.org\/{rel}","templated":true}]}}