{"id":2301,"date":"2020-05-08T17:25:58","date_gmt":"2020-05-08T15:25:58","guid":{"rendered":"http:\/\/agora.xtec.cat\/escolagermanesbertomeu\/?p=2301"},"modified":"2020-05-13T15:35:24","modified_gmt":"2020-05-13T13:35:24","slug":"informacio-rellevant-de-lescola-a-efectes-de-preinscripcio","status":"publish","type":"post","link":"https:\/\/agora.xtec.cat\/escolagermanesbertomeu\/general\/informacio-rellevant-de-lescola-a-efectes-de-preinscripcio\/","title":{"rendered":"Informaci\u00f3 rellevant de l&#8217;escola a efectes de preinscripci\u00f3"},"content":{"rendered":"<p>Tenint en compte el context actual (impossibilitat de rebre visites a les instal\u00b7lacions del centre i proximitat del per\u00edode de preinscripci\u00f3), hem considerat oport\u00fa informar-vos per aquest canal dels aspectes m\u00e9s rellevants -i pr\u00e0ctics- de l&#8217;escola als qui esteu valorant fer sol\u00b7licitud aqu\u00ed.<\/p>\n<ul>\n<li><strong>Projecte Educatiu:<\/strong>\n<ul>\n<li>Versi\u00f3 <a href=\"https:\/\/www.youtube.com\/watch?v=t4vAYonquyo&amp;feature=youtu.be\">clip de video<\/a><\/li>\n<li>Versi\u00f3 <a href=\"https:\/\/drive.google.com\/file\/d\/1wHVEXhC1iLRKLimMIGl606PeLKkzp7Aq\/view?usp=sharing\">infografia<\/a><\/li>\n<\/ul>\n<\/li>\n<li>Visita virtual a les<strong> instal\u00b7lacions: <\/strong>\n<ul>\n<li><a href=\"https:\/\/photos.google.com\/share\/AF1QipOlNlEnYaPMUSqoKjvuLPazVM-u583TDCecspYZWzrQ5WycQlAW7lk00Tirkfg28A?key=dWRJd2RMbEk0TEllTnpOWjhPWFMzWGlod3pfUmdn\">Parvulari<\/a><\/li>\n<li><a href=\"https:\/\/photos.google.com\/share\/AF1QipND2p3_RBrvGMHgC0Wxu3aLNW3pAvdgkTqd87X_TRlpuvx-1UUZZ6m2e-vU7vRdcA?key=alFJZVFmTGJjRUJVZ25XTXlTbEVQWUV2NUxQaFVB\">Prim\u00e0ria<\/a><\/li>\n<\/ul>\n<\/li>\n<li><strong>Horari lectiu<\/strong>:\n<ul>\n<li>Ed. Infantil: de 8:30h-12h i de 15h-16:30h<\/li>\n<li>Ed. Prim\u00e0ria: de 8:30h-13h i de 15h-16:30h<\/li>\n<\/ul>\n<\/li>\n<li>Oferta de <a href=\"https:\/\/drive.google.com\/file\/d\/1tO_mKJkgfEyZjY82ZHownQo-65gLk8Pn\/view?usp=sharing\">places al centre<\/a><\/li>\n<li><strong>Serveis<\/strong>:\n<ul>\n<li><a href=\"https:\/\/agora.xtec.cat\/escolagermanesbertomeu\/serveis\/acollida\/\">Perman\u00e8ncies<\/a>:\n<ul>\n<li>Matinal: de 7:45h-8:30h<\/li>\n<li>Migdia (nom\u00e9s Ed. Infantil): de 12-13h<\/li>\n<\/ul>\n<\/li>\n<li><a href=\"https:\/\/agora.xtec.cat\/escolagermanesbertomeu\/serveis\/menjador-escolar\/\">Menjador escolar<\/a>: de 12h\/13h-15h<\/li>\n<li><a href=\"https:\/\/agora.xtec.cat\/escolagermanesbertomeu\/serveis\/activitats-extraescolars\/\">Activitats de lleure<\/a>: de 16:30h-18h<\/li>\n<\/ul>\n<\/li>\n<li><strong>Quotes<\/strong>:\n<ul>\n<li>Material i sortides: 135\u20ac\/infant\/curs<\/li>\n<li>AMPA: 15\u20ac\/fam\u00edlia\/curs<\/li>\n<li>Perman\u00e8ncies: 1&#8217;50\u20ac\/dia<\/li>\n<li>Menjador: 6&#8217;20\u20ac\/dia (espor\u00e0dics 6&#8217;50\u20ac\/dia)<\/li>\n<li>Activitats de lleure:\n<ul>\n<li>1 dia setmanal: 18\u20ac\/mes<\/li>\n<li>2 dies setmanals: 25\u20ac\/mes<\/li>\n<li>3 dies setmanals: 34\u20ac\/mes<\/li>\n<li>4 dies setmanals: 40\u20ac\/mes<\/li>\n<li>5 dies setmanals: 48\u20ac\/mes<\/li>\n<\/ul>\n<\/li>\n<\/ul>\n<\/li>\n<li><strong><a href=\"https:\/\/agora.xtec.cat\/escolagermanesbertomeu\/preinscripcio-2020-2021\/\">Preinscripci\u00f3 per al curs 20-21<\/a>:<\/strong>\n<ul>\n<li>Dates: del 13-22 de maig<\/li>\n<li>Presentaci\u00f3 de la sol\u00b7licitud, telem\u00e0tica o presencial<\/li>\n<\/ul>\n<\/li>\n<\/ul>\n<p><span style=\"font-family: inherit; font-size: 1em;\">De totes formes, si necessiteu ampliar la infomaci\u00f3, no dubteu a contactar amb nosaltres:<\/span><\/p>\n<ul>\n<li>Tel\u00e8fon: 640 14 21 76 (10h-14h i de 16-19h)<\/li>\n<li>Correu electr\u00f2nic: <span style=\"text-decoration: underline;\">a8020929@xtec.cat<\/span><\/li>\n<\/ul>\n","protected":false},"excerpt":{"rendered":"<p>Valores preinscriure el teu fill\/a a Germanes Bertomeu? Aqu\u00ed trobar\u00e0s les dades de car\u00e0cter pr\u00e0ctic sobre<br \/>\nl\u00b4escola.&hellip;  <a href=\"https:\/\/agora.xtec.cat\/escolagermanesbertomeu\/general\/informacio-rellevant-de-lescola-a-efectes-de-preinscripcio\/\" title=\"Read Informaci\u00f3 rellevant de l&#8217;escola a efectes de preinscripci\u00f3\">Llegeix m\u00e9s\u00bb<\/a><\/p>\n","protected":false},"author":1,"featured_media":2194,"comment_status":"open","ping_status":"closed","sticky":false,"template":"","format":"standard","meta":{"_bbp_topic_count":0,"_bbp_reply_count":0,"_bbp_total_topic_count":0,"_bbp_total_reply_count":0,"_bbp_voice_count":0,"_bbp_anonymous_reply_count":0,"_bbp_topic_count_hidden":0,"_bbp_reply_count_hidden":0,"_bbp_forum_subforum_count":0,"footnotes":""},"categories":[55,1,4],"tags":[],"class_list":["post-2301","post","type-post","status-publish","format-standard","has-post-thumbnail","hentry","category-escola","category-general","category-portada"],"post_mailing_queue_ids":[],"_links":{"self":[{"href":"https:\/\/agora.xtec.cat\/escolagermanesbertomeu\/wp-json\/wp\/v2\/posts\/2301","targetHints":{"allow":["GET"]}}],"collection":[{"href":"https:\/\/agora.xtec.cat\/escolagermanesbertomeu\/wp-json\/wp\/v2\/posts"}],"about":[{"href":"https:\/\/agora.xtec.cat\/escolagermanesbertomeu\/wp-json\/wp\/v2\/types\/post"}],"author":[{"embeddable":true,"href":"https:\/\/agora.xtec.cat\/escolagermanesbertomeu\/wp-json\/wp\/v2\/users\/1"}],"replies":[{"embeddable":true,"href":"https:\/\/agora.xtec.cat\/escolagermanesbertomeu\/wp-json\/wp\/v2\/comments?post=2301"}],"version-history":[{"count":4,"href":"https:\/\/agora.xtec.cat\/escolagermanesbertomeu\/wp-json\/wp\/v2\/posts\/2301\/revisions"}],"predecessor-version":[{"id":2307,"href":"https:\/\/agora.xtec.cat\/escolagermanesbertomeu\/wp-json\/wp\/v2\/posts\/2301\/revisions\/2307"}],"wp:featuredmedia":[{"embeddable":true,"href":"https:\/\/agora.xtec.cat\/escolagermanesbertomeu\/wp-json\/wp\/v2\/media\/2194"}],"wp:attachment":[{"href":"https:\/\/agora.xtec.cat\/escolagermanesbertomeu\/wp-json\/wp\/v2\/media?parent=2301"}],"wp:term":[{"taxonomy":"category","embeddable":true,"href":"https:\/\/agora.xtec.cat\/escolagermanesbertomeu\/wp-json\/wp\/v2\/categories?post=2301"},{"taxonomy":"post_tag","embeddable":true,"href":"https:\/\/agora.xtec.cat\/escolagermanesbertomeu\/wp-json\/wp\/v2\/tags?post=2301"}],"curies":[{"name":"wp","href":"https:\/\/api.w.org\/{rel}","templated":true}]}}