{"id":2287,"date":"2020-04-29T17:56:55","date_gmt":"2020-04-29T15:56:55","guid":{"rendered":"http:\/\/agora.xtec.cat\/escolagermanesbertomeu\/?p=2287"},"modified":"2020-04-29T17:57:37","modified_gmt":"2020-04-29T15:57:37","slug":"estrenem-nova-plataforma","status":"publish","type":"post","link":"https:\/\/agora.xtec.cat\/escolagermanesbertomeu\/general\/estrenem-nova-plataforma\/","title":{"rendered":"Estrenem nova plataforma"},"content":{"rendered":"<p>Avui estrenem la nova plataforma per aquest temps de confinament.<\/p>\n<p>Des de fa dies les fam\u00edlies esteu rebent les propostes d&#8217;activitats pels vostres fills mitjan\u00e7ant dinantia (des de P3 fins a 4t) i per classroom (5\u00e8 i 6\u00e8).<\/p>\n<p>Per tal de facilitar-vos les coses, a partir d&#8217;avui mateix,\u00a0<b>TAMB\u00c9\u00a0<\/b>podeu trobar aquestes propostes i altres, a la nova plataforma de l&#8217;escola.<\/p>\n<p><a href=\"https:\/\/agora.xtec.cat\/escolagermanesbertomeu\/wp-content\/uploads\/usu1488\/2020\/04\/web-moodle.png\"><img loading=\"lazy\" decoding=\"async\" class=\"aligncenter wp-image-2288\" src=\"https:\/\/agora.xtec.cat\/escolagermanesbertomeu\/wp-content\/uploads\/usu1488\/2020\/04\/web-moodle-300x207.png\" alt=\"\" width=\"325\" height=\"224\" srcset=\"https:\/\/agora.xtec.cat\/escolagermanesbertomeu\/wp-content\/uploads\/usu1488\/2020\/04\/web-moodle-300x207.png 300w, https:\/\/agora.xtec.cat\/escolagermanesbertomeu\/wp-content\/uploads\/usu1488\/2020\/04\/web-moodle-768x531.png 768w, https:\/\/agora.xtec.cat\/escolagermanesbertomeu\/wp-content\/uploads\/usu1488\/2020\/04\/web-moodle.png 927w\" sizes=\"auto, (max-width: 325px) 100vw, 325px\" \/><\/a><\/p>\n<p>Per contestar a les propostes que rebeu heu de continuar fent-ho de la manera que us han indicat les mestres dels vostres fills\/es.<\/p>\n<p>Us deixem els enlla\u00e7os:<\/p>\n<p>Plataforma de centre:\u00a0<a href=\"http:\/\/ves.cat\/etFR\" target=\"_blank\" rel=\"noreferrer noopener\">http:\/\/ves.cat\/etFR<\/a><\/p>\n<p>Educaci\u00f3 infantil (P3):\u00a0<a href=\"http:\/\/ves.cat\/etFS\" target=\"_blank\" rel=\"noreferrer noopener\">http:\/\/ves.cat\/etFS<\/a><\/p>\n<p>Educaci\u00f3 infantil (P4):\u00a0<a href=\"http:\/\/ves.cat\/etFS\" target=\"_blank\" rel=\"noreferrer noopener\">http:\/\/ves.cat\/etFS<\/a><\/p>\n<p>Educaci\u00f3 infantil (P5):\u00a0<a href=\"http:\/\/ves.cat\/etFS\" target=\"_blank\" rel=\"noreferrer noopener\">http:\/\/ves.cat\/etFS<\/a><\/p>\n<p>Cicle inicial (1r): <a href=\"http:\/\/ves.cat\/etFT\" target=\"_blank\" rel=\"noreferrer noopener\">http:\/\/ves.cat\/etFT<\/a><\/p>\n<p>Cicle inicial (2n):\u00a0<a href=\"http:\/\/ves.cat\/etFT\" target=\"_blank\" rel=\"noreferrer noopener\">http:\/\/ves.cat\/etFT<\/a><\/p>\n<p>Cicle mitj\u00e0 (3r):<a href=\"http:\/\/ves.cat\/etFU\" target=\"_blank\" rel=\"noreferrer noopener\">\u00a0<\/a><a href=\"http:\/\/ves.cat\/etFU\" target=\"_blank\" rel=\"noreferrer noopener\">http:\/\/ves.cat\/etFU<\/a><\/p>\n<p>Cicle mitj\u00e0 (4t):\u00a0<a href=\"http:\/\/ves.cat\/etFV\" target=\"_blank\" rel=\"noreferrer noopener\">http:\/\/ves.cat\/etFV<\/a><\/p>\n<p>Cicle superior (5\u00e8):\u00a0<a href=\"http:\/\/ves.cat\/etFW\" target=\"_blank\" rel=\"noreferrer noopener\">http:\/\/ves.cat\/etFW<\/a><\/p>\n<p>Cicle superior (6\u00e8):\u00a0<a href=\"http:\/\/ves.cat\/etFX\" target=\"_blank\" rel=\"noreferrer noopener\">http:\/\/ves.cat\/etFX<\/a><\/p>\n<p>Altres propostes:\u00a0<a href=\"http:\/\/ves.cat\/etFY\" target=\"_blank\" rel=\"noreferrer noopener\">http:\/\/ves.cat\/etFY<\/a><\/p>\n<p>&nbsp;<\/p>\n","protected":false},"excerpt":{"rendered":"<p>Avui estrenem la nova plataforma per aquest temps de confinament.<br \/>\nDes de fa dies les fam\u00edlies esteu rebent les propostes d&#8217;activitats pels vostres fills mitjan\u00e7ant dinantia (des de P3 fins a 4t) i per classroom (5\u00e8 i 6\u00e8).<br \/>\nPer tal de facilitar-vos les coses, a partir d&#8217;avui&hellip;  <a href=\"https:\/\/agora.xtec.cat\/escolagermanesbertomeu\/general\/estrenem-nova-plataforma\/\" title=\"Read Estrenem nova plataforma\">Llegeix m\u00e9s\u00bb<\/a><\/p>\n","protected":false},"author":1,"featured_media":2288,"comment_status":"open","ping_status":"closed","sticky":false,"template":"","format":"standard","meta":{"_bbp_topic_count":0,"_bbp_reply_count":0,"_bbp_total_topic_count":0,"_bbp_total_reply_count":0,"_bbp_voice_count":0,"_bbp_anonymous_reply_count":0,"_bbp_topic_count_hidden":0,"_bbp_reply_count_hidden":0,"_bbp_forum_subforum_count":0,"footnotes":""},"categories":[9,10,11,12,13,14,1,2,3,8,95,4,5],"tags":[],"class_list":["post-2287","post","type-post","status-publish","format-standard","has-post-thumbnail","hentry","category-1r","category-2n","category-3r","category-4t","category-5e","category-6e","category-general","category-infantil","category-p3","category-p4","category-p5","category-portada","category-primaria"],"post_mailing_queue_ids":[],"_links":{"self":[{"href":"https:\/\/agora.xtec.cat\/escolagermanesbertomeu\/wp-json\/wp\/v2\/posts\/2287","targetHints":{"allow":["GET"]}}],"collection":[{"href":"https:\/\/agora.xtec.cat\/escolagermanesbertomeu\/wp-json\/wp\/v2\/posts"}],"about":[{"href":"https:\/\/agora.xtec.cat\/escolagermanesbertomeu\/wp-json\/wp\/v2\/types\/post"}],"author":[{"embeddable":true,"href":"https:\/\/agora.xtec.cat\/escolagermanesbertomeu\/wp-json\/wp\/v2\/users\/1"}],"replies":[{"embeddable":true,"href":"https:\/\/agora.xtec.cat\/escolagermanesbertomeu\/wp-json\/wp\/v2\/comments?post=2287"}],"version-history":[{"count":2,"href":"https:\/\/agora.xtec.cat\/escolagermanesbertomeu\/wp-json\/wp\/v2\/posts\/2287\/revisions"}],"predecessor-version":[{"id":2290,"href":"https:\/\/agora.xtec.cat\/escolagermanesbertomeu\/wp-json\/wp\/v2\/posts\/2287\/revisions\/2290"}],"wp:featuredmedia":[{"embeddable":true,"href":"https:\/\/agora.xtec.cat\/escolagermanesbertomeu\/wp-json\/wp\/v2\/media\/2288"}],"wp:attachment":[{"href":"https:\/\/agora.xtec.cat\/escolagermanesbertomeu\/wp-json\/wp\/v2\/media?parent=2287"}],"wp:term":[{"taxonomy":"category","embeddable":true,"href":"https:\/\/agora.xtec.cat\/escolagermanesbertomeu\/wp-json\/wp\/v2\/categories?post=2287"},{"taxonomy":"post_tag","embeddable":true,"href":"https:\/\/agora.xtec.cat\/escolagermanesbertomeu\/wp-json\/wp\/v2\/tags?post=2287"}],"curies":[{"name":"wp","href":"https:\/\/api.w.org\/{rel}","templated":true}]}}