{"id":2272,"date":"2020-02-04T16:22:13","date_gmt":"2020-02-04T15:22:13","guid":{"rendered":"http:\/\/agora.xtec.cat\/escolagermanesbertomeu\/?p=2272"},"modified":"2020-04-14T15:29:41","modified_gmt":"2020-04-14T13:29:41","slug":"galetes-de-pau-i-damor","status":"publish","type":"post","link":"https:\/\/agora.xtec.cat\/escolagermanesbertomeu\/primaria\/galetes-de-pau-i-damor\/","title":{"rendered":"GALETES DE PAU I D&#8217;AMOR"},"content":{"rendered":"<p>Cada 30 de gener, des de 1964, a les escoles, se celebra el dia de la No-viol\u00e8ncia i la Pau (DENIP) per commemorar el llegat de Mahatma Gandhi (pacifista, pensador i pol\u00edtic) el dia de l\u2019aniversari de la seva mort. El DNIP promou de forma permanent una educaci\u00f3 on es fomenta la toler\u00e0ncia, la solidaritat, el respecte als drets humans, la no-viol\u00e8ncia i la pau.<\/p>\n<p>Pr\u00e8viament a aquest dia, els alumnes i les alumnes de 4t van pensar i elaborar una recepta: <strong>Galetes de pau i d\u2019amor<\/strong>. Pensen que, en la mesura del possible, estaria b\u00e9 que tothom pogu\u00e9s fer la recepta a casa seva i si pot ser, cada dia es mengi una galeta. A m\u00e9s a m\u00e9s, d\u2019estar molt bones i no engreixar, milloren la nostra conviv\u00e8ncia amb els altres.<\/p>\n<p>Amb molta estima, us deixem la recepta per si us ve de gust fer-la. Si teniu algun dubte sobre com elaborar-la i\/o creieu que falta algun ingredient, feu-nos-ho saber.<\/p>\n<p style=\"text-align: center;\"><a href=\"https:\/\/drive.google.com\/file\/d\/1tnl9CPPvcZHL-KvabMgIGGGiJV1kNUqN\/view?usp=sharing\"><img loading=\"lazy\" decoding=\"async\" class=\" wp-image-2273 aligncenter\" src=\"https:\/\/agora.xtec.cat\/escolagermanesbertomeu\/wp-content\/uploads\/usu1488\/2020\/04\/d45a638cef14b5d175d41c2a0a2d0ffb.jpg\" alt=\"\" width=\"116\" height=\"172\" srcset=\"https:\/\/agora.xtec.cat\/escolagermanesbertomeu\/wp-content\/uploads\/usu1488\/2020\/04\/d45a638cef14b5d175d41c2a0a2d0ffb.jpg 267w, https:\/\/agora.xtec.cat\/escolagermanesbertomeu\/wp-content\/uploads\/usu1488\/2020\/04\/d45a638cef14b5d175d41c2a0a2d0ffb-203x300.jpg 203w\" sizes=\"auto, (max-width: 116px) 100vw, 116px\" \/><\/a>Clica sobre la imatge per veure la recepta<\/p>\n","protected":false},"excerpt":{"rendered":"<p>Cada 30 de gener, des de 1964, a les escoles, se celebra el dia de la No-viol\u00e8ncia i la Pau (DENIP) per commemorar el llegat de Mahatma Gandhi (pacifista, pensador i pol\u00edtic) el dia de l\u2019aniversari de la seva mort. El DNIP promou de forma&hellip;  <a href=\"https:\/\/agora.xtec.cat\/escolagermanesbertomeu\/primaria\/galetes-de-pau-i-damor\/\" title=\"Read GALETES DE PAU I D&#8217;AMOR\">Llegeix m\u00e9s\u00bb<\/a><\/p>\n","protected":false},"author":54,"featured_media":2273,"comment_status":"open","ping_status":"closed","sticky":false,"template":"","format":"standard","meta":{"_bbp_topic_count":0,"_bbp_reply_count":0,"_bbp_total_topic_count":0,"_bbp_total_reply_count":0,"_bbp_voice_count":0,"_bbp_anonymous_reply_count":0,"_bbp_topic_count_hidden":0,"_bbp_reply_count_hidden":0,"_bbp_forum_subforum_count":0,"footnotes":""},"categories":[12,5],"tags":[78,125,79,103],"class_list":["post-2272","post","type-post","status-publish","format-standard","has-post-thumbnail","hentry","category-4t","category-primaria","tag-4t","tag-dnip","tag-germanes-bertomeu","tag-promocio-2013-2022"],"post_mailing_queue_ids":[],"_links":{"self":[{"href":"https:\/\/agora.xtec.cat\/escolagermanesbertomeu\/wp-json\/wp\/v2\/posts\/2272","targetHints":{"allow":["GET"]}}],"collection":[{"href":"https:\/\/agora.xtec.cat\/escolagermanesbertomeu\/wp-json\/wp\/v2\/posts"}],"about":[{"href":"https:\/\/agora.xtec.cat\/escolagermanesbertomeu\/wp-json\/wp\/v2\/types\/post"}],"author":[{"embeddable":true,"href":"https:\/\/agora.xtec.cat\/escolagermanesbertomeu\/wp-json\/wp\/v2\/users\/54"}],"replies":[{"embeddable":true,"href":"https:\/\/agora.xtec.cat\/escolagermanesbertomeu\/wp-json\/wp\/v2\/comments?post=2272"}],"version-history":[{"count":3,"href":"https:\/\/agora.xtec.cat\/escolagermanesbertomeu\/wp-json\/wp\/v2\/posts\/2272\/revisions"}],"predecessor-version":[{"id":2276,"href":"https:\/\/agora.xtec.cat\/escolagermanesbertomeu\/wp-json\/wp\/v2\/posts\/2272\/revisions\/2276"}],"wp:featuredmedia":[{"embeddable":true,"href":"https:\/\/agora.xtec.cat\/escolagermanesbertomeu\/wp-json\/wp\/v2\/media\/2273"}],"wp:attachment":[{"href":"https:\/\/agora.xtec.cat\/escolagermanesbertomeu\/wp-json\/wp\/v2\/media?parent=2272"}],"wp:term":[{"taxonomy":"category","embeddable":true,"href":"https:\/\/agora.xtec.cat\/escolagermanesbertomeu\/wp-json\/wp\/v2\/categories?post=2272"},{"taxonomy":"post_tag","embeddable":true,"href":"https:\/\/agora.xtec.cat\/escolagermanesbertomeu\/wp-json\/wp\/v2\/tags?post=2272"}],"curies":[{"name":"wp","href":"https:\/\/api.w.org\/{rel}","templated":true}]}}