{"id":2267,"date":"2019-11-27T15:20:18","date_gmt":"2019-11-27T14:20:18","guid":{"rendered":"http:\/\/agora.xtec.cat\/escolagermanesbertomeu\/?p=2267"},"modified":"2020-04-14T15:22:02","modified_gmt":"2020-04-14T13:22:02","slug":"un-assumpte-de-gravetat","status":"publish","type":"post","link":"https:\/\/agora.xtec.cat\/escolagermanesbertomeu\/primaria\/un-assumpte-de-gravetat\/","title":{"rendered":"Un assumpte de gravetat"},"content":{"rendered":"<p>Aquest curs per celebrar la setmana de la ci\u00e8ncia, els alumnes i les alumnes de 4t han tingut en compte dos aspectes rellevants: els 50 anys que fa l&#8217;escola i que tamb\u00e9 fa 50 anys que l&#8217;home va trepitjar la lluna.<\/p>\n<p>Llavors, tenint en compte aquests dos fets i seguint el m\u00e8tode cient\u00edfic, han experimentat, comprovat i apr\u00e8s qu\u00e8 \u00e9s la gravetat.<\/p>\n<p>A continuaci\u00f3, un petit recull de tot all\u00f2 que han fet durant aquesta setmana.<\/p>\n<p><a href=\"https:\/\/drive.google.com\/open?id=1YYm-SESz4h4PQcquQStPZtGGBwfjrl1w\"><img loading=\"lazy\" decoding=\"async\" class=\" wp-image-2091 aligncenter\" src=\"https:\/\/agora.xtec.cat\/escolagermanesbertomeu\/wp-content\/uploads\/usu1488\/2019\/12\/baixa.jpg\" alt=\"\" width=\"127\" height=\"127\" srcset=\"https:\/\/agora.xtec.cat\/escolagermanesbertomeu\/wp-content\/uploads\/usu1488\/2019\/12\/baixa.jpg 225w, https:\/\/agora.xtec.cat\/escolagermanesbertomeu\/wp-content\/uploads\/usu1488\/2019\/12\/baixa-150x150.jpg 150w\" sizes=\"auto, (max-width: 127px) 100vw, 127px\" \/><\/a><\/p>\n","protected":false},"excerpt":{"rendered":"<p>Aquest curs per celebrar la setmana de la ci\u00e8ncia, els alumnes i les alumnes de 4t han tingut en compte dos aspectes rellevants: els 50 anys que fa l&#8217;escola i que tamb\u00e9 fa 50 anys que l&#8217;home va trepitjar la lluna.<br \/>\nLlavors, tenint en compte aquests&hellip;  <a href=\"https:\/\/agora.xtec.cat\/escolagermanesbertomeu\/primaria\/un-assumpte-de-gravetat\/\" title=\"Read Un assumpte de gravetat\">Llegeix m\u00e9s\u00bb<\/a><\/p>\n","protected":false},"author":54,"featured_media":2268,"comment_status":"open","ping_status":"closed","sticky":false,"template":"","format":"standard","meta":{"_bbp_topic_count":0,"_bbp_reply_count":0,"_bbp_total_topic_count":0,"_bbp_total_reply_count":0,"_bbp_voice_count":0,"_bbp_anonymous_reply_count":0,"_bbp_topic_count_hidden":0,"_bbp_reply_count_hidden":0,"_bbp_forum_subforum_count":0,"footnotes":""},"categories":[12,55,5],"tags":[78,86,103],"class_list":["post-2267","post","type-post","status-publish","format-standard","has-post-thumbnail","hentry","category-4t","category-escola","category-primaria","tag-4t","tag-bertociencies","tag-promocio-2013-2022"],"post_mailing_queue_ids":[],"_links":{"self":[{"href":"https:\/\/agora.xtec.cat\/escolagermanesbertomeu\/wp-json\/wp\/v2\/posts\/2267","targetHints":{"allow":["GET"]}}],"collection":[{"href":"https:\/\/agora.xtec.cat\/escolagermanesbertomeu\/wp-json\/wp\/v2\/posts"}],"about":[{"href":"https:\/\/agora.xtec.cat\/escolagermanesbertomeu\/wp-json\/wp\/v2\/types\/post"}],"author":[{"embeddable":true,"href":"https:\/\/agora.xtec.cat\/escolagermanesbertomeu\/wp-json\/wp\/v2\/users\/54"}],"replies":[{"embeddable":true,"href":"https:\/\/agora.xtec.cat\/escolagermanesbertomeu\/wp-json\/wp\/v2\/comments?post=2267"}],"version-history":[{"count":2,"href":"https:\/\/agora.xtec.cat\/escolagermanesbertomeu\/wp-json\/wp\/v2\/posts\/2267\/revisions"}],"predecessor-version":[{"id":2271,"href":"https:\/\/agora.xtec.cat\/escolagermanesbertomeu\/wp-json\/wp\/v2\/posts\/2267\/revisions\/2271"}],"wp:featuredmedia":[{"embeddable":true,"href":"https:\/\/agora.xtec.cat\/escolagermanesbertomeu\/wp-json\/wp\/v2\/media\/2268"}],"wp:attachment":[{"href":"https:\/\/agora.xtec.cat\/escolagermanesbertomeu\/wp-json\/wp\/v2\/media?parent=2267"}],"wp:term":[{"taxonomy":"category","embeddable":true,"href":"https:\/\/agora.xtec.cat\/escolagermanesbertomeu\/wp-json\/wp\/v2\/categories?post=2267"},{"taxonomy":"post_tag","embeddable":true,"href":"https:\/\/agora.xtec.cat\/escolagermanesbertomeu\/wp-json\/wp\/v2\/tags?post=2267"}],"curies":[{"name":"wp","href":"https:\/\/api.w.org\/{rel}","templated":true}]}}