{"id":2263,"date":"2019-10-31T19:13:33","date_gmt":"2019-10-31T18:13:33","guid":{"rendered":"http:\/\/agora.xtec.cat\/escolagermanesbertomeu\/?p=2263"},"modified":"2020-04-06T19:14:20","modified_gmt":"2020-04-06T17:14:20","slug":"la-castanyada-a-4t","status":"publish","type":"post","link":"https:\/\/agora.xtec.cat\/escolagermanesbertomeu\/primaria\/la-castanyada-a-4t\/","title":{"rendered":"La castanyada a 4t"},"content":{"rendered":"<p>Per celebrar la castanyada a 4t, a m\u00e9s a m\u00e9s de menjar castanyes i alguns panellets, hem representat una obra de teatre per engrescar als m\u00e9s petits de l&#8217;escola.<\/p>\n<p><a href=\"https:\/\/drive.google.com\/open?id=1gG3hlhc3XJh9jiCiuFMZH8bYxWQGzpam\"><img loading=\"lazy\" decoding=\"async\" class=\"wp-image-2091 aligncenter\" src=\"https:\/\/agora.xtec.cat\/escolagermanesbertomeu\/wp-content\/uploads\/usu1488\/2019\/12\/baixa.jpg\" alt=\"\" width=\"142\" height=\"142\" srcset=\"https:\/\/agora.xtec.cat\/escolagermanesbertomeu\/wp-content\/uploads\/usu1488\/2019\/12\/baixa.jpg 225w, https:\/\/agora.xtec.cat\/escolagermanesbertomeu\/wp-content\/uploads\/usu1488\/2019\/12\/baixa-150x150.jpg 150w\" sizes=\"auto, (max-width: 142px) 100vw, 142px\" \/><\/a><\/p>\n","protected":false},"excerpt":{"rendered":"<p>Per celebrar la castanyada a 4t, a m\u00e9s a m\u00e9s de menjar castanyes i alguns panellets, hem representat una obra de teatre per engrescar als m\u00e9s petits de l&#8217;escola.<br \/>\n<a href=\"https:\/\/drive.google.com\/open?id=1gG3hlhc3XJh9jiCiuFMZH8bYxWQGzpam\"><\/a><\/p>\n","protected":false},"author":54,"featured_media":2265,"comment_status":"open","ping_status":"closed","sticky":false,"template":"","format":"standard","meta":{"_bbp_topic_count":0,"_bbp_reply_count":0,"_bbp_total_topic_count":0,"_bbp_total_reply_count":0,"_bbp_voice_count":0,"_bbp_anonymous_reply_count":0,"_bbp_topic_count_hidden":0,"_bbp_reply_count_hidden":0,"_bbp_forum_subforum_count":0,"footnotes":""},"categories":[12,5],"tags":[78,82,67,103,109],"class_list":["post-2263","post","type-post","status-publish","format-standard","has-post-thumbnail","hentry","category-4t","category-primaria","tag-4t","tag-documentacio","tag-festes","tag-promocio-2013-2022","tag-tardor"],"post_mailing_queue_ids":[],"_links":{"self":[{"href":"https:\/\/agora.xtec.cat\/escolagermanesbertomeu\/wp-json\/wp\/v2\/posts\/2263","targetHints":{"allow":["GET"]}}],"collection":[{"href":"https:\/\/agora.xtec.cat\/escolagermanesbertomeu\/wp-json\/wp\/v2\/posts"}],"about":[{"href":"https:\/\/agora.xtec.cat\/escolagermanesbertomeu\/wp-json\/wp\/v2\/types\/post"}],"author":[{"embeddable":true,"href":"https:\/\/agora.xtec.cat\/escolagermanesbertomeu\/wp-json\/wp\/v2\/users\/54"}],"replies":[{"embeddable":true,"href":"https:\/\/agora.xtec.cat\/escolagermanesbertomeu\/wp-json\/wp\/v2\/comments?post=2263"}],"version-history":[{"count":1,"href":"https:\/\/agora.xtec.cat\/escolagermanesbertomeu\/wp-json\/wp\/v2\/posts\/2263\/revisions"}],"predecessor-version":[{"id":2266,"href":"https:\/\/agora.xtec.cat\/escolagermanesbertomeu\/wp-json\/wp\/v2\/posts\/2263\/revisions\/2266"}],"wp:featuredmedia":[{"embeddable":true,"href":"https:\/\/agora.xtec.cat\/escolagermanesbertomeu\/wp-json\/wp\/v2\/media\/2265"}],"wp:attachment":[{"href":"https:\/\/agora.xtec.cat\/escolagermanesbertomeu\/wp-json\/wp\/v2\/media?parent=2263"}],"wp:term":[{"taxonomy":"category","embeddable":true,"href":"https:\/\/agora.xtec.cat\/escolagermanesbertomeu\/wp-json\/wp\/v2\/categories?post=2263"},{"taxonomy":"post_tag","embeddable":true,"href":"https:\/\/agora.xtec.cat\/escolagermanesbertomeu\/wp-json\/wp\/v2\/tags?post=2263"}],"curies":[{"name":"wp","href":"https:\/\/api.w.org\/{rel}","templated":true}]}}