{"id":2236,"date":"2020-03-13T15:47:24","date_gmt":"2020-03-13T14:47:24","guid":{"rendered":"http:\/\/agora.xtec.cat\/escolagermanesbertomeu\/?p=2236"},"modified":"2020-04-01T13:28:47","modified_gmt":"2020-04-01T11:28:47","slug":"portes-obertes","status":"publish","type":"post","link":"https:\/\/agora.xtec.cat\/escolagermanesbertomeu\/general\/portes-obertes\/","title":{"rendered":"Portes Obertes"},"content":{"rendered":"<p style=\"text-align: justify;\">Les mesures sanit\u00e0ries de prevenci\u00f3 i contenci\u00f3 del coronavirus que a hores d&#8217;ara ja coneix tothom impliquen la cancel\u00b7laci\u00f3 de les portes obertes. Aix\u00ed que dissabte 14 no es podr\u00e0 visitar les instal\u00b7lacions de l&#8217;escola f\u00edsicament, per\u00f2 oferirem algunes <strong>alternatives de car\u00e0cter virtual<\/strong>:<\/p>\n<ol style=\"text-align: justify;\">\n<li>Per comen\u00e7ar, si encara no ho heu fet, visualitzeu el <a href=\"https:\/\/www.youtube.com\/watch?v=t4vAYonquyo&amp;feature=youtu.be\">video-resum<\/a> que explica el projecte educatiu.<\/li>\n<li>A continuaci\u00f3, compartim algunes fotografies que il\u00b7lustren espais i aules de l&#8217;escola, aix\u00ed com una mostra de les propostes que es trobaran sobre la taula els infants de Germanes Bertomeu en entrar a l&#8217;aula. Les dividirem en dos \u00e0lbums: l&#8217;edifici de <a href=\"https:\/\/photos.app.goo.gl\/A7odzY6edBvdPqk87\">parvulari<\/a> i edifici de <a href=\"https:\/\/photos.app.goo.gl\/MrWqoFfNKUtfUVXF8\">prim\u00e0ria<\/a>.<\/li>\n<li>Teniu preguntes? Quins dubtes volies aclarir dissabte? Potser necessites concretar alguna cosa sobre el projecte, el funcionament, l&#8217;organitzaci\u00f3, el per\u00edode d&#8217;adaptaci\u00f3, els serveis de perman\u00e8ncia, menjador o lleure? Omple aquest <a href=\"https:\/\/forms.gle\/Qgt52rsxdeYXG6318\">formulari<\/a> i et respondrem en breu.<\/li>\n<li>Per altra banda, si preferiu preguntar o compartir sensacions per WhatsApp a fam\u00edlies interessades en l&#8217;escola, us podeu unir al <a href=\"https:\/\/drive.google.com\/file\/d\/1YkhF5o4aBxApTZ_LAGyR91KowgrlIYV2\/view?usp=sharing\">grup creat<\/a> expressament.<\/li>\n<\/ol>\n<p style=\"text-align: justify;\">Malauradament, el proc\u00e9s de preinscripci\u00f3 es troba en situaci\u00f3 d&#8217;estudi, atenent el context actual. Properament es determinar\u00e0 com i quan es podr\u00e0 fer enguany. Aquesta \u00e9s la web del Departament d&#8217;Educaci\u00f3 on es va publicant tot el relatiu al <a href=\"http:\/\/queestudiar.gencat.cat\/ca\/preinscripcio\/estudis\/obligatoris\/\">proc\u00e9s de preinscripci\u00f3<\/a>.<\/p>\n","protected":false},"excerpt":{"rendered":"<p>Vols fer una visita virtual a l&#8217;escola? Entra sense por, no cal trucar.&hellip;  <a href=\"https:\/\/agora.xtec.cat\/escolagermanesbertomeu\/general\/portes-obertes\/\" title=\"Read Portes Obertes\">Llegeix m\u00e9s\u00bb<\/a><\/p>\n","protected":false},"author":5,"featured_media":2194,"comment_status":"open","ping_status":"closed","sticky":false,"template":"","format":"standard","meta":{"_bbp_topic_count":0,"_bbp_reply_count":0,"_bbp_total_topic_count":0,"_bbp_total_reply_count":0,"_bbp_voice_count":0,"_bbp_anonymous_reply_count":0,"_bbp_topic_count_hidden":0,"_bbp_reply_count_hidden":0,"_bbp_forum_subforum_count":0,"footnotes":""},"categories":[55,1],"tags":[],"class_list":["post-2236","post","type-post","status-publish","format-standard","has-post-thumbnail","hentry","category-escola","category-general"],"post_mailing_queue_ids":[],"_links":{"self":[{"href":"https:\/\/agora.xtec.cat\/escolagermanesbertomeu\/wp-json\/wp\/v2\/posts\/2236","targetHints":{"allow":["GET"]}}],"collection":[{"href":"https:\/\/agora.xtec.cat\/escolagermanesbertomeu\/wp-json\/wp\/v2\/posts"}],"about":[{"href":"https:\/\/agora.xtec.cat\/escolagermanesbertomeu\/wp-json\/wp\/v2\/types\/post"}],"author":[{"embeddable":true,"href":"https:\/\/agora.xtec.cat\/escolagermanesbertomeu\/wp-json\/wp\/v2\/users\/5"}],"replies":[{"embeddable":true,"href":"https:\/\/agora.xtec.cat\/escolagermanesbertomeu\/wp-json\/wp\/v2\/comments?post=2236"}],"version-history":[{"count":3,"href":"https:\/\/agora.xtec.cat\/escolagermanesbertomeu\/wp-json\/wp\/v2\/posts\/2236\/revisions"}],"predecessor-version":[{"id":2262,"href":"https:\/\/agora.xtec.cat\/escolagermanesbertomeu\/wp-json\/wp\/v2\/posts\/2236\/revisions\/2262"}],"wp:featuredmedia":[{"embeddable":true,"href":"https:\/\/agora.xtec.cat\/escolagermanesbertomeu\/wp-json\/wp\/v2\/media\/2194"}],"wp:attachment":[{"href":"https:\/\/agora.xtec.cat\/escolagermanesbertomeu\/wp-json\/wp\/v2\/media?parent=2236"}],"wp:term":[{"taxonomy":"category","embeddable":true,"href":"https:\/\/agora.xtec.cat\/escolagermanesbertomeu\/wp-json\/wp\/v2\/categories?post=2236"},{"taxonomy":"post_tag","embeddable":true,"href":"https:\/\/agora.xtec.cat\/escolagermanesbertomeu\/wp-json\/wp\/v2\/tags?post=2236"}],"curies":[{"name":"wp","href":"https:\/\/api.w.org\/{rel}","templated":true}]}}