{"id":2216,"date":"2020-03-04T09:20:36","date_gmt":"2020-03-04T08:20:36","guid":{"rendered":"http:\/\/agora.xtec.cat\/escolagermanesbertomeu\/?p=2216"},"modified":"2020-03-05T10:32:41","modified_gmt":"2020-03-05T09:32:41","slug":"dia-inernacional-de-la-llengua-materna","status":"publish","type":"post","link":"https:\/\/agora.xtec.cat\/escolagermanesbertomeu\/general\/dia-inernacional-de-la-llengua-materna\/","title":{"rendered":"Dia Internacional de la Llengua Materna"},"content":{"rendered":"<p align=\"justify\"><span style=\"color: #222222;\"><span style=\"font-family: Arial, serif;\">El dia 21 de febrer es celebra el dia internacional de la <strong>Llengua Materna<\/strong>. La UNESCO va proclamar l\u2019any 2000 aquest dia per commemorar la mort d\u2019estudiants que es manifestaven en defensa de la seva llengua, el bangala, a Dhake (Paquistan), l\u2019any 1952.<\/span><\/span><\/p>\n<p><span style=\"color: #222222;\"><span style=\"font-family: Arial, serif;\">Durant aquesta setmana l\u2019alumnat de l\u2019escola han estat elaborant unes <strong>ampolles sensorials<\/strong> per a celebrar el dia de la Llengua Materna. Cada aula ha creat el seu propi disseny (que va des de peces de lego a cigrons, passant per pasta pintada), ha escolllit les paraules i les diferents lleng\u00fces en les que estan escrites.<\/span><\/span><\/p>\n<p align=\"justify\"><span style=\"color: #222222;\"><span style=\"font-family: Arial, serif;\">El resultat \u00e9s una mescla de colors, textures i volums ta<\/span><\/span><span style=\"color: #222222;\"><span style=\"font-family: Arial, serif;\">n rica com la diversitat cultural existent a l\u2019escola.\u00a0Paraules com ara <\/span><\/span><span style=\"color: #222222;\"><span style=\"font-family: Arial, serif;\"><i>amor<\/i><\/span><\/span><span style=\"color: #222222;\"><span style=\"font-family: Arial, serif;\"> i <\/span><\/span><span style=\"color: #222222;\"><span style=\"font-family: Arial, serif;\"><i>fam\u00edlia<\/i><\/span><\/span><span style=\"color: #222222;\"><span style=\"font-family: Arial, serif;\"> han estat les m\u00e9s utilitzades. <\/span><\/span><span style=\"color: #222222;\"><span style=\"font-family: Arial, serif;\">La dedicaci\u00f3 i originalitat de la mostra posa de manifest la import\u00e0ncia que t\u00e9 la llengua materna per a tots, infants i adults.<\/span><\/span><\/p>\n<p align=\"justify\"><span style=\"color: #222222;\"><span style=\"font-family: Arial, serif;\">Us convidem a que gaudiu d\u2019una demostraci\u00f3 de la riquesa cultural de la nostra escola acostant-vos al vest\u00edbul per contemplar el mural.<\/span><\/span><\/p>\n<div id=\"1362F\" style=\"width: 100%; max-width: 600px; height: 400px;\">\n\n<\/div>\n<p>&nbsp;<\/p>\n","protected":false},"excerpt":{"rendered":"<p>El dia 21 de febrer es celebra el dia internacional de la Llengua Materna. La UNESCO va proclamar l\u2019any 2000 aquest dia per commemorar la mort d\u2019estudiants que es manifestaven en defensa de la seva llengua, el bangala, a Dhake (Paquistan), l\u2019any 1952.<br \/>\nDurant aquesta setmana&hellip;  <a href=\"https:\/\/agora.xtec.cat\/escolagermanesbertomeu\/general\/dia-inernacional-de-la-llengua-materna\/\" title=\"Read Dia Internacional de la Llengua Materna\">Llegeix m\u00e9s\u00bb<\/a><\/p>\n","protected":false},"author":57,"featured_media":2220,"comment_status":"open","ping_status":"closed","sticky":false,"template":"","format":"standard","meta":{"_bbp_topic_count":0,"_bbp_reply_count":0,"_bbp_total_topic_count":0,"_bbp_total_reply_count":0,"_bbp_voice_count":0,"_bbp_anonymous_reply_count":0,"_bbp_topic_count_hidden":0,"_bbp_reply_count_hidden":0,"_bbp_forum_subforum_count":0,"footnotes":""},"categories":[1,2,4,5],"tags":[110,79,124],"class_list":["post-2216","post","type-post","status-publish","format-standard","has-post-thumbnail","hentry","category-general","category-infantil","category-portada","category-primaria","tag-aula-dacollida","tag-germanes-bertomeu","tag-llengua-materna"],"post_mailing_queue_ids":[],"_links":{"self":[{"href":"https:\/\/agora.xtec.cat\/escolagermanesbertomeu\/wp-json\/wp\/v2\/posts\/2216","targetHints":{"allow":["GET"]}}],"collection":[{"href":"https:\/\/agora.xtec.cat\/escolagermanesbertomeu\/wp-json\/wp\/v2\/posts"}],"about":[{"href":"https:\/\/agora.xtec.cat\/escolagermanesbertomeu\/wp-json\/wp\/v2\/types\/post"}],"author":[{"embeddable":true,"href":"https:\/\/agora.xtec.cat\/escolagermanesbertomeu\/wp-json\/wp\/v2\/users\/57"}],"replies":[{"embeddable":true,"href":"https:\/\/agora.xtec.cat\/escolagermanesbertomeu\/wp-json\/wp\/v2\/comments?post=2216"}],"version-history":[{"count":5,"href":"https:\/\/agora.xtec.cat\/escolagermanesbertomeu\/wp-json\/wp\/v2\/posts\/2216\/revisions"}],"predecessor-version":[{"id":2234,"href":"https:\/\/agora.xtec.cat\/escolagermanesbertomeu\/wp-json\/wp\/v2\/posts\/2216\/revisions\/2234"}],"wp:featuredmedia":[{"embeddable":true,"href":"https:\/\/agora.xtec.cat\/escolagermanesbertomeu\/wp-json\/wp\/v2\/media\/2220"}],"wp:attachment":[{"href":"https:\/\/agora.xtec.cat\/escolagermanesbertomeu\/wp-json\/wp\/v2\/media?parent=2216"}],"wp:term":[{"taxonomy":"category","embeddable":true,"href":"https:\/\/agora.xtec.cat\/escolagermanesbertomeu\/wp-json\/wp\/v2\/categories?post=2216"},{"taxonomy":"post_tag","embeddable":true,"href":"https:\/\/agora.xtec.cat\/escolagermanesbertomeu\/wp-json\/wp\/v2\/tags?post=2216"}],"curies":[{"name":"wp","href":"https:\/\/api.w.org\/{rel}","templated":true}]}}