{"id":2197,"date":"2020-02-26T10:32:58","date_gmt":"2020-02-26T09:32:58","guid":{"rendered":"http:\/\/agora.xtec.cat\/escolagermanesbertomeu\/?p=2197"},"modified":"2020-02-26T10:38:44","modified_gmt":"2020-02-26T09:38:44","slug":"dia-internacional-de-les-llengues-maternes","status":"publish","type":"post","link":"https:\/\/agora.xtec.cat\/escolagermanesbertomeu\/general\/dia-internacional-de-les-llengues-maternes\/","title":{"rendered":"Dia Internacional de les lleng\u00fces maternes"},"content":{"rendered":"<p style=\"text-align: justify;\"><span style=\"font-weight: 400;\">El dia 21 de febrer, <\/span><b>Dia Internacional de la Llengua Materna, <\/b><span style=\"font-weight: 400;\">tota l\u2019escola va fer una activitat per celebrar aquest dia. Tots els infants van participar de l&#8217;elaboraci\u00f3 d&#8217;una <\/span><b>ampolla sensorial<\/b><span style=\"font-weight: 400;\"> d&#8217;aula que representa les <\/span><b>diferents lleng\u00fces<\/b><span style=\"font-weight: 400;\"> en qu\u00e8 es comuniquen amb la seva fam\u00edlia. Encara podeu visitar l&#8217;exposici\u00f3 creada al rebedor de l&#8217;escola.<\/span><\/p>\n<p style=\"text-align: justify;\"><span style=\"font-weight: 400;\">Arrel d\u2019aquesta proposta, els alumnes de sis\u00e8 es van engrescar en convidar les fam\u00edlies perqu\u00e8 vinguessin a explicar un <\/span><b>joc<\/b><span style=\"font-weight: 400;\"> o un <\/span><b>ball<\/b><span style=\"font-weight: 400;\"> en la seva <\/span><b>llengua materna<\/b><span style=\"font-weight: 400;\"> i poder gaudir d\u2019una <\/span><b>experi\u00e8ncia fant\u00e0stica<\/b><span style=\"font-weight: 400;\"> tots plegats.<\/span><\/p>\n<p style=\"text-align: justify;\"><span style=\"font-weight: 400;\">Aix\u00ed, es va ballar la <\/span><i><span style=\"font-weight: 400;\">Sardana de la Santa Espina<\/span><\/i><span style=\"font-weight: 400;\"> explicada en <strong>catal\u00e0<\/strong>;\u00a0uns passos de ball Afric\u00e0 anomenat <\/span><i><span style=\"font-weight: 400;\">Doussou Bagayoko<\/span><\/i><span style=\"font-weight: 400;\"> en <strong>bambara<\/strong>;\u00a0en <strong>mandinga<\/strong> es va saltar a corda; els jocs <\/span><i><span style=\"font-weight: 400;\">Ghomyda, El hkam<\/span><\/i><span style=\"font-weight: 400;\">\u00a0i <\/span><i><span style=\"font-weight: 400;\">Mlakf<\/span><\/i><span style=\"font-weight: 400;\"> explicats en <strong>darija<\/strong>; i els jocs de <\/span><i><span style=\"font-weight: 400;\">las palabras r\u00e1pidas<\/span><\/i><span style=\"font-weight: 400;\"> i el del <\/span><i><span style=\"font-weight: 400;\">Cavallo fuerte<\/span><\/i><span style=\"font-weight: 400;\"> en <strong>castell\u00e0<\/strong>. Cliqueu <a href=\"https:\/\/photos.app.goo.gl\/1LhdcvbH9yQuEqjYA\">aqu\u00ed i veureu algunes imatges<\/a>.<\/span><\/p>\n<p style=\"text-align: justify;\"><i><span style=\"font-weight: 400;\">\u201cLa llengua materna \u00e9s important perqu\u00e8 \u00e9s la primera que normalment escoltes quan neixes i amb la que dius les primeres paraules. Cal cuidar-les perqu\u00e8 totes s\u00f3n importants\u201d.<\/span><\/i><\/p>\n<div id=\"14993\" style=\"width: 100%; max-width: 600px; height: 400px;\"><\/div>\n<div><\/div>\n","protected":false},"excerpt":{"rendered":"<p>Propostes dels alumnes de 6\u00e8 per celebrar el dia Internacional de les lleng\u00fces maternes.&hellip;  <a href=\"https:\/\/agora.xtec.cat\/escolagermanesbertomeu\/general\/dia-internacional-de-les-llengues-maternes\/\" title=\"Read Dia Internacional de les lleng\u00fces maternes\">Llegeix m\u00e9s\u00bb<\/a><\/p>\n","protected":false},"author":1,"featured_media":2202,"comment_status":"open","ping_status":"closed","sticky":false,"template":"","format":"standard","meta":{"_bbp_topic_count":0,"_bbp_reply_count":0,"_bbp_total_topic_count":0,"_bbp_total_reply_count":0,"_bbp_voice_count":0,"_bbp_anonymous_reply_count":0,"_bbp_topic_count_hidden":0,"_bbp_reply_count_hidden":0,"_bbp_forum_subforum_count":0,"footnotes":""},"categories":[14,1,4],"tags":[114,115,113,79],"class_list":["post-2197","post","type-post","status-publish","format-standard","has-post-thumbnail","hentry","category-6e","category-general","category-portada","tag-6e","tag-cicle-superior","tag-familes","tag-germanes-bertomeu"],"post_mailing_queue_ids":[],"_links":{"self":[{"href":"https:\/\/agora.xtec.cat\/escolagermanesbertomeu\/wp-json\/wp\/v2\/posts\/2197","targetHints":{"allow":["GET"]}}],"collection":[{"href":"https:\/\/agora.xtec.cat\/escolagermanesbertomeu\/wp-json\/wp\/v2\/posts"}],"about":[{"href":"https:\/\/agora.xtec.cat\/escolagermanesbertomeu\/wp-json\/wp\/v2\/types\/post"}],"author":[{"embeddable":true,"href":"https:\/\/agora.xtec.cat\/escolagermanesbertomeu\/wp-json\/wp\/v2\/users\/1"}],"replies":[{"embeddable":true,"href":"https:\/\/agora.xtec.cat\/escolagermanesbertomeu\/wp-json\/wp\/v2\/comments?post=2197"}],"version-history":[{"count":3,"href":"https:\/\/agora.xtec.cat\/escolagermanesbertomeu\/wp-json\/wp\/v2\/posts\/2197\/revisions"}],"predecessor-version":[{"id":2206,"href":"https:\/\/agora.xtec.cat\/escolagermanesbertomeu\/wp-json\/wp\/v2\/posts\/2197\/revisions\/2206"}],"wp:featuredmedia":[{"embeddable":true,"href":"https:\/\/agora.xtec.cat\/escolagermanesbertomeu\/wp-json\/wp\/v2\/media\/2202"}],"wp:attachment":[{"href":"https:\/\/agora.xtec.cat\/escolagermanesbertomeu\/wp-json\/wp\/v2\/media?parent=2197"}],"wp:term":[{"taxonomy":"category","embeddable":true,"href":"https:\/\/agora.xtec.cat\/escolagermanesbertomeu\/wp-json\/wp\/v2\/categories?post=2197"},{"taxonomy":"post_tag","embeddable":true,"href":"https:\/\/agora.xtec.cat\/escolagermanesbertomeu\/wp-json\/wp\/v2\/tags?post=2197"}],"curies":[{"name":"wp","href":"https:\/\/api.w.org\/{rel}","templated":true}]}}