{"id":2138,"date":"2020-01-31T10:27:56","date_gmt":"2020-01-31T09:27:56","guid":{"rendered":"http:\/\/agora.xtec.cat\/escolagermanesbertomeu\/?p=2138"},"modified":"2020-01-31T10:29:10","modified_gmt":"2020-01-31T09:29:10","slug":"concurs-de-logos-erasmuska101","status":"publish","type":"post","link":"https:\/\/agora.xtec.cat\/escolagermanesbertomeu\/general\/concurs-de-logos-erasmuska101\/","title":{"rendered":"Concurs de logos &#8211; Erasmus+KA101"},"content":{"rendered":"<p><span style=\"font-weight: 400;\">L\u2019escola participa en un projecte d\u2019Erasmus+ KA101, anomenat <em><strong>More drama, please! <\/strong><\/em>T\u00e9 per objecte la formaci\u00f3 de mestres (a nivell europeu) en mat\u00e8ria de teatre i dramatitzaci\u00f3, ent\u00e8s com una potent eina educativa.<\/span><\/p>\n<p><span style=\"font-weight: 400;\">Des del centre s\u2019impulsen diverses activitats per fer part\u00edcips als alumnes. Durant el mes de desembre els alumnes de cicle superior van dissenyar una s\u00e8rie de logos per presentar-los en el concurs. Posteriorment, es van seleccionar 4 logos finalistes els quals tota la comunitat educativa havia de votar. El disseny guanyador ha estat el seg\u00fcent:<\/span><\/p>\n<p><a href=\"https:\/\/agora.xtec.cat\/escolagermanesbertomeu\/wp-content\/uploads\/usu1488\/2020\/01\/IMG-20200131-WA0004.jpg\"><img loading=\"lazy\" decoding=\"async\" class=\"alignnone size-large wp-image-2140\" src=\"https:\/\/agora.xtec.cat\/escolagermanesbertomeu\/wp-content\/uploads\/usu1488\/2020\/01\/IMG-20200131-WA0004-768x1024.jpg\" alt=\"\" width=\"768\" height=\"1024\" srcset=\"https:\/\/agora.xtec.cat\/escolagermanesbertomeu\/wp-content\/uploads\/usu1488\/2020\/01\/IMG-20200131-WA0004-768x1024.jpg 768w, https:\/\/agora.xtec.cat\/escolagermanesbertomeu\/wp-content\/uploads\/usu1488\/2020\/01\/IMG-20200131-WA0004-225x300.jpg 225w, https:\/\/agora.xtec.cat\/escolagermanesbertomeu\/wp-content\/uploads\/usu1488\/2020\/01\/IMG-20200131-WA0004.jpg 1200w\" sizes=\"auto, (max-width: 768px) 100vw, 768px\" \/><\/a><br \/>\n<span style=\"font-weight: 400;\">A partir d\u2019ara aquest logo ser\u00e0 el que aparegui en totes les publicacions i activitats relacionades amb aquest projecte d\u2019Erasmus+.<\/span><\/p>\n<p><span style=\"font-weight: 400;\">Agra\u00efm a totes les fam\u00edlies, alumnes, mestres i altres treballadors del centre la seva alta participaci\u00f3.<\/span><\/p>\n","protected":false},"excerpt":{"rendered":"<p>L\u2019escola participa en un projecte d\u2019Erasmus+ KA101, anomenat More drama, please! T\u00e9 per objecte la formaci\u00f3 de mestres (a nivell europeu) en mat\u00e8ria de teatre i dramatitzaci\u00f3, ent\u00e8s com una potent eina educativa.<br \/>\nDes del centre s\u2019impulsen diverses activitats per fer part\u00edcips als alumnes. Durant el&hellip;  <a href=\"https:\/\/agora.xtec.cat\/escolagermanesbertomeu\/general\/concurs-de-logos-erasmuska101\/\" title=\"Read Concurs de logos &#8211; Erasmus+KA101\">Llegeix m\u00e9s\u00bb<\/a><\/p>\n","protected":false},"author":1,"featured_media":2141,"comment_status":"open","ping_status":"closed","sticky":false,"template":"","format":"standard","meta":{"_bbp_topic_count":0,"_bbp_reply_count":0,"_bbp_total_topic_count":0,"_bbp_total_reply_count":0,"_bbp_voice_count":0,"_bbp_anonymous_reply_count":0,"_bbp_topic_count_hidden":0,"_bbp_reply_count_hidden":0,"_bbp_forum_subforum_count":0,"footnotes":""},"categories":[1],"tags":[96,79],"class_list":["post-2138","post","type-post","status-publish","format-standard","has-post-thumbnail","hentry","category-general","tag-erasmus","tag-germanes-bertomeu"],"post_mailing_queue_ids":[],"_links":{"self":[{"href":"https:\/\/agora.xtec.cat\/escolagermanesbertomeu\/wp-json\/wp\/v2\/posts\/2138","targetHints":{"allow":["GET"]}}],"collection":[{"href":"https:\/\/agora.xtec.cat\/escolagermanesbertomeu\/wp-json\/wp\/v2\/posts"}],"about":[{"href":"https:\/\/agora.xtec.cat\/escolagermanesbertomeu\/wp-json\/wp\/v2\/types\/post"}],"author":[{"embeddable":true,"href":"https:\/\/agora.xtec.cat\/escolagermanesbertomeu\/wp-json\/wp\/v2\/users\/1"}],"replies":[{"embeddable":true,"href":"https:\/\/agora.xtec.cat\/escolagermanesbertomeu\/wp-json\/wp\/v2\/comments?post=2138"}],"version-history":[{"count":3,"href":"https:\/\/agora.xtec.cat\/escolagermanesbertomeu\/wp-json\/wp\/v2\/posts\/2138\/revisions"}],"predecessor-version":[{"id":2146,"href":"https:\/\/agora.xtec.cat\/escolagermanesbertomeu\/wp-json\/wp\/v2\/posts\/2138\/revisions\/2146"}],"wp:featuredmedia":[{"embeddable":true,"href":"https:\/\/agora.xtec.cat\/escolagermanesbertomeu\/wp-json\/wp\/v2\/media\/2141"}],"wp:attachment":[{"href":"https:\/\/agora.xtec.cat\/escolagermanesbertomeu\/wp-json\/wp\/v2\/media?parent=2138"}],"wp:term":[{"taxonomy":"category","embeddable":true,"href":"https:\/\/agora.xtec.cat\/escolagermanesbertomeu\/wp-json\/wp\/v2\/categories?post=2138"},{"taxonomy":"post_tag","embeddable":true,"href":"https:\/\/agora.xtec.cat\/escolagermanesbertomeu\/wp-json\/wp\/v2\/tags?post=2138"}],"curies":[{"name":"wp","href":"https:\/\/api.w.org\/{rel}","templated":true}]}}