{"id":2064,"date":"2019-11-28T22:01:37","date_gmt":"2019-11-28T21:01:37","guid":{"rendered":"http:\/\/agora.xtec.cat\/escolagermanesbertomeu\/?p=2064"},"modified":"2019-12-18T09:34:48","modified_gmt":"2019-12-18T08:34:48","slug":"acte-commemoratiu-50e-aniversari","status":"publish","type":"post","link":"https:\/\/agora.xtec.cat\/escolagermanesbertomeu\/general\/acte-commemoratiu-50e-aniversari\/","title":{"rendered":"Acte commemoratiu 50\u00e8 aniversari"},"content":{"rendered":"<p style=\"text-align: justify;\">El passat dia 27 de novembre de 2019 es va commemorar a la Sala de Plens de l&#8217;ajuntament la inauguraci\u00f3 de l&#8217;escola ara fa 50 anys (1969). De fet, el 1994, tamb\u00e9 es van commemorar els 25 anys a la mateixa hist\u00f2rica sala.<\/p>\n<p style=\"text-align: justify;\">Va ser un <strong>acte institucional<\/strong> d&#8217;una hora de durada, presidit per l&#8217;Excm Sr alcalde David Bote; el Director dels Serveis Territorials d&#8217;Educaci\u00f3, Sr Pere Mas\u00f3; el regidor d&#8217;Ensenyament, Sr Miquel \u00c0ngel Vadell; la investigadora postdoctoral, Dra.\u00a0 Sheila Gonz\u00e1lez, i el director actual de l&#8217;escola, Pere M\u00e1rmol.<\/p>\n<p style=\"text-align: justify;\">Tamb\u00e9 hi van assistir la resta de regidors del consistori, representants d&#8217;algunes institucions afins, ex alumnes (fins i tot de les primeres promocions!), fam\u00edlies, alumnes, mestres de l&#8217;actual claustre i anteriors, altres treballadors del centre i dels SSTT, t\u00e8cnics de l&#8217;OME i, en definitiva, tothom que va voler. En total, es van reunir prop de 100 persones i es va retransmetre per <em>streaming<\/em>, com qualsevol altre acte p\u00fablic de l&#8217;ajuntament.<\/p>\n<p>Els diferents membres de la mesa presidencial van oferir unes paraules de reconeixement a la tasca realitzada i van animar a seguir el cam\u00ed iniciat ara fa un cinquantenni. La investigadora del Departament de Sociologia de la UAB, la <strong>Dra. Sheila Gonz\u00e1lez Motos<\/strong>, va oferir una interessant confer\u00e8ncia sobre el <strong>paper de l&#8217;escola com a garant de la igualtat d&#8217;oportunitats<\/strong>, molt aplaudida pels espectadors.<\/p>\n<p>Finalment, es van prendre algunes fotografies als assistents des del balc\u00f3 interior del pati. <em>Matar\u00f3 Audiovisual<\/em> va gravar l&#8217;acte, que podeu veure <a href=\"http:\/\/mataroaudiovisual.alacarta.cat\/ajuntament-de-mataro\/capitol\/conferencia-institucional-50-anys-germanes-bertomeu\">aqu\u00ed<\/a>.<\/p>\n\n","protected":false},"excerpt":{"rendered":"<p>El passat dia 27 de novembre de 2019 es va commemorar a la Sala de Plens de l&#8217;ajuntament la inauguraci\u00f3 de l&#8217;escola ara fa 50 anys (1969). De fet, el 1994, tamb\u00e9 es van commemorar els 25 anys a la mateixa hist\u00f2rica sala.<br \/>\nVa ser un&hellip;  <a href=\"https:\/\/agora.xtec.cat\/escolagermanesbertomeu\/general\/acte-commemoratiu-50e-aniversari\/\" title=\"Read Acte commemoratiu 50\u00e8 aniversari\">Llegeix m\u00e9s\u00bb<\/a><\/p>\n","protected":false},"author":1,"featured_media":2065,"comment_status":"open","ping_status":"closed","sticky":false,"template":"","format":"standard","meta":{"_bbp_topic_count":0,"_bbp_reply_count":0,"_bbp_total_topic_count":0,"_bbp_total_reply_count":0,"_bbp_voice_count":0,"_bbp_anonymous_reply_count":0,"_bbp_topic_count_hidden":0,"_bbp_reply_count_hidden":0,"_bbp_forum_subforum_count":0,"footnotes":""},"categories":[55,1,4],"tags":[67,79],"class_list":["post-2064","post","type-post","status-publish","format-standard","has-post-thumbnail","hentry","category-escola","category-general","category-portada","tag-festes","tag-germanes-bertomeu"],"post_mailing_queue_ids":[],"_links":{"self":[{"href":"https:\/\/agora.xtec.cat\/escolagermanesbertomeu\/wp-json\/wp\/v2\/posts\/2064","targetHints":{"allow":["GET"]}}],"collection":[{"href":"https:\/\/agora.xtec.cat\/escolagermanesbertomeu\/wp-json\/wp\/v2\/posts"}],"about":[{"href":"https:\/\/agora.xtec.cat\/escolagermanesbertomeu\/wp-json\/wp\/v2\/types\/post"}],"author":[{"embeddable":true,"href":"https:\/\/agora.xtec.cat\/escolagermanesbertomeu\/wp-json\/wp\/v2\/users\/1"}],"replies":[{"embeddable":true,"href":"https:\/\/agora.xtec.cat\/escolagermanesbertomeu\/wp-json\/wp\/v2\/comments?post=2064"}],"version-history":[{"count":3,"href":"https:\/\/agora.xtec.cat\/escolagermanesbertomeu\/wp-json\/wp\/v2\/posts\/2064\/revisions"}],"predecessor-version":[{"id":2107,"href":"https:\/\/agora.xtec.cat\/escolagermanesbertomeu\/wp-json\/wp\/v2\/posts\/2064\/revisions\/2107"}],"wp:featuredmedia":[{"embeddable":true,"href":"https:\/\/agora.xtec.cat\/escolagermanesbertomeu\/wp-json\/wp\/v2\/media\/2065"}],"wp:attachment":[{"href":"https:\/\/agora.xtec.cat\/escolagermanesbertomeu\/wp-json\/wp\/v2\/media?parent=2064"}],"wp:term":[{"taxonomy":"category","embeddable":true,"href":"https:\/\/agora.xtec.cat\/escolagermanesbertomeu\/wp-json\/wp\/v2\/categories?post=2064"},{"taxonomy":"post_tag","embeddable":true,"href":"https:\/\/agora.xtec.cat\/escolagermanesbertomeu\/wp-json\/wp\/v2\/tags?post=2064"}],"curies":[{"name":"wp","href":"https:\/\/api.w.org\/{rel}","templated":true}]}}