{"id":1990,"date":"2019-10-16T08:56:02","date_gmt":"2019-10-16T06:56:02","guid":{"rendered":"http:\/\/agora.xtec.cat\/escolagermanesbertomeu\/?p=1990"},"modified":"2019-10-16T08:58:10","modified_gmt":"2019-10-16T06:58:10","slug":"projecte-erasmus-more-drama-please","status":"publish","type":"post","link":"https:\/\/agora.xtec.cat\/escolagermanesbertomeu\/general\/projecte-erasmus-more-drama-please\/","title":{"rendered":"PROJECTE ERASMUS+: MORE DRAMA, PLEASE!"},"content":{"rendered":"<p style=\"text-align: justify;\">Enguany l\u2019escola participa en el projecte Erasmus+ KA101 anomenat &#8220;More drama, please!&#8221;. Est\u00e0 dirigit a l\u2019observaci\u00f3 de dues escoles europees en relaci\u00f3 a la did\u00e0ctica del teatre i t\u00e8cniques de comunicaci\u00f3 oral.<\/p>\n<p style=\"text-align: justify;\">Durant la setmana del 6 a l\u201911 d\u2019octubre del 2019, dues mestres de l\u2019equip docent de l\u2019escola han viatjat a Budapest, per observar activitats i din\u00e0miques relacionades amb el m\u00f3n del teatre, que es realitzen en un centre escolar de la ciutat hongaresa amb alumnes de prim\u00e0ria i secundaria.<\/p>\n<p><a href=\"https:\/\/agora.xtec.cat\/escolagermanesbertomeu\/wp-content\/uploads\/usu1488\/2019\/10\/5d7901d8-9b73-460d-af3d-cd293731f923.jpg\"><img loading=\"lazy\" decoding=\"async\" class=\"alignnone wp-image-1991\" src=\"https:\/\/agora.xtec.cat\/escolagermanesbertomeu\/wp-content\/uploads\/usu1488\/2019\/10\/5d7901d8-9b73-460d-af3d-cd293731f923-1024x680.jpg\" alt=\"\" width=\"672\" height=\"446\" srcset=\"https:\/\/agora.xtec.cat\/escolagermanesbertomeu\/wp-content\/uploads\/usu1488\/2019\/10\/5d7901d8-9b73-460d-af3d-cd293731f923-1024x680.jpg 1024w, https:\/\/agora.xtec.cat\/escolagermanesbertomeu\/wp-content\/uploads\/usu1488\/2019\/10\/5d7901d8-9b73-460d-af3d-cd293731f923-300x199.jpg 300w, https:\/\/agora.xtec.cat\/escolagermanesbertomeu\/wp-content\/uploads\/usu1488\/2019\/10\/5d7901d8-9b73-460d-af3d-cd293731f923-768x510.jpg 768w, https:\/\/agora.xtec.cat\/escolagermanesbertomeu\/wp-content\/uploads\/usu1488\/2019\/10\/5d7901d8-9b73-460d-af3d-cd293731f923.jpg 1075w\" sizes=\"auto, (max-width: 672px) 100vw, 672px\" \/><\/a><\/p>\n","protected":false},"excerpt":{"rendered":"<p>Enguany l\u2019escola participa en el projecte Erasmus+ KA101 anomenat &#8220;More drama, please!&#8221;. Est\u00e0 dirigit a l\u2019observaci\u00f3 de dues escoles europees en relaci\u00f3 a la did\u00e0ctica del teatre i t\u00e8cniques de comunicaci\u00f3 oral.<br \/>\nDurant la setmana del 6 a l\u201911 d\u2019octubre del 2019, dues mestres de l\u2019equip&hellip;  <a href=\"https:\/\/agora.xtec.cat\/escolagermanesbertomeu\/general\/projecte-erasmus-more-drama-please\/\" title=\"Read PROJECTE ERASMUS+: MORE DRAMA, PLEASE!\">Llegeix m\u00e9s\u00bb<\/a><\/p>\n","protected":false},"author":20,"featured_media":1993,"comment_status":"open","ping_status":"closed","sticky":false,"template":"","format":"standard","meta":{"_bbp_topic_count":0,"_bbp_reply_count":0,"_bbp_total_topic_count":0,"_bbp_total_reply_count":0,"_bbp_voice_count":0,"_bbp_anonymous_reply_count":0,"_bbp_topic_count_hidden":0,"_bbp_reply_count_hidden":0,"_bbp_forum_subforum_count":0,"footnotes":""},"categories":[1],"tags":[96],"class_list":["post-1990","post","type-post","status-publish","format-standard","has-post-thumbnail","hentry","category-general","tag-erasmus"],"post_mailing_queue_ids":[],"_links":{"self":[{"href":"https:\/\/agora.xtec.cat\/escolagermanesbertomeu\/wp-json\/wp\/v2\/posts\/1990","targetHints":{"allow":["GET"]}}],"collection":[{"href":"https:\/\/agora.xtec.cat\/escolagermanesbertomeu\/wp-json\/wp\/v2\/posts"}],"about":[{"href":"https:\/\/agora.xtec.cat\/escolagermanesbertomeu\/wp-json\/wp\/v2\/types\/post"}],"author":[{"embeddable":true,"href":"https:\/\/agora.xtec.cat\/escolagermanesbertomeu\/wp-json\/wp\/v2\/users\/20"}],"replies":[{"embeddable":true,"href":"https:\/\/agora.xtec.cat\/escolagermanesbertomeu\/wp-json\/wp\/v2\/comments?post=1990"}],"version-history":[{"count":4,"href":"https:\/\/agora.xtec.cat\/escolagermanesbertomeu\/wp-json\/wp\/v2\/posts\/1990\/revisions"}],"predecessor-version":[{"id":1998,"href":"https:\/\/agora.xtec.cat\/escolagermanesbertomeu\/wp-json\/wp\/v2\/posts\/1990\/revisions\/1998"}],"wp:featuredmedia":[{"embeddable":true,"href":"https:\/\/agora.xtec.cat\/escolagermanesbertomeu\/wp-json\/wp\/v2\/media\/1993"}],"wp:attachment":[{"href":"https:\/\/agora.xtec.cat\/escolagermanesbertomeu\/wp-json\/wp\/v2\/media?parent=1990"}],"wp:term":[{"taxonomy":"category","embeddable":true,"href":"https:\/\/agora.xtec.cat\/escolagermanesbertomeu\/wp-json\/wp\/v2\/categories?post=1990"},{"taxonomy":"post_tag","embeddable":true,"href":"https:\/\/agora.xtec.cat\/escolagermanesbertomeu\/wp-json\/wp\/v2\/tags?post=1990"}],"curies":[{"name":"wp","href":"https:\/\/api.w.org\/{rel}","templated":true}]}}