{"id":1960,"date":"2019-09-24T17:52:36","date_gmt":"2019-09-24T15:52:36","guid":{"rendered":"http:\/\/agora.xtec.cat\/escolagermanesbertomeu\/?p=1960"},"modified":"2019-09-24T17:52:36","modified_gmt":"2019-09-24T15:52:36","slug":"el-temps-de-lleure","status":"publish","type":"post","link":"https:\/\/agora.xtec.cat\/escolagermanesbertomeu\/general\/el-temps-de-lleure\/","title":{"rendered":"El temps de lleure"},"content":{"rendered":"<p>Actualment s&#8217;est\u00e0 parlant molt de la <em>formaci\u00f3 al llarg de la vida<\/em> i l&#8217;<em>educaci\u00f3 a temps complet<\/em>. Les <strong>activitats de lleure <\/strong>o<strong> extraescolars<\/strong> s&#8217;engloben dins d&#8217;aquest darrer terme, concebudes com un altre espai m\u00e9s -a banda de la fam\u00edlia o l&#8217;escola- de formaci\u00f3, educaci\u00f3, aprenentatge, desenvolupament d&#8217;habilitats i capacitats personals, viv\u00e8ncies -en qualsevol cas-, que fomentaran en els infants els processos de socialitzaci\u00f3, autoestima o auto-coneixement, per exemple. Per\u00f2, quines activitats s\u00f3n millors? Com triar-les? Quantes? Qui fa la tria?<\/p>\n<p>Us enllacem a una publicaci\u00f3 de la Generalitat de Catalunya que aprofundeix sobre aquestes q\u00fcestions clicant a la imatge:<\/p>\n<p><a href=\"http:\/\/familiaiescola.gencat.cat\/ca\/escolaritat\/lleure-activitats-extraescolars\/activitats-extraescolars\/\"><img loading=\"lazy\" decoding=\"async\" class=\"alignnone wp-image-1963\" src=\"https:\/\/agora.xtec.cat\/escolagermanesbertomeu\/wp-content\/uploads\/usu1488\/2019\/09\/D6OazjTXoAAMb2b.jpg\" alt=\"\" width=\"502\" height=\"376\" srcset=\"https:\/\/agora.xtec.cat\/escolagermanesbertomeu\/wp-content\/uploads\/usu1488\/2019\/09\/D6OazjTXoAAMb2b.jpg 680w, https:\/\/agora.xtec.cat\/escolagermanesbertomeu\/wp-content\/uploads\/usu1488\/2019\/09\/D6OazjTXoAAMb2b-300x225.jpg 300w, https:\/\/agora.xtec.cat\/escolagermanesbertomeu\/wp-content\/uploads\/usu1488\/2019\/09\/D6OazjTXoAAMb2b-200x150.jpg 200w\" sizes=\"auto, (max-width: 502px) 100vw, 502px\" \/><\/a><\/p>\n<p><em><sub>FOTO: trobada esportiva entre centres a la platja del Callao de Matar\u00f3 el maig passat.<\/sub><\/em><\/p>\n","protected":false},"excerpt":{"rendered":"<p>Actualment s&#8217;est\u00e0 parlant molt de la formaci\u00f3 al llarg de la vida i l&#8217;educaci\u00f3 a temps complet. Les activitats de lleure o extraescolars s&#8217;engloben dins d&#8217;aquest darrer terme, concebudes com un altre espai m\u00e9s -a banda de la fam\u00edlia o l&#8217;escola- de formaci\u00f3, educaci\u00f3, aprenentatge,&hellip;  <a href=\"https:\/\/agora.xtec.cat\/escolagermanesbertomeu\/general\/el-temps-de-lleure\/\" title=\"Read El temps de lleure\">Llegeix m\u00e9s\u00bb<\/a><\/p>\n","protected":false},"author":1,"featured_media":1963,"comment_status":"open","ping_status":"closed","sticky":false,"template":"","format":"standard","meta":{"_bbp_topic_count":0,"_bbp_reply_count":0,"_bbp_total_topic_count":0,"_bbp_total_reply_count":0,"_bbp_voice_count":0,"_bbp_anonymous_reply_count":0,"_bbp_topic_count_hidden":0,"_bbp_reply_count_hidden":0,"_bbp_forum_subforum_count":0,"footnotes":""},"categories":[7,55,1,4],"tags":[],"class_list":["post-1960","post","type-post","status-publish","format-standard","has-post-thumbnail","hentry","category-afa","category-escola","category-general","category-portada"],"post_mailing_queue_ids":[],"_links":{"self":[{"href":"https:\/\/agora.xtec.cat\/escolagermanesbertomeu\/wp-json\/wp\/v2\/posts\/1960","targetHints":{"allow":["GET"]}}],"collection":[{"href":"https:\/\/agora.xtec.cat\/escolagermanesbertomeu\/wp-json\/wp\/v2\/posts"}],"about":[{"href":"https:\/\/agora.xtec.cat\/escolagermanesbertomeu\/wp-json\/wp\/v2\/types\/post"}],"author":[{"embeddable":true,"href":"https:\/\/agora.xtec.cat\/escolagermanesbertomeu\/wp-json\/wp\/v2\/users\/1"}],"replies":[{"embeddable":true,"href":"https:\/\/agora.xtec.cat\/escolagermanesbertomeu\/wp-json\/wp\/v2\/comments?post=1960"}],"version-history":[{"count":2,"href":"https:\/\/agora.xtec.cat\/escolagermanesbertomeu\/wp-json\/wp\/v2\/posts\/1960\/revisions"}],"predecessor-version":[{"id":1965,"href":"https:\/\/agora.xtec.cat\/escolagermanesbertomeu\/wp-json\/wp\/v2\/posts\/1960\/revisions\/1965"}],"wp:featuredmedia":[{"embeddable":true,"href":"https:\/\/agora.xtec.cat\/escolagermanesbertomeu\/wp-json\/wp\/v2\/media\/1963"}],"wp:attachment":[{"href":"https:\/\/agora.xtec.cat\/escolagermanesbertomeu\/wp-json\/wp\/v2\/media?parent=1960"}],"wp:term":[{"taxonomy":"category","embeddable":true,"href":"https:\/\/agora.xtec.cat\/escolagermanesbertomeu\/wp-json\/wp\/v2\/categories?post=1960"},{"taxonomy":"post_tag","embeddable":true,"href":"https:\/\/agora.xtec.cat\/escolagermanesbertomeu\/wp-json\/wp\/v2\/tags?post=1960"}],"curies":[{"name":"wp","href":"https:\/\/api.w.org\/{rel}","templated":true}]}}