{"id":1939,"date":"2019-06-15T09:25:07","date_gmt":"2019-06-15T07:25:07","guid":{"rendered":"http:\/\/agora.xtec.cat\/escolagermanesbertomeu\/?p=1939"},"modified":"2019-07-10T09:31:14","modified_gmt":"2019-07-10T07:31:14","slug":"projecte-bellanima","status":"publish","type":"post","link":"https:\/\/agora.xtec.cat\/escolagermanesbertomeu\/general\/projecte-bellanima\/","title":{"rendered":"Projecte Bell\u00e0nima"},"content":{"rendered":"<p>Durant aquest curs l&#8217;escola ha tornat a participar al projecte Bell\u00e0nima. Igual que el curs passat, els alumnes que ho han pogut gaudir han estat els de segon de prim\u00e0ria.<\/p>\n<p>El projecte \u201cmovem l\u2019\u00e0nima\u201d neix de la inquietud de diferents professionals per desenvolupar activitats innovadores en l\u2019\u00e0mbit de les persones gran a fi de millorar el seu benestar social. Partint d\u2019aquesta idea els infants de segon de prim\u00e0ria (7 \/ 8 anys) han realitzat diverses activitats intergeneracionals juntament amb la terapeuta Psicocorporal de l\u2019associaci\u00f3 Bell\u00e0nima.<\/p>\n<p>Us deixem l&#8217;enlla\u00e7 que recull aquesta experi\u00e8ncia.<\/p>\n<p><a href=\"https:\/\/blocs.xtec.cat\/xcbprojecte304\/category\/centres-docents\/esc-germanes-bertomeu\/\"><img loading=\"lazy\" decoding=\"async\" class=\"alignnone  wp-image-727\" src=\"https:\/\/agora.xtec.cat\/escolagermanesbertomeu\/wp-content\/uploads\/usu1488\/2017\/03\/baixa.jpg\" alt=\"\" width=\"125\" height=\"125\" srcset=\"https:\/\/agora.xtec.cat\/escolagermanesbertomeu\/wp-content\/uploads\/usu1488\/2017\/03\/baixa.jpg 225w, https:\/\/agora.xtec.cat\/escolagermanesbertomeu\/wp-content\/uploads\/usu1488\/2017\/03\/baixa-150x150.jpg 150w\" sizes=\"auto, (max-width: 125px) 100vw, 125px\" \/><\/a><\/p>\n","protected":false},"excerpt":{"rendered":"<p>Durant aquest curs l&#8217;escola ha tornat a participar al projecte Bell\u00e0nima. Igual que el curs passat, els alumnes que ho han pogut gaudir han estat els de segon de prim\u00e0ria.<br \/>\nEl projecte \u201cmovem l\u2019\u00e0nima\u201d neix de la inquietud de diferents professionals per desenvolupar activitats innovadores en&hellip;  <a href=\"https:\/\/agora.xtec.cat\/escolagermanesbertomeu\/general\/projecte-bellanima\/\" title=\"Read Projecte Bell\u00e0nima\">Llegeix m\u00e9s\u00bb<\/a><\/p>\n","protected":false},"author":1,"featured_media":1941,"comment_status":"open","ping_status":"closed","sticky":false,"template":"","format":"standard","meta":{"_bbp_topic_count":0,"_bbp_reply_count":0,"_bbp_total_topic_count":0,"_bbp_total_reply_count":0,"_bbp_voice_count":0,"_bbp_anonymous_reply_count":0,"_bbp_topic_count_hidden":0,"_bbp_reply_count_hidden":0,"_bbp_forum_subforum_count":0,"footnotes":""},"categories":[10,1,5],"tags":[82,62,102],"class_list":["post-1939","post","type-post","status-publish","format-standard","has-post-thumbnail","hentry","category-2n","category-general","category-primaria","tag-documentacio","tag-projectes","tag-promocio-2014-2023"],"post_mailing_queue_ids":[],"_links":{"self":[{"href":"https:\/\/agora.xtec.cat\/escolagermanesbertomeu\/wp-json\/wp\/v2\/posts\/1939","targetHints":{"allow":["GET"]}}],"collection":[{"href":"https:\/\/agora.xtec.cat\/escolagermanesbertomeu\/wp-json\/wp\/v2\/posts"}],"about":[{"href":"https:\/\/agora.xtec.cat\/escolagermanesbertomeu\/wp-json\/wp\/v2\/types\/post"}],"author":[{"embeddable":true,"href":"https:\/\/agora.xtec.cat\/escolagermanesbertomeu\/wp-json\/wp\/v2\/users\/1"}],"replies":[{"embeddable":true,"href":"https:\/\/agora.xtec.cat\/escolagermanesbertomeu\/wp-json\/wp\/v2\/comments?post=1939"}],"version-history":[{"count":1,"href":"https:\/\/agora.xtec.cat\/escolagermanesbertomeu\/wp-json\/wp\/v2\/posts\/1939\/revisions"}],"predecessor-version":[{"id":1940,"href":"https:\/\/agora.xtec.cat\/escolagermanesbertomeu\/wp-json\/wp\/v2\/posts\/1939\/revisions\/1940"}],"wp:featuredmedia":[{"embeddable":true,"href":"https:\/\/agora.xtec.cat\/escolagermanesbertomeu\/wp-json\/wp\/v2\/media\/1941"}],"wp:attachment":[{"href":"https:\/\/agora.xtec.cat\/escolagermanesbertomeu\/wp-json\/wp\/v2\/media?parent=1939"}],"wp:term":[{"taxonomy":"category","embeddable":true,"href":"https:\/\/agora.xtec.cat\/escolagermanesbertomeu\/wp-json\/wp\/v2\/categories?post=1939"},{"taxonomy":"post_tag","embeddable":true,"href":"https:\/\/agora.xtec.cat\/escolagermanesbertomeu\/wp-json\/wp\/v2\/tags?post=1939"}],"curies":[{"name":"wp","href":"https:\/\/api.w.org\/{rel}","templated":true}]}}