{"id":1855,"date":"2019-05-16T11:51:03","date_gmt":"2019-05-16T09:51:03","guid":{"rendered":"http:\/\/agora.xtec.cat\/escolagermanesbertomeu\/?p=1855"},"modified":"2019-05-16T12:00:44","modified_gmt":"2019-05-16T10:00:44","slug":"18a-trobada-dauale","status":"publish","type":"post","link":"https:\/\/agora.xtec.cat\/escolagermanesbertomeu\/general\/18a-trobada-dauale\/","title":{"rendered":"18a Trobada d&#8217;Aual\u00e9"},"content":{"rendered":"<p><span style=\"font-weight: 400;\">El dia 15 de maig de 2019, els alumnes de 6\u00e8 van participar amb un <\/span><b>campionat d\u2019aual\u00e9<\/b><span style=\"font-weight: 400;\"> amb diferents escoles de la ciutat. Aquesta activitat es va realitzar en el Pavell\u00f3 Jaume Perera de Cirera on tots els infants van poder gaudir d\u2019aquest joc i compartir diferents experi\u00e8ncies amb nens i nenes de la mateixa edat. Aquest joc fa m\u00e9s de 15 anys que es va introduir a Matar\u00f3, amb l\u2019<\/span><b>objectiu<\/b><span style=\"font-weight: 400;\"> de con\u00e8ixer un joc tradicional per altres cultures presents a la ciutat, per tant, com un bon mitj\u00e0 de valoraci\u00f3 de la cultura d&#8217;origen i d\u2019<\/span><b>apropament als altres<\/b><span style=\"font-weight: 400;\">. \u00c9s un joc de descoberta, d&#8217;estrat\u00e8gies i d&#8217;aplicaci\u00f3 de c\u00e0lcul mental. <\/span><\/p>\n<p><span style=\"font-weight: 400;\">Totes les escoles van rebre un diploma per haver participat, per\u00f2 per a la nostra sorpresa i alegria ens van comunicar que \u00e9rem els <\/span><b>guanyadors\/es<\/b><span style=\"font-weight: 400;\"> del campionat! No sabem si guarda relaci\u00f3, per\u00f2 s\u00ed que \u00e9s cert que al llarg del curs hem estat dedicant un temps als <\/span><b>jocs d&#8217;estrat\u00e8gies i de raonament<\/b><span style=\"font-weight: 400;\">, on l&#8217;aual\u00e9 formava part del repertori. Estem contents per tot l\u2019esfor\u00e7 fet i agra\u00efts d\u2019haver compartit aquesta <\/span><b>experi\u00e8ncia<\/b><span style=\"font-weight: 400;\"> amb la Jalika, la formadora que ens va transmetre els seus coneixements en una visita a l\u2019escola.<\/span><\/p>\n<p><span style=\"font-weight: 400;\">En acabar el campionat, com a cloenda, tots plegats vam cantar i ballar una can\u00e7\u00f3 infantil senegalesa anomenada: \u201cFatou-yo\u201d de Tour\u00e9 Kunda, un moment compartit molt especial.<\/span><\/p>\n<p><i><span style=\"font-weight: 400;\">\u201cNo deixem de jugar perqu\u00e8 ens tornem vells, ens tornem vells perqu\u00e8 deixem de jugar.\u201d <\/span><\/i><span style=\"font-weight: 400;\">(<\/span><span style=\"font-weight: 400;\">George Bernard Shaw)<\/span><\/p>\n\n","protected":false},"excerpt":{"rendered":"<p>El dia 15 de maig de 2019, els alumnes de 6\u00e8 van participar amb un campionat d\u2019aual\u00e9 amb diferents escoles de la ciutat.&hellip;  <a href=\"https:\/\/agora.xtec.cat\/escolagermanesbertomeu\/general\/18a-trobada-dauale\/\" title=\"Read 18a Trobada d&#8217;Aual\u00e9\">Llegeix m\u00e9s\u00bb<\/a><\/p>\n","protected":false},"author":1,"featured_media":1847,"comment_status":"open","ping_status":"closed","sticky":false,"template":"","format":"standard","meta":{"_bbp_topic_count":0,"_bbp_reply_count":0,"_bbp_total_topic_count":0,"_bbp_total_reply_count":0,"_bbp_voice_count":0,"_bbp_anonymous_reply_count":0,"_bbp_topic_count_hidden":0,"_bbp_reply_count_hidden":0,"_bbp_forum_subforum_count":0,"footnotes":""},"categories":[14,55,1,4],"tags":[114,115],"class_list":["post-1855","post","type-post","status-publish","format-standard","has-post-thumbnail","hentry","category-6e","category-escola","category-general","category-portada","tag-6e","tag-cicle-superior"],"post_mailing_queue_ids":[],"_links":{"self":[{"href":"https:\/\/agora.xtec.cat\/escolagermanesbertomeu\/wp-json\/wp\/v2\/posts\/1855","targetHints":{"allow":["GET"]}}],"collection":[{"href":"https:\/\/agora.xtec.cat\/escolagermanesbertomeu\/wp-json\/wp\/v2\/posts"}],"about":[{"href":"https:\/\/agora.xtec.cat\/escolagermanesbertomeu\/wp-json\/wp\/v2\/types\/post"}],"author":[{"embeddable":true,"href":"https:\/\/agora.xtec.cat\/escolagermanesbertomeu\/wp-json\/wp\/v2\/users\/1"}],"replies":[{"embeddable":true,"href":"https:\/\/agora.xtec.cat\/escolagermanesbertomeu\/wp-json\/wp\/v2\/comments?post=1855"}],"version-history":[{"count":3,"href":"https:\/\/agora.xtec.cat\/escolagermanesbertomeu\/wp-json\/wp\/v2\/posts\/1855\/revisions"}],"predecessor-version":[{"id":1873,"href":"https:\/\/agora.xtec.cat\/escolagermanesbertomeu\/wp-json\/wp\/v2\/posts\/1855\/revisions\/1873"}],"wp:featuredmedia":[{"embeddable":true,"href":"https:\/\/agora.xtec.cat\/escolagermanesbertomeu\/wp-json\/wp\/v2\/media\/1847"}],"wp:attachment":[{"href":"https:\/\/agora.xtec.cat\/escolagermanesbertomeu\/wp-json\/wp\/v2\/media?parent=1855"}],"wp:term":[{"taxonomy":"category","embeddable":true,"href":"https:\/\/agora.xtec.cat\/escolagermanesbertomeu\/wp-json\/wp\/v2\/categories?post=1855"},{"taxonomy":"post_tag","embeddable":true,"href":"https:\/\/agora.xtec.cat\/escolagermanesbertomeu\/wp-json\/wp\/v2\/tags?post=1855"}],"curies":[{"name":"wp","href":"https:\/\/api.w.org\/{rel}","templated":true}]}}