{"id":1854,"date":"2019-05-16T11:04:12","date_gmt":"2019-05-16T09:04:12","guid":{"rendered":"http:\/\/agora.xtec.cat\/escolagermanesbertomeu\/?p=1854"},"modified":"2019-05-16T11:28:51","modified_gmt":"2019-05-16T09:28:51","slug":"xvii-trobada-de-corals","status":"publish","type":"post","link":"https:\/\/agora.xtec.cat\/escolagermanesbertomeu\/general\/xvii-trobada-de-corals\/","title":{"rendered":"XVII TROBADA DE CORALS"},"content":{"rendered":"<p><span lang=\"CA\">El dilluns dia 13 de maig es va celebrar la XVII Trobada de Corals d&#8217;educaci\u00f3 infantil i prim\u00e0ria al Teatre Monumental de Matar\u00f3, organitzades pel Departament d\u2019Educaci\u00f3. Hi van participar 12 corals d&#8217;onze centres. <\/span><\/p>\n<p><span lang=\"CA\">El cant coral sovint \u00e9s una de les eines per afavorir aspectes fonamentals en educaci\u00f3 com s\u00f3n el desenvolupament personal, les habilitats socials i relacions interpersonals amb la pertinen\u00e7a i cohesi\u00f3 del grup, contribuint en la millora de l\u2019adquisici\u00f3 de les compet\u00e8ncies b\u00e0siques. \u00c9s per aquest motiu que aquests concerts tenen l&#8217;objectiu de potenciar i difondre la pr\u00e0ctica coral que es du a terme als centres educatius. Per a l&#8217;escola, a m\u00e9s, la participaci\u00f3 a la coral fomenta l&#8217;adquisici\u00f3 de nou vocabulari i \u00e9s una bona oportunitat per accedir al m\u00f3n de la cultura, sovint tant exclusiu, o -en tot cas- de gaudir d&#8217;una forma d&#8217;expressi\u00f3.\u00a0<\/span><\/p>\n<p><span lang=\"CA\">\u00a0<\/span><span lang=\"CA\">La coral gran i la coral petita de l\u2019escola van interpretar amb molt de ritme i molta il\u00b7lusi\u00f3 quatre can\u00e7ons:<\/span><\/p>\n<ul>\n<li><span lang=\"CA\">\u201cQue ens deixin en pau\u201d del grup Crossing.<\/span><\/li>\n<li><span lang=\"CA\">\u201cCount on me\u201d, d\u2019en Bruno Mars.<\/span><\/li>\n<li><span lang=\"CA\">\u201cVull ser un pirata\u201d, m\u00fasica de Pep Llad\u00f3 i lletra d&#8217;Albert Rubio.<\/span><\/li>\n<li><span lang=\"CA\">L&#8217;avi Mariner\u201d, d\u2019Antoni P\u00e0mies.<\/span><\/li>\n<\/ul>\n<p><span lang=\"CA\">A continuaci\u00f3 us mostrem algunes imatges d\u2019aquesta trobada. Esperem que us agradi!<\/span><\/p>\n<p><span lang=\"CA\" style=\"margin: 0px; font-family: 'Arial','sans-serif';\"><span style=\"color: #000000;\"><a href=\"https:\/\/agora.xtec.cat\/escolagermanesbertomeu\/wp-content\/uploads\/usu1488\/2019\/05\/IMG-20190513-WA0023.jpg\"><img loading=\"lazy\" decoding=\"async\" class=\"alignnone wp-image-1860\" src=\"https:\/\/agora.xtec.cat\/escolagermanesbertomeu\/wp-content\/uploads\/usu1488\/2019\/05\/IMG-20190513-WA0023-1024x575.jpg\" alt=\"\" width=\"363\" height=\"204\" srcset=\"https:\/\/agora.xtec.cat\/escolagermanesbertomeu\/wp-content\/uploads\/usu1488\/2019\/05\/IMG-20190513-WA0023-1024x575.jpg 1024w, https:\/\/agora.xtec.cat\/escolagermanesbertomeu\/wp-content\/uploads\/usu1488\/2019\/05\/IMG-20190513-WA0023-300x168.jpg 300w, https:\/\/agora.xtec.cat\/escolagermanesbertomeu\/wp-content\/uploads\/usu1488\/2019\/05\/IMG-20190513-WA0023-768x431.jpg 768w, https:\/\/agora.xtec.cat\/escolagermanesbertomeu\/wp-content\/uploads\/usu1488\/2019\/05\/IMG-20190513-WA0023.jpg 1600w\" sizes=\"auto, (max-width: 363px) 100vw, 363px\" \/><\/a> <a href=\"https:\/\/agora.xtec.cat\/escolagermanesbertomeu\/wp-content\/uploads\/usu1488\/2019\/05\/IMG-20190513-WA0035.jpg\"><img loading=\"lazy\" decoding=\"async\" class=\"alignnone wp-image-1861\" src=\"https:\/\/agora.xtec.cat\/escolagermanesbertomeu\/wp-content\/uploads\/usu1488\/2019\/05\/IMG-20190513-WA0035-1024x768.jpg\" alt=\"\" width=\"271\" height=\"204\" srcset=\"https:\/\/agora.xtec.cat\/escolagermanesbertomeu\/wp-content\/uploads\/usu1488\/2019\/05\/IMG-20190513-WA0035-1024x768.jpg 1024w, https:\/\/agora.xtec.cat\/escolagermanesbertomeu\/wp-content\/uploads\/usu1488\/2019\/05\/IMG-20190513-WA0035-300x225.jpg 300w, https:\/\/agora.xtec.cat\/escolagermanesbertomeu\/wp-content\/uploads\/usu1488\/2019\/05\/IMG-20190513-WA0035-768x576.jpg 768w, https:\/\/agora.xtec.cat\/escolagermanesbertomeu\/wp-content\/uploads\/usu1488\/2019\/05\/IMG-20190513-WA0035-200x150.jpg 200w, https:\/\/agora.xtec.cat\/escolagermanesbertomeu\/wp-content\/uploads\/usu1488\/2019\/05\/IMG-20190513-WA0035.jpg 1600w\" sizes=\"auto, (max-width: 271px) 100vw, 271px\" \/><\/a>\u00a0 <a href=\"https:\/\/agora.xtec.cat\/escolagermanesbertomeu\/wp-content\/uploads\/usu1488\/2019\/05\/IMG-20190513-WA0013.jpg\"><img loading=\"lazy\" decoding=\"async\" class=\"alignnone wp-image-1858\" src=\"https:\/\/agora.xtec.cat\/escolagermanesbertomeu\/wp-content\/uploads\/usu1488\/2019\/05\/IMG-20190513-WA0013-1024x575.jpg\" alt=\"\" width=\"335\" height=\"188\" srcset=\"https:\/\/agora.xtec.cat\/escolagermanesbertomeu\/wp-content\/uploads\/usu1488\/2019\/05\/IMG-20190513-WA0013-1024x575.jpg 1024w, https:\/\/agora.xtec.cat\/escolagermanesbertomeu\/wp-content\/uploads\/usu1488\/2019\/05\/IMG-20190513-WA0013-300x168.jpg 300w, https:\/\/agora.xtec.cat\/escolagermanesbertomeu\/wp-content\/uploads\/usu1488\/2019\/05\/IMG-20190513-WA0013-768x431.jpg 768w, https:\/\/agora.xtec.cat\/escolagermanesbertomeu\/wp-content\/uploads\/usu1488\/2019\/05\/IMG-20190513-WA0013.jpg 1600w\" sizes=\"auto, (max-width: 335px) 100vw, 335px\" \/><\/a> <a href=\"https:\/\/agora.xtec.cat\/escolagermanesbertomeu\/wp-content\/uploads\/usu1488\/2019\/05\/IMG-20190513-WA0012.jpg\"><img loading=\"lazy\" decoding=\"async\" class=\"alignnone wp-image-1857\" src=\"https:\/\/agora.xtec.cat\/escolagermanesbertomeu\/wp-content\/uploads\/usu1488\/2019\/05\/IMG-20190513-WA0012-1024x575.jpg\" alt=\"\" width=\"327\" height=\"183\" srcset=\"https:\/\/agora.xtec.cat\/escolagermanesbertomeu\/wp-content\/uploads\/usu1488\/2019\/05\/IMG-20190513-WA0012-1024x575.jpg 1024w, https:\/\/agora.xtec.cat\/escolagermanesbertomeu\/wp-content\/uploads\/usu1488\/2019\/05\/IMG-20190513-WA0012-300x168.jpg 300w, https:\/\/agora.xtec.cat\/escolagermanesbertomeu\/wp-content\/uploads\/usu1488\/2019\/05\/IMG-20190513-WA0012-768x431.jpg 768w, https:\/\/agora.xtec.cat\/escolagermanesbertomeu\/wp-content\/uploads\/usu1488\/2019\/05\/IMG-20190513-WA0012.jpg 1600w\" sizes=\"auto, (max-width: 327px) 100vw, 327px\" \/><\/a><\/span><\/span><\/p>\n","protected":false},"excerpt":{"rendered":"<p>El dilluns dia 13 de maig es va celebrar la XVII Trobada de Corals d&#8217;educaci\u00f3 infantil i prim\u00e0ria al Teatre Monumental de Matar\u00f3, organitzades pel Departament d\u2019Educaci\u00f3. Hi van participar 12 corals d&#8217;onze centres.<br \/>\nEl cant coral sovint \u00e9s una de les eines per afavorir&hellip;  <a href=\"https:\/\/agora.xtec.cat\/escolagermanesbertomeu\/general\/xvii-trobada-de-corals\/\" title=\"Read XVII TROBADA DE CORALS\">Llegeix m\u00e9s\u00bb<\/a><\/p>\n","protected":false},"author":1,"featured_media":1857,"comment_status":"open","ping_status":"closed","sticky":false,"template":"","format":"standard","meta":{"_bbp_topic_count":0,"_bbp_reply_count":0,"_bbp_total_topic_count":0,"_bbp_total_reply_count":0,"_bbp_voice_count":0,"_bbp_anonymous_reply_count":0,"_bbp_topic_count_hidden":0,"_bbp_reply_count_hidden":0,"_bbp_forum_subforum_count":0,"footnotes":""},"categories":[1,5],"tags":[117,60],"class_list":["post-1854","post","type-post","status-publish","format-standard","has-post-thumbnail","hentry","category-general","category-primaria","tag-coral","tag-musica"],"post_mailing_queue_ids":[],"_links":{"self":[{"href":"https:\/\/agora.xtec.cat\/escolagermanesbertomeu\/wp-json\/wp\/v2\/posts\/1854","targetHints":{"allow":["GET"]}}],"collection":[{"href":"https:\/\/agora.xtec.cat\/escolagermanesbertomeu\/wp-json\/wp\/v2\/posts"}],"about":[{"href":"https:\/\/agora.xtec.cat\/escolagermanesbertomeu\/wp-json\/wp\/v2\/types\/post"}],"author":[{"embeddable":true,"href":"https:\/\/agora.xtec.cat\/escolagermanesbertomeu\/wp-json\/wp\/v2\/users\/1"}],"replies":[{"embeddable":true,"href":"https:\/\/agora.xtec.cat\/escolagermanesbertomeu\/wp-json\/wp\/v2\/comments?post=1854"}],"version-history":[{"count":4,"href":"https:\/\/agora.xtec.cat\/escolagermanesbertomeu\/wp-json\/wp\/v2\/posts\/1854\/revisions"}],"predecessor-version":[{"id":1867,"href":"https:\/\/agora.xtec.cat\/escolagermanesbertomeu\/wp-json\/wp\/v2\/posts\/1854\/revisions\/1867"}],"wp:featuredmedia":[{"embeddable":true,"href":"https:\/\/agora.xtec.cat\/escolagermanesbertomeu\/wp-json\/wp\/v2\/media\/1857"}],"wp:attachment":[{"href":"https:\/\/agora.xtec.cat\/escolagermanesbertomeu\/wp-json\/wp\/v2\/media?parent=1854"}],"wp:term":[{"taxonomy":"category","embeddable":true,"href":"https:\/\/agora.xtec.cat\/escolagermanesbertomeu\/wp-json\/wp\/v2\/categories?post=1854"},{"taxonomy":"post_tag","embeddable":true,"href":"https:\/\/agora.xtec.cat\/escolagermanesbertomeu\/wp-json\/wp\/v2\/tags?post=1854"}],"curies":[{"name":"wp","href":"https:\/\/api.w.org\/{rel}","templated":true}]}}