{"id":1814,"date":"2019-05-15T19:05:00","date_gmt":"2019-05-15T17:05:00","guid":{"rendered":"http:\/\/agora.xtec.cat\/escolagermanesbertomeu\/?p=1814"},"modified":"2019-05-15T19:05:51","modified_gmt":"2019-05-15T17:05:51","slug":"trobada-de-voleibol-amb-altres-escoles-de-la-ciutat","status":"publish","type":"post","link":"https:\/\/agora.xtec.cat\/escolagermanesbertomeu\/general\/trobada-de-voleibol-amb-altres-escoles-de-la-ciutat\/","title":{"rendered":"Trobada de voleibol amb altres escoles de la ciutat"},"content":{"rendered":"<p>El divendres dia 10 de maig de 2019, els alumnes de 6\u00e8 van participar a la que ja comen\u00e7a a ser tradicional trobada de <strong>voleiplatja<\/strong> (fa 4 anys que es realitza), juntament amb moltes altres escoles de Matar\u00f3, aplegant m\u00e9s de <strong>700 joves<\/strong>. Aquesta trobada esportiva va ser possible gr\u00e0cies a l\u2019organitzaci\u00f3 de l\u2019<strong>Escola Freta<\/strong>, el <strong>Consell Esportiu del Maresme<\/strong>, la <strong>Federaci\u00f3 Catalana de Voleibol <\/strong>i al <strong>Centre Nataci\u00f3 de Matar\u00f3<\/strong>, que va cedir els espais.<\/p>\n<p>Va ser una experi\u00e8ncia molt enriquidora i divertida, un context ideal on posar de relleu aprenentatges espec\u00edfics d&#8217;educaci\u00f3 f\u00edsica com ara:<\/p>\n<ul>\n<li>Despla\u00e7ar-se, saltar, girar, llan\u00e7ar, rebre i manejar objectes de forma coordinada adaptant-se a diferents entorns i situacions de joc.<\/li>\n<li>Participar i gaudir dels jocs i les activitats f\u00edsiques amb coneixement i respecte de les normes.<\/li>\n<li>Actuar d\u2019acord amb valors com l\u2019esfor\u00e7 personal i la cooperaci\u00f3 en els jocs col\u00b7lectius i les pr\u00e0ctiques d\u2019activitats f\u00edsiques mostrant-se respectu\u00f3s amb normes i els companys\/es.<\/li>\n<\/ul>\n<p><em>Reunir-se en equip \u00e9s el principi, mantenir-se en equip \u00e9s el proc\u00e9s i treballar en equip assegura l&#8217;\u00e8xit. (<\/em>Henry Ford).<\/p>\n\n","protected":false},"excerpt":{"rendered":"<p>Els alumnes de 6\u00e8 fem una trobada de voleibol-platja amb altres escoles de Matar\u00f3.&hellip;  <a href=\"https:\/\/agora.xtec.cat\/escolagermanesbertomeu\/general\/trobada-de-voleibol-amb-altres-escoles-de-la-ciutat\/\" title=\"Read Trobada de voleibol amb altres escoles de la ciutat\">Llegeix m\u00e9s\u00bb<\/a><\/p>\n","protected":false},"author":1,"featured_media":1815,"comment_status":"open","ping_status":"closed","sticky":false,"template":"","format":"standard","meta":{"_bbp_topic_count":0,"_bbp_reply_count":0,"_bbp_total_topic_count":0,"_bbp_total_reply_count":0,"_bbp_voice_count":0,"_bbp_anonymous_reply_count":0,"_bbp_topic_count_hidden":0,"_bbp_reply_count_hidden":0,"_bbp_forum_subforum_count":0,"footnotes":""},"categories":[14,1],"tags":[114,59],"class_list":["post-1814","post","type-post","status-publish","format-standard","has-post-thumbnail","hentry","category-6e","category-general","tag-6e","tag-educacio-fisica"],"post_mailing_queue_ids":[],"_links":{"self":[{"href":"https:\/\/agora.xtec.cat\/escolagermanesbertomeu\/wp-json\/wp\/v2\/posts\/1814","targetHints":{"allow":["GET"]}}],"collection":[{"href":"https:\/\/agora.xtec.cat\/escolagermanesbertomeu\/wp-json\/wp\/v2\/posts"}],"about":[{"href":"https:\/\/agora.xtec.cat\/escolagermanesbertomeu\/wp-json\/wp\/v2\/types\/post"}],"author":[{"embeddable":true,"href":"https:\/\/agora.xtec.cat\/escolagermanesbertomeu\/wp-json\/wp\/v2\/users\/1"}],"replies":[{"embeddable":true,"href":"https:\/\/agora.xtec.cat\/escolagermanesbertomeu\/wp-json\/wp\/v2\/comments?post=1814"}],"version-history":[{"count":4,"href":"https:\/\/agora.xtec.cat\/escolagermanesbertomeu\/wp-json\/wp\/v2\/posts\/1814\/revisions"}],"predecessor-version":[{"id":1845,"href":"https:\/\/agora.xtec.cat\/escolagermanesbertomeu\/wp-json\/wp\/v2\/posts\/1814\/revisions\/1845"}],"wp:featuredmedia":[{"embeddable":true,"href":"https:\/\/agora.xtec.cat\/escolagermanesbertomeu\/wp-json\/wp\/v2\/media\/1815"}],"wp:attachment":[{"href":"https:\/\/agora.xtec.cat\/escolagermanesbertomeu\/wp-json\/wp\/v2\/media?parent=1814"}],"wp:term":[{"taxonomy":"category","embeddable":true,"href":"https:\/\/agora.xtec.cat\/escolagermanesbertomeu\/wp-json\/wp\/v2\/categories?post=1814"},{"taxonomy":"post_tag","embeddable":true,"href":"https:\/\/agora.xtec.cat\/escolagermanesbertomeu\/wp-json\/wp\/v2\/tags?post=1814"}],"curies":[{"name":"wp","href":"https:\/\/api.w.org\/{rel}","templated":true}]}}