{"id":1797,"date":"2019-05-07T18:30:12","date_gmt":"2019-05-07T16:30:12","guid":{"rendered":"http:\/\/agora.xtec.cat\/escolagermanesbertomeu\/?p=1797"},"modified":"2019-05-09T13:50:13","modified_gmt":"2019-05-09T11:50:13","slug":"ser-una-dona-marroquina-i-catalana","status":"publish","type":"post","link":"https:\/\/agora.xtec.cat\/escolagermanesbertomeu\/general\/ser-una-dona-marroquina-i-catalana\/","title":{"rendered":"SER UNA DONA MARROQUINA I CATALANA"},"content":{"rendered":"<p>&nbsp;<\/p>\n<p><a href=\"https:\/\/agora.xtec.cat\/escolagermanesbertomeu\/wp-content\/uploads\/usu1488\/2019\/05\/IMG_1285-2.jpg\"><img loading=\"lazy\" decoding=\"async\" class=\"wp-image-1798 alignleft\" src=\"https:\/\/agora.xtec.cat\/escolagermanesbertomeu\/wp-content\/uploads\/usu1488\/2019\/05\/IMG_1285-2-1024x768.jpg\" alt=\"\" width=\"732\" height=\"549\" srcset=\"https:\/\/agora.xtec.cat\/escolagermanesbertomeu\/wp-content\/uploads\/usu1488\/2019\/05\/IMG_1285-2-1024x768.jpg 1024w, https:\/\/agora.xtec.cat\/escolagermanesbertomeu\/wp-content\/uploads\/usu1488\/2019\/05\/IMG_1285-2-300x225.jpg 300w, https:\/\/agora.xtec.cat\/escolagermanesbertomeu\/wp-content\/uploads\/usu1488\/2019\/05\/IMG_1285-2-768x576.jpg 768w, https:\/\/agora.xtec.cat\/escolagermanesbertomeu\/wp-content\/uploads\/usu1488\/2019\/05\/IMG_1285-2-200x150.jpg 200w, https:\/\/agora.xtec.cat\/escolagermanesbertomeu\/wp-content\/uploads\/usu1488\/2019\/05\/IMG_1285-2.jpg 2016w\" sizes=\"auto, (max-width: 732px) 100vw, 732px\" \/><\/a><\/p>\n<p>El passat dissabte 4 de maig, la diputada Najat Driouech va reunir-se amb dones d\u2019origen magreb\u00ed de la ciutat de Matar\u00f3. Ja al mes de desembre v\u00e0rem tenir una primera xerrada amb ella i es va acordar fer aquesta segona trobada a l\u2019escola Germanes Bertomeu. El t\u00edtol de la xerrada va ser: \u201c<em>Dones d\u2019aqu\u00ed i d\u2019all\u00e0. El repte de viure entre dues cultures<\/em>.\u201d<\/p>\n<p>La trobada va tenir un aire molt proper i familiar, on les mares podien conversar i explicar com se sentien i les pors que sorgien en aquest proc\u00e9s. Els punts que volem destacar s\u00f3n els seg\u00fcents:<\/p>\n<p>Per a la Najat \u00e9s important assumir que les fam\u00edlies que ja estan residint a Catalunya ja no tornaran a viure al Marroc, encara que tornaran com a visitants. Per tant, hem d\u2019<strong>integrar<\/strong> aquesta <strong>dualitat cultural<\/strong>, \u00e9s a dir, ser d\u2019origen marroqu\u00ed per\u00f2 ciutadanes mataronines, amb els nostres drets com a ciutadanes i els nostres deures. Per exemple, con\u00e8ixer les festes importants de totes dues cultures, no tancar-nos nom\u00e9s en les nostres pr\u00f2pies d\u2019origen: fer nostra tant la diada de Sant Jordi com obrir-nos a con\u00e8ixer el Ramad\u00e0.<\/p>\n<p>Per a sentir-se ciutadanes d\u2019aqu\u00ed, \u00e9s prioritari con\u00e8ixer la llengua per poder-nos comunicar. Si <strong>aprenem la llengua local<\/strong> ens podem moure aut\u00f2nomament, ens sentim \u00fatils, podem verbalitzar les nostres necessitats\/preocupacions i millorar la qualitat de la nostra conviv\u00e8ncia en el dia a dia.<\/p>\n<p>El fet de <strong>comunicar-se amb<\/strong> <strong>el teixit social del barri<\/strong>: poder dialogar amb l\u2019escola (participar de les reunions d\u2019aula, de les festes de l\u2019escola, col\u00b7laborar com a voluntaris\/es&#8230;), participar de les associacions de ve\u00efns, <strong>empodera a les dones<\/strong> i esdevenen un referent vers els seus fills\/es. Es freq\u00fcent que els pares no dominin la llengua local i s\u00f3n els fills\/es els que han d\u2019ajudar a fer de traductors\/es. Alguna mare reconeixia que aquesta situaci\u00f3 era un doble patiment, ja que per una banda sentia la frustraci\u00f3 per no dominar l\u2019idioma i, per altra, la queixa dels seus fills, demanant-li que aprengui la llengua.<\/p>\n<p>Quan no ens coneixem entre el ve\u00efnat, i som de diferents or\u00edgens, de vegades des de la desconeixen\u00e7a apareixen\u00a0<strong>els prejudicis culturals, les rivalitats i provoquen un tancament<\/strong>. En canvi apropar-nos als que s\u00f3n diferents de nosaltres, el comunicar-nos ens apropa i guanyem confian\u00e7a. Per exemple, els ve\u00efns d\u2019una mateixa escala ens hem de con\u00e8ixer i respectar-nos. <strong>La import\u00e0ncia de la llengua<\/strong>\u00a0ha estat un aspecte molt important i compartit per totes les participants de la xerrada.<\/p>\n<p>Un altre tema tractat a la xerrada va ser la <strong>delinq\u00fc\u00e8ncia<\/strong> del barri de Rocafonda. L\u00f2gicament es va condemnar -i molt- aquests actes (tr\u00e0fic de drogues, viol\u00e8ncia al carrer), es va recordar com els ciutadants\/es del barri feia poques setmanes s\u2019havien manifestat pels carrers de la ciutat demanant m\u00e9s pres\u00e8ncia i actuaci\u00f3 policial. Un delinq\u00fcent -sigui de l\u2019origen que sigui- \u00e9s un delinq\u00fcent, per\u00f2 no s\u2019hauria de condemnar mai l\u2019origen sin\u00f3 els actes.<\/p>\n<p>Des d\u2019aqu\u00ed, volem agrair la pres\u00e8ncia de les mares de l\u2019escola perqu\u00e8 sense elles a<span style=\"font-family: inherit; font-size: 1em;\">questa trobada no hagu\u00e9s tingut sentit. La seva <\/span><strong style=\"font-family: inherit; font-size: 1em;\">implicaci\u00f3 i autocr\u00edtica<\/strong><span style=\"font-family: inherit; font-size: 1em;\"> va ser molt enriquidora per a tothom. Tamb\u00e9 volem agrair especialment la bona disposici\u00f3 de la diputada Najat, que es va comprometre a fer arribar el missatge al parlament, ja que aquest di\u00e0leg sobre la dualitat cultural ha de ser una realitat tant individual i col\u00b7lectiva com institucional.<\/span><\/p>\n<p>Com a conclusi\u00f3, us animem a totes les fam\u00edlies a participar de tot all\u00f2 que oferim des de l\u2019escola per tal de seguir creant vincles!!<\/p>\n<p>A continuaci\u00f3 us fem un recordatori de tots els <span style=\"text-decoration: underline;\"><strong>TALLERS<\/strong><\/span> i\u00a0<span style=\"text-decoration: underline;\"><strong> ACTIVITATS<\/strong><\/span> que fem a Germanes Bertomeu:<\/p>\n<p>&nbsp;<\/p>\n<p><strong>DILLUNS: NACIONALITAT ESPANYOLA<\/strong><\/p>\n<p>Ajudem a qui vulgui preparar-se la prova i donar-se d&#8217;alta per tal de poder-se examinar. Tamb\u00e9 fem l&#8217;acompanyament, en la mesura possible el dia de l\u2019examen.<\/p>\n<p><a href=\"https:\/\/agora.xtec.cat\/escolagermanesbertomeu\/wp-content\/uploads\/usu1488\/2019\/05\/IMG_8629.jpg\"><img loading=\"lazy\" decoding=\"async\" class=\"alignnone wp-image-1806\" src=\"https:\/\/agora.xtec.cat\/escolagermanesbertomeu\/wp-content\/uploads\/usu1488\/2019\/05\/IMG_8629-1024x768.jpg\" alt=\"\" width=\"383\" height=\"287\" srcset=\"https:\/\/agora.xtec.cat\/escolagermanesbertomeu\/wp-content\/uploads\/usu1488\/2019\/05\/IMG_8629-1024x768.jpg 1024w, https:\/\/agora.xtec.cat\/escolagermanesbertomeu\/wp-content\/uploads\/usu1488\/2019\/05\/IMG_8629-300x225.jpg 300w, https:\/\/agora.xtec.cat\/escolagermanesbertomeu\/wp-content\/uploads\/usu1488\/2019\/05\/IMG_8629-768x576.jpg 768w, https:\/\/agora.xtec.cat\/escolagermanesbertomeu\/wp-content\/uploads\/usu1488\/2019\/05\/IMG_8629-200x150.jpg 200w\" sizes=\"auto, (max-width: 383px) 100vw, 383px\" \/><\/a><\/p>\n<p><strong>DIMARTS QUINZENALS: FEM UN TE<\/strong><\/p>\n<p>Comparteixen les seves preocupacions en relaci\u00f3 a la crian\u00e7a dels seus fill\/es, es fan diverses sortides per l\u2019entorn, participem als tallers de &#8220;Cr\u00e9ixer en fam\u00edlia\u201c i realitzen formacions (alimentaci\u00f3, primers auxilis, reciclatge, factura energ\u00e8tica, etc\u00e8tera).<\/p>\n<p><a href=\"https:\/\/agora.xtec.cat\/escolagermanesbertomeu\/wp-content\/uploads\/usu1488\/2019\/05\/IMG_1503.jpg\"><img loading=\"lazy\" decoding=\"async\" class=\"wp-image-1804 alignleft\" src=\"https:\/\/agora.xtec.cat\/escolagermanesbertomeu\/wp-content\/uploads\/usu1488\/2019\/05\/IMG_1503-1024x768.jpg\" alt=\"\" width=\"384\" height=\"288\" srcset=\"https:\/\/agora.xtec.cat\/escolagermanesbertomeu\/wp-content\/uploads\/usu1488\/2019\/05\/IMG_1503-1024x768.jpg 1024w, https:\/\/agora.xtec.cat\/escolagermanesbertomeu\/wp-content\/uploads\/usu1488\/2019\/05\/IMG_1503-300x225.jpg 300w, https:\/\/agora.xtec.cat\/escolagermanesbertomeu\/wp-content\/uploads\/usu1488\/2019\/05\/IMG_1503-768x576.jpg 768w, https:\/\/agora.xtec.cat\/escolagermanesbertomeu\/wp-content\/uploads\/usu1488\/2019\/05\/IMG_1503-200x150.jpg 200w, https:\/\/agora.xtec.cat\/escolagermanesbertomeu\/wp-content\/uploads\/usu1488\/2019\/05\/IMG_1503.jpg 2016w\" sizes=\"auto, (max-width: 384px) 100vw, 384px\" \/><\/a><\/p>\n<p>&nbsp;<\/p>\n<p>&nbsp;<\/p>\n<p>&nbsp;<\/p>\n<p>&nbsp;<\/p>\n<p>&nbsp;<\/p>\n<p>&nbsp;<\/p>\n<p>&nbsp;<\/p>\n<p><strong>DIMECRES: CURS DE CATAL\u00c0<\/strong><\/p>\n<p>Destinat a totes aquelles persones nouvingudes que volen aprendre la nostra llengua i ajudar-les en el seu proc\u00e9s d\u2019inclusi\u00f3 i arrelament social.<\/p>\n<p>&nbsp;<\/p>\n<p><a href=\"https:\/\/agora.xtec.cat\/escolagermanesbertomeu\/wp-content\/uploads\/usu1488\/2019\/05\/IMG_1504.jpg\"><img loading=\"lazy\" decoding=\"async\" class=\"alignnone wp-image-1805\" src=\"https:\/\/agora.xtec.cat\/escolagermanesbertomeu\/wp-content\/uploads\/usu1488\/2019\/05\/IMG_1504-1024x576.jpg\" alt=\"\" width=\"407\" height=\"229\" srcset=\"https:\/\/agora.xtec.cat\/escolagermanesbertomeu\/wp-content\/uploads\/usu1488\/2019\/05\/IMG_1504-1024x576.jpg 1024w, https:\/\/agora.xtec.cat\/escolagermanesbertomeu\/wp-content\/uploads\/usu1488\/2019\/05\/IMG_1504-300x169.jpg 300w, https:\/\/agora.xtec.cat\/escolagermanesbertomeu\/wp-content\/uploads\/usu1488\/2019\/05\/IMG_1504-768x432.jpg 768w, https:\/\/agora.xtec.cat\/escolagermanesbertomeu\/wp-content\/uploads\/usu1488\/2019\/05\/IMG_1504.jpg 1792w\" sizes=\"auto, (max-width: 407px) 100vw, 407px\" \/><\/a><\/p>\n<p>&nbsp;<\/p>\n<p><strong>DIJOUS: TALLER DE COSTURA<\/strong><\/p>\n<p>Aprendre a cosir amb l\u2019ajuda d\u2019algunes expertes de l\u2019escola. Funciona com un grup autogestionat. Actualment han iniciat un projecte de creaci\u00f3 de productes artesans que reinverteixen a l\u2019AMPA i al propi taller.<\/p>\n<p><a href=\"https:\/\/agora.xtec.cat\/escolagermanesbertomeu\/wp-content\/uploads\/usu1488\/2019\/05\/9EC38F53-4750-4207-8E0E-6A4207F1C4C4-1.jpg\"><img loading=\"lazy\" decoding=\"async\" class=\"alignnone wp-image-1800\" src=\"https:\/\/agora.xtec.cat\/escolagermanesbertomeu\/wp-content\/uploads\/usu1488\/2019\/05\/9EC38F53-4750-4207-8E0E-6A4207F1C4C4-1-1024x571.jpg\" alt=\"\" width=\"506\" height=\"283\" srcset=\"https:\/\/agora.xtec.cat\/escolagermanesbertomeu\/wp-content\/uploads\/usu1488\/2019\/05\/9EC38F53-4750-4207-8E0E-6A4207F1C4C4-1-1024x571.jpg 1024w, https:\/\/agora.xtec.cat\/escolagermanesbertomeu\/wp-content\/uploads\/usu1488\/2019\/05\/9EC38F53-4750-4207-8E0E-6A4207F1C4C4-1-300x167.jpg 300w, https:\/\/agora.xtec.cat\/escolagermanesbertomeu\/wp-content\/uploads\/usu1488\/2019\/05\/9EC38F53-4750-4207-8E0E-6A4207F1C4C4-1-768x428.jpg 768w, https:\/\/agora.xtec.cat\/escolagermanesbertomeu\/wp-content\/uploads\/usu1488\/2019\/05\/9EC38F53-4750-4207-8E0E-6A4207F1C4C4-1.jpg 1280w\" sizes=\"auto, (max-width: 506px) 100vw, 506px\" \/><\/a>\u00a0 \u00a0 \u00a0 \u00a0 \u00a0 \u00a0 \u00a0 \u00a0 \u00a0\u00a0<a href=\"https:\/\/agora.xtec.cat\/escolagermanesbertomeu\/wp-content\/uploads\/usu1488\/2019\/05\/IMG_9266.jpg\"><img loading=\"lazy\" decoding=\"async\" class=\"alignnone wp-image-1802\" src=\"https:\/\/agora.xtec.cat\/escolagermanesbertomeu\/wp-content\/uploads\/usu1488\/2019\/05\/IMG_9266-1024x768.jpg\" alt=\"\" width=\"438\" height=\"329\" srcset=\"https:\/\/agora.xtec.cat\/escolagermanesbertomeu\/wp-content\/uploads\/usu1488\/2019\/05\/IMG_9266-1024x768.jpg 1024w, https:\/\/agora.xtec.cat\/escolagermanesbertomeu\/wp-content\/uploads\/usu1488\/2019\/05\/IMG_9266-300x225.jpg 300w, https:\/\/agora.xtec.cat\/escolagermanesbertomeu\/wp-content\/uploads\/usu1488\/2019\/05\/IMG_9266-768x576.jpg 768w, https:\/\/agora.xtec.cat\/escolagermanesbertomeu\/wp-content\/uploads\/usu1488\/2019\/05\/IMG_9266-200x150.jpg 200w\" sizes=\"auto, (max-width: 438px) 100vw, 438px\" \/><\/a><\/p>\n<p><a href=\"https:\/\/agora.xtec.cat\/escolagermanesbertomeu\/wp-content\/uploads\/usu1488\/2019\/05\/9EC38F53-4750-4207-8E0E-6A4207F1C4C4-1.jpg\">\u00a0 \u00a0\u00a0<\/a><a href=\"https:\/\/agora.xtec.cat\/escolagermanesbertomeu\/wp-content\/uploads\/usu1488\/2019\/05\/9EC38F53-4750-4207-8E0E-6A4207F1C4C4-1.jpg\">\u00a0 \u00a0 \u00a0 \u00a0 \u00a0 \u00a0 \u00a0 \u00a0 \u00a0 \u00a0 \u00a0 \u00a0 \u00a0 \u00a0 \u00a0 \u00a0 \u00a0 \u00a0 \u00a0\u00a0<\/a><a href=\"https:\/\/agora.xtec.cat\/escolagermanesbertomeu\/wp-content\/uploads\/usu1488\/2019\/05\/IMG_9266.jpg\">\u00a0 \u00a0 \u00a0 \u00a0 \u00a0 \u00a0\u00a0<\/a><a href=\"https:\/\/agora.xtec.cat\/escolagermanesbertomeu\/wp-content\/uploads\/usu1488\/2019\/05\/IMG_9266.jpg\">\u00a0<\/a><\/p>\n<p>Gr\u00e0cies, mares, per la vostra participaci\u00f3 i a les que encara no ho feu: ANIMEU-VOS!! Us esperem!!<\/p>\n<p><strong>La Comissi\u00f3 de Voluntariat<\/strong><\/p>\n<p><em>Merc\u00e8 i Llu\u00efsa<\/em><\/p>\n","protected":false},"excerpt":{"rendered":"<p>&nbsp;<br \/>\n<a href=\"https:\/\/agora.xtec.cat\/escolagermanesbertomeu\/wp-content\/uploads\/usu1488\/2019\/05\/IMG_1285-2.jpg\"><\/a><br \/>\nEl passat dissabte 4 de maig, la diputada Najat Driouech va reunir-se amb dones d\u2019origen magreb\u00ed de la ciutat de Matar\u00f3. Ja al mes de desembre v\u00e0rem tenir una primera xerrada amb ella i es va acordar fer aquesta segona trobada a l\u2019escola Germanes&hellip;  <a href=\"https:\/\/agora.xtec.cat\/escolagermanesbertomeu\/general\/ser-una-dona-marroquina-i-catalana\/\" title=\"Read SER UNA DONA MARROQUINA I CATALANA\">Llegeix m\u00e9s\u00bb<\/a><\/p>\n","protected":false},"author":48,"featured_media":1810,"comment_status":"open","ping_status":"closed","sticky":false,"template":"","format":"standard","meta":{"_bbp_topic_count":0,"_bbp_reply_count":0,"_bbp_total_topic_count":0,"_bbp_total_reply_count":0,"_bbp_voice_count":0,"_bbp_anonymous_reply_count":0,"_bbp_topic_count_hidden":0,"_bbp_reply_count_hidden":0,"_bbp_forum_subforum_count":0,"footnotes":""},"categories":[7,55,1],"tags":[113],"class_list":["post-1797","post","type-post","status-publish","format-standard","has-post-thumbnail","hentry","category-afa","category-escola","category-general","tag-familes"],"post_mailing_queue_ids":[],"_links":{"self":[{"href":"https:\/\/agora.xtec.cat\/escolagermanesbertomeu\/wp-json\/wp\/v2\/posts\/1797","targetHints":{"allow":["GET"]}}],"collection":[{"href":"https:\/\/agora.xtec.cat\/escolagermanesbertomeu\/wp-json\/wp\/v2\/posts"}],"about":[{"href":"https:\/\/agora.xtec.cat\/escolagermanesbertomeu\/wp-json\/wp\/v2\/types\/post"}],"author":[{"embeddable":true,"href":"https:\/\/agora.xtec.cat\/escolagermanesbertomeu\/wp-json\/wp\/v2\/users\/48"}],"replies":[{"embeddable":true,"href":"https:\/\/agora.xtec.cat\/escolagermanesbertomeu\/wp-json\/wp\/v2\/comments?post=1797"}],"version-history":[{"count":3,"href":"https:\/\/agora.xtec.cat\/escolagermanesbertomeu\/wp-json\/wp\/v2\/posts\/1797\/revisions"}],"predecessor-version":[{"id":1812,"href":"https:\/\/agora.xtec.cat\/escolagermanesbertomeu\/wp-json\/wp\/v2\/posts\/1797\/revisions\/1812"}],"wp:featuredmedia":[{"embeddable":true,"href":"https:\/\/agora.xtec.cat\/escolagermanesbertomeu\/wp-json\/wp\/v2\/media\/1810"}],"wp:attachment":[{"href":"https:\/\/agora.xtec.cat\/escolagermanesbertomeu\/wp-json\/wp\/v2\/media?parent=1797"}],"wp:term":[{"taxonomy":"category","embeddable":true,"href":"https:\/\/agora.xtec.cat\/escolagermanesbertomeu\/wp-json\/wp\/v2\/categories?post=1797"},{"taxonomy":"post_tag","embeddable":true,"href":"https:\/\/agora.xtec.cat\/escolagermanesbertomeu\/wp-json\/wp\/v2\/tags?post=1797"}],"curies":[{"name":"wp","href":"https:\/\/api.w.org\/{rel}","templated":true}]}}