{"id":1739,"date":"2019-04-08T17:19:18","date_gmt":"2019-04-08T15:19:18","guid":{"rendered":"http:\/\/agora.xtec.cat\/escolagermanesbertomeu\/?p=1739"},"modified":"2019-05-03T17:21:56","modified_gmt":"2019-05-03T15:21:56","slug":"rebem-la-visita-del-genial-doctor-trash","status":"publish","type":"post","link":"https:\/\/agora.xtec.cat\/escolagermanesbertomeu\/general\/rebem-la-visita-del-genial-doctor-trash\/","title":{"rendered":"Rebem la visita del genial doctor Trash"},"content":{"rendered":"<p>Dilluns 8 d&#8217;abril vam rebre a l&#8217;escola gran la visita del genial <strong>Doctor Trash<\/strong> que ens va demostrar que el residus es poden reciclar i reutilitzar. Va fer trucs de m\u00e0gia que ens van entusiasmar.<\/p>\n<p>Ens va regalar un <strong>estoig porta aliments<\/strong> a tots els nens i nenes. Des d&#8217;aleshores, ens hem conscienciat de la necessitat de no portar els esmorzars embolicats en paper de plata o paper film.<\/p>\n<p>Al <strong>microespai cient\u00edfic<\/strong> estem fent una gr\u00e0fica di\u00e0ria dels esmorzars que portem, i anotem quin esmorzar portem i si el portem en un env\u00e0s reutilitzable o no.<\/p>\n<p>Els pocs envasos no reutilitzables que generem, els classifiquem. Aviat <b>reduirem<\/b>\u00a0la quantitat de residus i augmentarem la <strong>recollida selectiva<\/strong>.<\/p>\n\n\t\t<style type=\"text\/css\">\n\t\t\t#gallery-1 {\n\t\t\t\tmargin: auto;\n\t\t\t}\n\t\t\t#gallery-1 .gallery-item {\n\t\t\t\tfloat: left;\n\t\t\t\tmargin-top: 10px;\n\t\t\t\ttext-align: center;\n\t\t\t\twidth: 33%;\n\t\t\t}\n\t\t\t#gallery-1 img {\n\t\t\t\tborder: 2px solid #cfcfcf;\n\t\t\t}\n\t\t\t#gallery-1 .gallery-caption {\n\t\t\t\tmargin-left: 0;\n\t\t\t}\n\t\t\t\/* see gallery_shortcode() in wp-includes\/media.php *\/\n\t\t<\/style>\n\t\t<div id='gallery-1' class='gallery galleryid-1739 gallery-columns-3 gallery-size-full'><dl class='gallery-item'>\n\t\t\t<dt class='gallery-icon portrait'>\n\t\t\t\t<a href='https:\/\/agora.xtec.cat\/escolagermanesbertomeu\/general\/rebem-la-visita-del-genial-doctor-trash\/attachment\/attachment-161770-magia-dilluns\/'><img loading=\"lazy\" decoding=\"async\" width=\"800\" height=\"1132\" src=\"https:\/\/agora.xtec.cat\/escolagermanesbertomeu\/wp-content\/uploads\/usu1488\/2019\/04\/attachment-161770-m\u00e0gia-dilluns.jpg\" class=\"attachment-full size-full\" alt=\"\" srcset=\"https:\/\/agora.xtec.cat\/escolagermanesbertomeu\/wp-content\/uploads\/usu1488\/2019\/04\/attachment-161770-m\u00e0gia-dilluns.jpg 800w, https:\/\/agora.xtec.cat\/escolagermanesbertomeu\/wp-content\/uploads\/usu1488\/2019\/04\/attachment-161770-m\u00e0gia-dilluns-212x300.jpg 212w, https:\/\/agora.xtec.cat\/escolagermanesbertomeu\/wp-content\/uploads\/usu1488\/2019\/04\/attachment-161770-m\u00e0gia-dilluns-768x1087.jpg 768w, https:\/\/agora.xtec.cat\/escolagermanesbertomeu\/wp-content\/uploads\/usu1488\/2019\/04\/attachment-161770-m\u00e0gia-dilluns-724x1024.jpg 724w\" sizes=\"auto, (max-width: 800px) 100vw, 800px\" \/><\/a>\n\t\t\t<\/dt><\/dl><dl class='gallery-item'>\n\t\t\t<dt class='gallery-icon landscape'>\n\t\t\t\t<a href='https:\/\/agora.xtec.cat\/escolagermanesbertomeu\/general\/rebem-la-visita-del-genial-doctor-trash\/attachment\/img_8894-2\/'><img loading=\"lazy\" decoding=\"async\" width=\"640\" height=\"480\" src=\"https:\/\/agora.xtec.cat\/escolagermanesbertomeu\/wp-content\/uploads\/usu1488\/2019\/04\/IMG_8894-2-e1556612470791.jpg\" class=\"attachment-full size-full\" alt=\"\" \/><\/a>\n\t\t\t<\/dt><\/dl><dl class='gallery-item'>\n\t\t\t<dt class='gallery-icon portrait'>\n\t\t\t\t<a href='https:\/\/agora.xtec.cat\/escolagermanesbertomeu\/general\/rebem-la-visita-del-genial-doctor-trash\/attachment\/img_8899\/'><img loading=\"lazy\" decoding=\"async\" width=\"480\" height=\"640\" src=\"https:\/\/agora.xtec.cat\/escolagermanesbertomeu\/wp-content\/uploads\/usu1488\/2019\/04\/IMG_8899-e1556612416819.jpg\" class=\"attachment-full size-full\" alt=\"\" srcset=\"https:\/\/agora.xtec.cat\/escolagermanesbertomeu\/wp-content\/uploads\/usu1488\/2019\/04\/IMG_8899-e1556612416819.jpg 480w, https:\/\/agora.xtec.cat\/escolagermanesbertomeu\/wp-content\/uploads\/usu1488\/2019\/04\/IMG_8899-e1556612416819-225x300.jpg 225w\" sizes=\"auto, (max-width: 480px) 100vw, 480px\" \/><\/a>\n\t\t\t<\/dt><\/dl><br style=\"clear: both\" \/><dl class='gallery-item'>\n\t\t\t<dt class='gallery-icon portrait'>\n\t\t\t\t<a href='https:\/\/agora.xtec.cat\/escolagermanesbertomeu\/general\/rebem-la-visita-del-genial-doctor-trash\/attachment\/img_9277\/'><img loading=\"lazy\" decoding=\"async\" width=\"3024\" height=\"4032\" src=\"https:\/\/agora.xtec.cat\/escolagermanesbertomeu\/wp-content\/uploads\/usu1488\/2019\/04\/IMG_9277-e1556612365806.jpg\" class=\"attachment-full size-full\" alt=\"\" srcset=\"https:\/\/agora.xtec.cat\/escolagermanesbertomeu\/wp-content\/uploads\/usu1488\/2019\/04\/IMG_9277-e1556612365806.jpg 3024w, https:\/\/agora.xtec.cat\/escolagermanesbertomeu\/wp-content\/uploads\/usu1488\/2019\/04\/IMG_9277-e1556612365806-225x300.jpg 225w, https:\/\/agora.xtec.cat\/escolagermanesbertomeu\/wp-content\/uploads\/usu1488\/2019\/04\/IMG_9277-e1556612365806-768x1024.jpg 768w\" sizes=\"auto, (max-width: 3024px) 100vw, 3024px\" \/><\/a>\n\t\t\t<\/dt><\/dl><dl class='gallery-item'>\n\t\t\t<dt class='gallery-icon portrait'>\n\t\t\t\t<a href='https:\/\/agora.xtec.cat\/escolagermanesbertomeu\/general\/rebem-la-visita-del-genial-doctor-trash\/attachment\/img_9278-3\/'><img loading=\"lazy\" decoding=\"async\" width=\"480\" height=\"640\" src=\"https:\/\/agora.xtec.cat\/escolagermanesbertomeu\/wp-content\/uploads\/usu1488\/2019\/04\/IMG_9278-3-e1556612599512.jpg\" class=\"attachment-full size-full\" alt=\"\" srcset=\"https:\/\/agora.xtec.cat\/escolagermanesbertomeu\/wp-content\/uploads\/usu1488\/2019\/04\/IMG_9278-3-e1556612599512.jpg 480w, https:\/\/agora.xtec.cat\/escolagermanesbertomeu\/wp-content\/uploads\/usu1488\/2019\/04\/IMG_9278-3-e1556612599512-225x300.jpg 225w\" sizes=\"auto, (max-width: 480px) 100vw, 480px\" \/><\/a>\n\t\t\t<\/dt><\/dl>\n\t\t\t<br style='clear: both' \/>\n\t\t<\/div>\n\n","protected":false},"excerpt":{"rendered":"<p>Dilluns 8 d&#8217;abril vam rebre a l&#8217;escola gran la visita del genial Doctor Trash que ens va demostrar que el residus es poden reciclar i reutilitzar. Va fer trucs de m\u00e0gia que ens van entusiasmar.<br \/>\nEns va regalar un estoig porta aliments a tots els nens&hellip;  <a href=\"https:\/\/agora.xtec.cat\/escolagermanesbertomeu\/general\/rebem-la-visita-del-genial-doctor-trash\/\" title=\"Read Rebem la visita del genial doctor Trash\">Llegeix m\u00e9s\u00bb<\/a><\/p>\n","protected":false},"author":28,"featured_media":1743,"comment_status":"open","ping_status":"closed","sticky":false,"template":"","format":"standard","meta":{"_bbp_topic_count":0,"_bbp_reply_count":0,"_bbp_total_topic_count":0,"_bbp_total_reply_count":0,"_bbp_voice_count":0,"_bbp_anonymous_reply_count":0,"_bbp_topic_count_hidden":0,"_bbp_reply_count_hidden":0,"_bbp_forum_subforum_count":0,"footnotes":""},"categories":[10,55,1],"tags":[],"class_list":["post-1739","post","type-post","status-publish","format-standard","has-post-thumbnail","hentry","category-2n","category-escola","category-general"],"post_mailing_queue_ids":[],"_links":{"self":[{"href":"https:\/\/agora.xtec.cat\/escolagermanesbertomeu\/wp-json\/wp\/v2\/posts\/1739","targetHints":{"allow":["GET"]}}],"collection":[{"href":"https:\/\/agora.xtec.cat\/escolagermanesbertomeu\/wp-json\/wp\/v2\/posts"}],"about":[{"href":"https:\/\/agora.xtec.cat\/escolagermanesbertomeu\/wp-json\/wp\/v2\/types\/post"}],"author":[{"embeddable":true,"href":"https:\/\/agora.xtec.cat\/escolagermanesbertomeu\/wp-json\/wp\/v2\/users\/28"}],"replies":[{"embeddable":true,"href":"https:\/\/agora.xtec.cat\/escolagermanesbertomeu\/wp-json\/wp\/v2\/comments?post=1739"}],"version-history":[{"count":3,"href":"https:\/\/agora.xtec.cat\/escolagermanesbertomeu\/wp-json\/wp\/v2\/posts\/1739\/revisions"}],"predecessor-version":[{"id":1776,"href":"https:\/\/agora.xtec.cat\/escolagermanesbertomeu\/wp-json\/wp\/v2\/posts\/1739\/revisions\/1776"}],"wp:featuredmedia":[{"embeddable":true,"href":"https:\/\/agora.xtec.cat\/escolagermanesbertomeu\/wp-json\/wp\/v2\/media\/1743"}],"wp:attachment":[{"href":"https:\/\/agora.xtec.cat\/escolagermanesbertomeu\/wp-json\/wp\/v2\/media?parent=1739"}],"wp:term":[{"taxonomy":"category","embeddable":true,"href":"https:\/\/agora.xtec.cat\/escolagermanesbertomeu\/wp-json\/wp\/v2\/categories?post=1739"},{"taxonomy":"post_tag","embeddable":true,"href":"https:\/\/agora.xtec.cat\/escolagermanesbertomeu\/wp-json\/wp\/v2\/tags?post=1739"}],"curies":[{"name":"wp","href":"https:\/\/api.w.org\/{rel}","templated":true}]}}