{"id":1724,"date":"2019-04-30T10:03:17","date_gmt":"2019-04-30T08:03:17","guid":{"rendered":"http:\/\/agora.xtec.cat\/escolagermanesbertomeu\/?p=1724"},"modified":"2019-05-03T18:08:40","modified_gmt":"2019-05-03T16:08:40","slug":"la-primavera-ja-es-aqui","status":"publish","type":"post","link":"https:\/\/agora.xtec.cat\/escolagermanesbertomeu\/general\/la-primavera-ja-es-aqui\/","title":{"rendered":"La primavera ja \u00e9s aqu\u00ed"},"content":{"rendered":"<p style=\"text-align: left;\">Amb l&#8217;arribada de la <strong>primavera<\/strong> els alumnes de 1r i 2n han decorat l&#8217;escola.\u00a0Ordenant els colors per <strong>games crom\u00e0tiques<\/strong>, han retallat cercles de diferents mides per aix\u00ed crear una explosi\u00f3 de colors.\u00a0Han utilitzat diferents <strong>materials<\/strong>:<span style=\"font-family: inherit; font-size: 1em;\">\u00a0ceres, paper de seda, pl\u00e0stic de bombolles i pintura.\u00a0<\/span><span style=\"font-family: inherit; font-size: 1em;\">Tamb\u00e9 han fet servir diferents <strong>t\u00e8cniques<\/strong>: pintar, estripar i arrugar, estampar, puntillisme i disseny de mandales.\u00a0<\/span>La <strong>Gemma<\/strong>, l&#8217;administrativa de l&#8217;escola, ha ajudat amb el dibuix dels personatges.<\/p>\n<p style=\"text-align: left;\">Han apr\u00e8s a <strong>observar,<\/strong>\u00a0<strong>crear<\/strong>, <strong>classificar i<\/strong> <strong>ordenar<\/strong>\u00a0per games crom\u00e0tiques i, alhora, han gaudit molt l&#8217;enc\u00e0rrec de decorar els replans del centre. Felicitats a tots ells i elles!<\/p>\n<p style=\"text-align: left;\">Us convidem a pujar al primer pis a veure&#8217;l en directe! Esperem que us agradi!<\/p>\n\n\t\t<style type=\"text\/css\">\n\t\t\t#gallery-1 {\n\t\t\t\tmargin: auto;\n\t\t\t}\n\t\t\t#gallery-1 .gallery-item {\n\t\t\t\tfloat: left;\n\t\t\t\tmargin-top: 10px;\n\t\t\t\ttext-align: center;\n\t\t\t\twidth: 33%;\n\t\t\t}\n\t\t\t#gallery-1 img {\n\t\t\t\tborder: 2px solid #cfcfcf;\n\t\t\t}\n\t\t\t#gallery-1 .gallery-caption {\n\t\t\t\tmargin-left: 0;\n\t\t\t}\n\t\t\t\/* see gallery_shortcode() in wp-includes\/media.php *\/\n\t\t<\/style>\n\t\t<div id='gallery-1' class='gallery galleryid-1724 gallery-columns-3 gallery-size-full'><dl class='gallery-item'>\n\t\t\t<dt class='gallery-icon landscape'>\n\t\t\t\t<a href='https:\/\/agora.xtec.cat\/escolagermanesbertomeu\/general\/la-primavera-ja-es-aqui\/attachment\/img_20190404_154825\/'><img loading=\"lazy\" decoding=\"async\" width=\"1184\" height=\"888\" src=\"https:\/\/agora.xtec.cat\/escolagermanesbertomeu\/wp-content\/uploads\/usu1488\/2019\/04\/IMG_20190404_154825.jpg\" class=\"attachment-full size-full\" alt=\"\" srcset=\"https:\/\/agora.xtec.cat\/escolagermanesbertomeu\/wp-content\/uploads\/usu1488\/2019\/04\/IMG_20190404_154825.jpg 1184w, https:\/\/agora.xtec.cat\/escolagermanesbertomeu\/wp-content\/uploads\/usu1488\/2019\/04\/IMG_20190404_154825-300x225.jpg 300w, https:\/\/agora.xtec.cat\/escolagermanesbertomeu\/wp-content\/uploads\/usu1488\/2019\/04\/IMG_20190404_154825-768x576.jpg 768w, https:\/\/agora.xtec.cat\/escolagermanesbertomeu\/wp-content\/uploads\/usu1488\/2019\/04\/IMG_20190404_154825-1024x768.jpg 1024w, https:\/\/agora.xtec.cat\/escolagermanesbertomeu\/wp-content\/uploads\/usu1488\/2019\/04\/IMG_20190404_154825-200x150.jpg 200w\" sizes=\"auto, (max-width: 1184px) 100vw, 1184px\" \/><\/a>\n\t\t\t<\/dt><\/dl><dl class='gallery-item'>\n\t\t\t<dt class='gallery-icon landscape'>\n\t\t\t\t<a href='https:\/\/agora.xtec.cat\/escolagermanesbertomeu\/general\/la-primavera-ja-es-aqui\/attachment\/img_20190404_154854\/'><img loading=\"lazy\" decoding=\"async\" width=\"978\" height=\"888\" src=\"https:\/\/agora.xtec.cat\/escolagermanesbertomeu\/wp-content\/uploads\/usu1488\/2019\/04\/IMG_20190404_154854.jpg\" class=\"attachment-full size-full\" alt=\"\" srcset=\"https:\/\/agora.xtec.cat\/escolagermanesbertomeu\/wp-content\/uploads\/usu1488\/2019\/04\/IMG_20190404_154854.jpg 978w, https:\/\/agora.xtec.cat\/escolagermanesbertomeu\/wp-content\/uploads\/usu1488\/2019\/04\/IMG_20190404_154854-300x272.jpg 300w, https:\/\/agora.xtec.cat\/escolagermanesbertomeu\/wp-content\/uploads\/usu1488\/2019\/04\/IMG_20190404_154854-768x697.jpg 768w\" sizes=\"auto, (max-width: 978px) 100vw, 978px\" \/><\/a>\n\t\t\t<\/dt><\/dl><dl class='gallery-item'>\n\t\t\t<dt class='gallery-icon landscape'>\n\t\t\t\t<a href='https:\/\/agora.xtec.cat\/escolagermanesbertomeu\/general\/la-primavera-ja-es-aqui\/attachment\/img_20190404_155104\/'><img loading=\"lazy\" decoding=\"async\" width=\"1184\" height=\"888\" src=\"https:\/\/agora.xtec.cat\/escolagermanesbertomeu\/wp-content\/uploads\/usu1488\/2019\/04\/IMG_20190404_155104.jpg\" class=\"attachment-full size-full\" alt=\"\" srcset=\"https:\/\/agora.xtec.cat\/escolagermanesbertomeu\/wp-content\/uploads\/usu1488\/2019\/04\/IMG_20190404_155104.jpg 1184w, https:\/\/agora.xtec.cat\/escolagermanesbertomeu\/wp-content\/uploads\/usu1488\/2019\/04\/IMG_20190404_155104-300x225.jpg 300w, https:\/\/agora.xtec.cat\/escolagermanesbertomeu\/wp-content\/uploads\/usu1488\/2019\/04\/IMG_20190404_155104-768x576.jpg 768w, https:\/\/agora.xtec.cat\/escolagermanesbertomeu\/wp-content\/uploads\/usu1488\/2019\/04\/IMG_20190404_155104-1024x768.jpg 1024w, https:\/\/agora.xtec.cat\/escolagermanesbertomeu\/wp-content\/uploads\/usu1488\/2019\/04\/IMG_20190404_155104-200x150.jpg 200w\" sizes=\"auto, (max-width: 1184px) 100vw, 1184px\" \/><\/a>\n\t\t\t<\/dt><\/dl><br style=\"clear: both\" \/><dl class='gallery-item'>\n\t\t\t<dt class='gallery-icon landscape'>\n\t\t\t\t<a href='https:\/\/agora.xtec.cat\/escolagermanesbertomeu\/general\/la-primavera-ja-es-aqui\/attachment\/img_20190404_155215\/'><img loading=\"lazy\" decoding=\"async\" width=\"1184\" height=\"888\" src=\"https:\/\/agora.xtec.cat\/escolagermanesbertomeu\/wp-content\/uploads\/usu1488\/2019\/04\/IMG_20190404_155215.jpg\" class=\"attachment-full size-full\" alt=\"\" srcset=\"https:\/\/agora.xtec.cat\/escolagermanesbertomeu\/wp-content\/uploads\/usu1488\/2019\/04\/IMG_20190404_155215.jpg 1184w, https:\/\/agora.xtec.cat\/escolagermanesbertomeu\/wp-content\/uploads\/usu1488\/2019\/04\/IMG_20190404_155215-300x225.jpg 300w, https:\/\/agora.xtec.cat\/escolagermanesbertomeu\/wp-content\/uploads\/usu1488\/2019\/04\/IMG_20190404_155215-768x576.jpg 768w, https:\/\/agora.xtec.cat\/escolagermanesbertomeu\/wp-content\/uploads\/usu1488\/2019\/04\/IMG_20190404_155215-1024x768.jpg 1024w, https:\/\/agora.xtec.cat\/escolagermanesbertomeu\/wp-content\/uploads\/usu1488\/2019\/04\/IMG_20190404_155215-200x150.jpg 200w\" sizes=\"auto, (max-width: 1184px) 100vw, 1184px\" \/><\/a>\n\t\t\t<\/dt><\/dl><dl class='gallery-item'>\n\t\t\t<dt class='gallery-icon landscape'>\n\t\t\t\t<a href='https:\/\/agora.xtec.cat\/escolagermanesbertomeu\/general\/la-primavera-ja-es-aqui\/attachment\/img_20190404_155136-2\/'><img loading=\"lazy\" decoding=\"async\" width=\"1249\" height=\"937\" src=\"https:\/\/agora.xtec.cat\/escolagermanesbertomeu\/wp-content\/uploads\/usu1488\/2019\/04\/IMG_20190404_155136-1.jpg\" class=\"attachment-full size-full\" alt=\"\" srcset=\"https:\/\/agora.xtec.cat\/escolagermanesbertomeu\/wp-content\/uploads\/usu1488\/2019\/04\/IMG_20190404_155136-1.jpg 1249w, https:\/\/agora.xtec.cat\/escolagermanesbertomeu\/wp-content\/uploads\/usu1488\/2019\/04\/IMG_20190404_155136-1-300x225.jpg 300w, https:\/\/agora.xtec.cat\/escolagermanesbertomeu\/wp-content\/uploads\/usu1488\/2019\/04\/IMG_20190404_155136-1-768x576.jpg 768w, https:\/\/agora.xtec.cat\/escolagermanesbertomeu\/wp-content\/uploads\/usu1488\/2019\/04\/IMG_20190404_155136-1-1024x768.jpg 1024w, https:\/\/agora.xtec.cat\/escolagermanesbertomeu\/wp-content\/uploads\/usu1488\/2019\/04\/IMG_20190404_155136-1-200x150.jpg 200w\" sizes=\"auto, (max-width: 1249px) 100vw, 1249px\" \/><\/a>\n\t\t\t<\/dt><\/dl><dl class='gallery-item'>\n\t\t\t<dt class='gallery-icon landscape'>\n\t\t\t\t<a href='https:\/\/agora.xtec.cat\/escolagermanesbertomeu\/general\/la-primavera-ja-es-aqui\/attachment\/img_20190411_150233-2\/'><img loading=\"lazy\" decoding=\"async\" width=\"1059\" height=\"937\" src=\"https:\/\/agora.xtec.cat\/escolagermanesbertomeu\/wp-content\/uploads\/usu1488\/2019\/04\/IMG_20190411_150233-1.jpg\" class=\"attachment-full size-full\" alt=\"\" srcset=\"https:\/\/agora.xtec.cat\/escolagermanesbertomeu\/wp-content\/uploads\/usu1488\/2019\/04\/IMG_20190411_150233-1.jpg 1059w, https:\/\/agora.xtec.cat\/escolagermanesbertomeu\/wp-content\/uploads\/usu1488\/2019\/04\/IMG_20190411_150233-1-300x265.jpg 300w, https:\/\/agora.xtec.cat\/escolagermanesbertomeu\/wp-content\/uploads\/usu1488\/2019\/04\/IMG_20190411_150233-1-768x680.jpg 768w, https:\/\/agora.xtec.cat\/escolagermanesbertomeu\/wp-content\/uploads\/usu1488\/2019\/04\/IMG_20190411_150233-1-1024x906.jpg 1024w\" sizes=\"auto, (max-width: 1059px) 100vw, 1059px\" \/><\/a>\n\t\t\t<\/dt><\/dl><br style=\"clear: both\" \/><dl class='gallery-item'>\n\t\t\t<dt class='gallery-icon landscape'>\n\t\t\t\t<a href='https:\/\/agora.xtec.cat\/escolagermanesbertomeu\/general\/la-primavera-ja-es-aqui\/attachment\/img_20190411_150300\/'><img loading=\"lazy\" decoding=\"async\" width=\"1184\" height=\"888\" src=\"https:\/\/agora.xtec.cat\/escolagermanesbertomeu\/wp-content\/uploads\/usu1488\/2019\/04\/IMG_20190411_150300.jpg\" class=\"attachment-full size-full\" alt=\"\" srcset=\"https:\/\/agora.xtec.cat\/escolagermanesbertomeu\/wp-content\/uploads\/usu1488\/2019\/04\/IMG_20190411_150300.jpg 1184w, https:\/\/agora.xtec.cat\/escolagermanesbertomeu\/wp-content\/uploads\/usu1488\/2019\/04\/IMG_20190411_150300-300x225.jpg 300w, https:\/\/agora.xtec.cat\/escolagermanesbertomeu\/wp-content\/uploads\/usu1488\/2019\/04\/IMG_20190411_150300-768x576.jpg 768w, https:\/\/agora.xtec.cat\/escolagermanesbertomeu\/wp-content\/uploads\/usu1488\/2019\/04\/IMG_20190411_150300-1024x768.jpg 1024w, https:\/\/agora.xtec.cat\/escolagermanesbertomeu\/wp-content\/uploads\/usu1488\/2019\/04\/IMG_20190411_150300-200x150.jpg 200w\" sizes=\"auto, (max-width: 1184px) 100vw, 1184px\" \/><\/a>\n\t\t\t<\/dt><\/dl><dl class='gallery-item'>\n\t\t\t<dt class='gallery-icon landscape'>\n\t\t\t\t<a href='https:\/\/agora.xtec.cat\/escolagermanesbertomeu\/general\/la-primavera-ja-es-aqui\/attachment\/img_9275\/'><img loading=\"lazy\" decoding=\"async\" width=\"3527\" height=\"1728\" src=\"https:\/\/agora.xtec.cat\/escolagermanesbertomeu\/wp-content\/uploads\/usu1488\/2019\/04\/IMG_9275.jpg\" class=\"attachment-full size-full\" alt=\"\" srcset=\"https:\/\/agora.xtec.cat\/escolagermanesbertomeu\/wp-content\/uploads\/usu1488\/2019\/04\/IMG_9275.jpg 3527w, https:\/\/agora.xtec.cat\/escolagermanesbertomeu\/wp-content\/uploads\/usu1488\/2019\/04\/IMG_9275-300x147.jpg 300w, https:\/\/agora.xtec.cat\/escolagermanesbertomeu\/wp-content\/uploads\/usu1488\/2019\/04\/IMG_9275-768x376.jpg 768w, https:\/\/agora.xtec.cat\/escolagermanesbertomeu\/wp-content\/uploads\/usu1488\/2019\/04\/IMG_9275-1024x502.jpg 1024w\" sizes=\"auto, (max-width: 3527px) 100vw, 3527px\" \/><\/a>\n\t\t\t<\/dt><\/dl><dl class='gallery-item'>\n\t\t\t<dt class='gallery-icon landscape'>\n\t\t\t\t<a href='https:\/\/agora.xtec.cat\/escolagermanesbertomeu\/general\/la-primavera-ja-es-aqui\/attachment\/img_9274\/'><img loading=\"lazy\" decoding=\"async\" width=\"3837\" height=\"2014\" src=\"https:\/\/agora.xtec.cat\/escolagermanesbertomeu\/wp-content\/uploads\/usu1488\/2019\/04\/IMG_9274.jpg\" class=\"attachment-full size-full\" alt=\"\" srcset=\"https:\/\/agora.xtec.cat\/escolagermanesbertomeu\/wp-content\/uploads\/usu1488\/2019\/04\/IMG_9274.jpg 3837w, https:\/\/agora.xtec.cat\/escolagermanesbertomeu\/wp-content\/uploads\/usu1488\/2019\/04\/IMG_9274-300x157.jpg 300w, https:\/\/agora.xtec.cat\/escolagermanesbertomeu\/wp-content\/uploads\/usu1488\/2019\/04\/IMG_9274-768x403.jpg 768w, https:\/\/agora.xtec.cat\/escolagermanesbertomeu\/wp-content\/uploads\/usu1488\/2019\/04\/IMG_9274-1024x537.jpg 1024w\" sizes=\"auto, (max-width: 3837px) 100vw, 3837px\" \/><\/a>\n\t\t\t<\/dt><\/dl><br style=\"clear: both\" \/>\n\t\t<\/div>\n\n","protected":false},"excerpt":{"rendered":"<p>Amb l&#8217;arribada de la primavera els alumnes de 1r i 2n han decorat l&#8217;escola.\u00a0Ordenant els colors per games crom\u00e0tiques, han retallat cercles de diferents mides per aix\u00ed crear una explosi\u00f3 de colors.\u00a0Han utilitzat diferents materials:\u00a0ceres, paper de seda, pl\u00e0stic de bombolles i pintura.\u00a0Tamb\u00e9 han fet&hellip;  <a href=\"https:\/\/agora.xtec.cat\/escolagermanesbertomeu\/general\/la-primavera-ja-es-aqui\/\" title=\"Read La primavera ja \u00e9s aqu\u00ed\">Llegeix m\u00e9s\u00bb<\/a><\/p>\n","protected":false},"author":1,"featured_media":1730,"comment_status":"open","ping_status":"closed","sticky":false,"template":"","format":"standard","meta":{"_bbp_topic_count":0,"_bbp_reply_count":0,"_bbp_total_topic_count":0,"_bbp_total_reply_count":0,"_bbp_voice_count":0,"_bbp_anonymous_reply_count":0,"_bbp_topic_count_hidden":0,"_bbp_reply_count_hidden":0,"_bbp_forum_subforum_count":0,"footnotes":""},"categories":[10,55,1],"tags":[],"class_list":["post-1724","post","type-post","status-publish","format-standard","has-post-thumbnail","hentry","category-2n","category-escola","category-general"],"post_mailing_queue_ids":[],"_links":{"self":[{"href":"https:\/\/agora.xtec.cat\/escolagermanesbertomeu\/wp-json\/wp\/v2\/posts\/1724","targetHints":{"allow":["GET"]}}],"collection":[{"href":"https:\/\/agora.xtec.cat\/escolagermanesbertomeu\/wp-json\/wp\/v2\/posts"}],"about":[{"href":"https:\/\/agora.xtec.cat\/escolagermanesbertomeu\/wp-json\/wp\/v2\/types\/post"}],"author":[{"embeddable":true,"href":"https:\/\/agora.xtec.cat\/escolagermanesbertomeu\/wp-json\/wp\/v2\/users\/1"}],"replies":[{"embeddable":true,"href":"https:\/\/agora.xtec.cat\/escolagermanesbertomeu\/wp-json\/wp\/v2\/comments?post=1724"}],"version-history":[{"count":3,"href":"https:\/\/agora.xtec.cat\/escolagermanesbertomeu\/wp-json\/wp\/v2\/posts\/1724\/revisions"}],"predecessor-version":[{"id":1791,"href":"https:\/\/agora.xtec.cat\/escolagermanesbertomeu\/wp-json\/wp\/v2\/posts\/1724\/revisions\/1791"}],"wp:featuredmedia":[{"embeddable":true,"href":"https:\/\/agora.xtec.cat\/escolagermanesbertomeu\/wp-json\/wp\/v2\/media\/1730"}],"wp:attachment":[{"href":"https:\/\/agora.xtec.cat\/escolagermanesbertomeu\/wp-json\/wp\/v2\/media?parent=1724"}],"wp:term":[{"taxonomy":"category","embeddable":true,"href":"https:\/\/agora.xtec.cat\/escolagermanesbertomeu\/wp-json\/wp\/v2\/categories?post=1724"},{"taxonomy":"post_tag","embeddable":true,"href":"https:\/\/agora.xtec.cat\/escolagermanesbertomeu\/wp-json\/wp\/v2\/tags?post=1724"}],"curies":[{"name":"wp","href":"https:\/\/api.w.org\/{rel}","templated":true}]}}