{"id":1639,"date":"2019-04-12T11:33:32","date_gmt":"2019-04-12T09:33:32","guid":{"rendered":"http:\/\/agora.xtec.cat\/escolagermanesbertomeu\/?p=1639"},"modified":"2019-04-12T11:46:59","modified_gmt":"2019-04-12T09:46:59","slug":"sortim-a-linfo-k-tv3","status":"publish","type":"post","link":"https:\/\/agora.xtec.cat\/escolagermanesbertomeu\/general\/sortim-a-linfo-k-tv3\/","title":{"rendered":"Sortim a l&#8217;INFO K! (TV3)"},"content":{"rendered":"<p>Aquest any els nens i nenes de 5\u00e8 veiem cada mat\u00ed l\u2019<strong>Info K<\/strong>, el programa informatiu del Super3 adre\u00e7at al p\u00fablic m\u00e9s jove i que presenta la Laia Servera.<\/p>\n<p>Veure el programa ens permet estar al dia de totes les <strong>not\u00edcies<\/strong> i <strong>descobriments<\/strong> que succeeixen al m\u00f3n. Prenem apunts en una llibreta i fem <strong>debats<\/strong> molt rics sobre els temes rellevants que sorgeixen.<\/p>\n<p>En un dels programes recents es va proposar que els nens i nenes participessin en un <em>Challenge,<\/em> que vol dir repte en angl\u00e8s.<\/p>\n<p>Aquest <strong>nou repte<\/strong> s\u2019est\u00e0 fent viral a les xarxes socials i consisteix a recollir deixalles que hi ha a la natura, i fer-ne una foto abans i despr\u00e9s. L\u2019Info K animava a participar en el\u00a0<em>k-Challenge<\/em>, netejant una platja, un bosc o, fins i tot, la nostra habitaci\u00f3.<\/p>\n<p>A la classe de <strong>5\u00e8 A<\/strong> ens va semblar una gran iniciativa per <strong>protegir el medi ambient<\/strong>, i ens vam llen\u00e7ar a netejar i ordenar la nostra aula.<\/p>\n<p>Vam gravar l\u2019<strong>abans<\/strong> i el <strong>despr\u00e9s<\/strong>\u00a0de la nostra classe i vam animar a tots els Infokaires a que enviessin v\u00eddeos d\u2019aquest <em>k-Challenge<\/em>, finalment, vam <strong>enviar el v\u00eddeo<\/strong> al programa de l\u2019Info K.<\/p>\n<p>La nostra sorpresa ha sigut que en el <strong>programa del dimecres 10 d\u2019abril hem sortit a l\u2019Info K<\/strong>! Els hi ha encantat la nostra iniciativa i hem pogut veure el recull d\u2019altres nens i nenes que tamb\u00e9 han participat enviant les seves imatges.<\/p>\n<p>Us animem a tots a veure el v\u00eddeo (minut 8:30) que el trobareu en el seg\u00fcent enlla\u00e7, per\u00f2 sobretot us animem a<strong> fer cr\u00e9ixer aquesta iniciativa per tenir cura del nostre planeta.<\/strong><\/p>\n<p><iframe loading=\"lazy\" src=\"https:\/\/www.ccma.cat\/video\/embed\/super3\/5841959\/\" width=\"500px\" height=\"281px\" frameborder=\"0\" scrolling=\"no\" allowfullscreen=\"allowfullscreen\"><\/iframe><\/p>\n<p>5\u00e8 A.<\/p>\n<p>&nbsp;<\/p>\n","protected":false},"excerpt":{"rendered":"<p>Els nens i nenes de 5\u00e8 A participem en un Challenge per millorar el planeta i sortim al programa de l&#8217;Info K del Super3.&hellip;  <a href=\"https:\/\/agora.xtec.cat\/escolagermanesbertomeu\/general\/sortim-a-linfo-k-tv3\/\" title=\"Read Sortim a l&#8217;INFO K! (TV3)\">Llegeix m\u00e9s\u00bb<\/a><\/p>\n","protected":false},"author":1,"featured_media":1645,"comment_status":"open","ping_status":"closed","sticky":false,"template":"","format":"standard","meta":{"_bbp_topic_count":0,"_bbp_reply_count":0,"_bbp_total_topic_count":0,"_bbp_total_reply_count":0,"_bbp_voice_count":0,"_bbp_anonymous_reply_count":0,"_bbp_topic_count_hidden":0,"_bbp_reply_count_hidden":0,"_bbp_forum_subforum_count":0,"footnotes":""},"categories":[13,1],"tags":[79,105],"class_list":["post-1639","post","type-post","status-publish","format-standard","has-post-thumbnail","hentry","category-5e","category-general","tag-germanes-bertomeu","tag-promocio-2011-2020"],"post_mailing_queue_ids":[],"_links":{"self":[{"href":"https:\/\/agora.xtec.cat\/escolagermanesbertomeu\/wp-json\/wp\/v2\/posts\/1639","targetHints":{"allow":["GET"]}}],"collection":[{"href":"https:\/\/agora.xtec.cat\/escolagermanesbertomeu\/wp-json\/wp\/v2\/posts"}],"about":[{"href":"https:\/\/agora.xtec.cat\/escolagermanesbertomeu\/wp-json\/wp\/v2\/types\/post"}],"author":[{"embeddable":true,"href":"https:\/\/agora.xtec.cat\/escolagermanesbertomeu\/wp-json\/wp\/v2\/users\/1"}],"replies":[{"embeddable":true,"href":"https:\/\/agora.xtec.cat\/escolagermanesbertomeu\/wp-json\/wp\/v2\/comments?post=1639"}],"version-history":[{"count":3,"href":"https:\/\/agora.xtec.cat\/escolagermanesbertomeu\/wp-json\/wp\/v2\/posts\/1639\/revisions"}],"predecessor-version":[{"id":1643,"href":"https:\/\/agora.xtec.cat\/escolagermanesbertomeu\/wp-json\/wp\/v2\/posts\/1639\/revisions\/1643"}],"wp:featuredmedia":[{"embeddable":true,"href":"https:\/\/agora.xtec.cat\/escolagermanesbertomeu\/wp-json\/wp\/v2\/media\/1645"}],"wp:attachment":[{"href":"https:\/\/agora.xtec.cat\/escolagermanesbertomeu\/wp-json\/wp\/v2\/media?parent=1639"}],"wp:term":[{"taxonomy":"category","embeddable":true,"href":"https:\/\/agora.xtec.cat\/escolagermanesbertomeu\/wp-json\/wp\/v2\/categories?post=1639"},{"taxonomy":"post_tag","embeddable":true,"href":"https:\/\/agora.xtec.cat\/escolagermanesbertomeu\/wp-json\/wp\/v2\/tags?post=1639"}],"curies":[{"name":"wp","href":"https:\/\/api.w.org\/{rel}","templated":true}]}}