{"id":1538,"date":"2019-02-22T16:42:14","date_gmt":"2019-02-22T15:42:14","guid":{"rendered":"http:\/\/agora.xtec.cat\/escolagermanesbertomeu\/?p=1538"},"modified":"2019-02-22T23:12:58","modified_gmt":"2019-02-22T22:12:58","slug":"un-mar-de-llengues","status":"publish","type":"post","link":"https:\/\/agora.xtec.cat\/escolagermanesbertomeu\/general\/un-mar-de-llengues\/","title":{"rendered":"Un Mar de Lleng\u00fces"},"content":{"rendered":"<p style=\"text-align: justify;\">El dia 21 de febrer \u00e9s el Dia Internacional de les Lleng\u00fces Maternes.\u00a0 Al llarg d&#8217;aquesta setmana, s&#8217;han realitzat a l&#8217;escola diferents activitats per tal de celebrar-lo. Cada nen i nena de l&#8217;escola ha escrit,\u00a0amb l&#8217;ajut dels seus familiars, una paraula en alguna de les lleng\u00fces maternes que parlen a casa. Cada paraula representa una gota d&#8217;aigua i, entre totes, omplen els dos grans mars pintats al porxo. D&#8217;altra banda, tamb\u00e9 han entrat a les aules mares i pares a\u00a0 explicar,\u00a0en la seva pr\u00f2pia llengua, contes i hist\u00f2ries. Una experi\u00e8ncia preciosa!<\/p>\n<div id=\"2673A\" style=\"width: 600px; height: 400px; display: none;\"><img decoding=\"async\" src=\"https:\/\/agora.xtec.cat\/escolagermanesbertomeu\/wp-content\/uploads\/usu1488\/2019\/02\/d49c37c2-71d3-465b-a4fa-5e8525436d64-300x195.jpg\" \/><br \/>\n<img decoding=\"async\" src=\"https:\/\/agora.xtec.cat\/escolagermanesbertomeu\/wp-content\/uploads\/usu1488\/2019\/02\/b0bcb2ad-da61-4513-84eb-3cc38895820b-300x225.jpg\" \/><br \/>\n<img decoding=\"async\" src=\"https:\/\/agora.xtec.cat\/escolagermanesbertomeu\/wp-content\/uploads\/usu1488\/2019\/02\/a135a0aa-b92b-4ba7-abf4-6f5d2bbefd88-300x225.jpg\" \/><br \/>\n<img decoding=\"async\" src=\"https:\/\/agora.xtec.cat\/escolagermanesbertomeu\/wp-content\/uploads\/usu1488\/2019\/02\/56156ea7-3337-4a19-8549-a0d3e38f07b5-300x225.jpg\" \/><br \/>\n<img decoding=\"async\" src=\"https:\/\/agora.xtec.cat\/escolagermanesbertomeu\/wp-content\/uploads\/usu1488\/2019\/02\/6523f555-b150-463c-8980-8f9c3542afdf-300x225.jpg\" \/><br \/>\n<img decoding=\"async\" src=\"https:\/\/agora.xtec.cat\/escolagermanesbertomeu\/wp-content\/uploads\/usu1488\/2019\/02\/5357e372-f0be-4656-b287-0a00d1a06b44-300x169.jpg\" \/><br \/>\n<img decoding=\"async\" src=\"https:\/\/agora.xtec.cat\/escolagermanesbertomeu\/wp-content\/uploads\/usu1488\/2019\/02\/3ca38658-d40c-4bff-a430-6ee6a27a24d2-300x225.jpg\" \/><br \/>\n<img decoding=\"async\" src=\"https:\/\/agora.xtec.cat\/escolagermanesbertomeu\/wp-content\/uploads\/usu1488\/2019\/02\/3c487d94-c963-4419-83eb-6c2f7e1c662b-300x169.jpg\" \/><br \/>\n<img decoding=\"async\" src=\"https:\/\/agora.xtec.cat\/escolagermanesbertomeu\/wp-content\/uploads\/usu1488\/2019\/02\/1c59eec6-a2d6-4f05-aa88-dd19230491f9-225x300.jpg\" \/><br \/>\n<img decoding=\"async\" src=\"https:\/\/agora.xtec.cat\/escolagermanesbertomeu\/wp-content\/uploads\/usu1488\/2019\/02\/0d7ed11d-3992-4f92-be80-49df35f38bff-300x225.jpg\" \/><br \/>\n<img decoding=\"async\" src=\"https:\/\/agora.xtec.cat\/escolagermanesbertomeu\/wp-content\/uploads\/usu1488\/2019\/02\/Sense-t%C3%ADtol-300x225.jpg\" \/><br \/>\n<img decoding=\"async\" src=\"https:\/\/agora.xtec.cat\/escolagermanesbertomeu\/wp-content\/uploads\/usu1488\/2019\/01\/menu-febrer-no-carn-300x208.jpg\" \/><br \/>\n<img decoding=\"async\" src=\"https:\/\/agora.xtec.cat\/escolagermanesbertomeu\/wp-content\/uploads\/usu1488\/2019\/01\/menu-febrer-basal-300x196.jpg\" \/><br \/>\n<img decoding=\"async\" src=\"https:\/\/agora.xtec.cat\/escolagermanesbertomeu\/wp-content\/uploads\/usu1488\/2019\/01\/menu-sense-carn-gener-300x212.jpg\" \/><br \/>\n<img decoding=\"async\" src=\"https:\/\/agora.xtec.cat\/escolagermanesbertomeu\/wp-content\/uploads\/usu1488\/2019\/01\/men%C3%BA-gener-basal-300x212.jpg\" \/><br \/>\n<img decoding=\"async\" src=\"https:\/\/agora.xtec.cat\/escolagermanesbertomeu\/wp-content\/uploads\/usu1488\/2018\/12\/IMG_8647-300x206.jpg\" \/><br \/>\n<img decoding=\"async\" src=\"https:\/\/agora.xtec.cat\/escolagermanesbertomeu\/wp-content\/uploads\/usu1488\/2018\/12\/IMG_8643-300x225.jpg\" \/><br \/>\n<img decoding=\"async\" src=\"https:\/\/agora.xtec.cat\/escolagermanesbertomeu\/wp-content\/uploads\/usu1488\/2018\/12\/IMG_8649-300x225.jpg\" \/><br \/>\n<img decoding=\"async\" src=\"https:\/\/agora.xtec.cat\/escolagermanesbertomeu\/wp-content\/uploads\/usu1488\/2018\/12\/IMG_8645-300x225.jpg\" \/><br \/>\n<img decoding=\"async\" src=\"https:\/\/agora.xtec.cat\/escolagermanesbertomeu\/wp-content\/uploads\/usu1488\/2018\/12\/IMG_8651-300x225.jpg\" \/><br \/>\n<img decoding=\"async\" src=\"https:\/\/agora.xtec.cat\/escolagermanesbertomeu\/wp-content\/uploads\/usu1488\/2018\/12\/Sense-t%C3%ADtol-k-300x290.png\" \/><br \/>\n<img decoding=\"async\" src=\"https:\/\/agora.xtec.cat\/escolagermanesbertomeu\/wp-content\/uploads\/usu1488\/2018\/12\/Sense-t%C3%ADtol-1-300x249.jpg\" \/><br \/>\n<img decoding=\"async\" src=\"https:\/\/agora.xtec.cat\/escolagermanesbertomeu\/wp-content\/uploads\/usu1488\/2018\/12\/Sense-t%C3%ADtol-1-150x150.png\" \/><br \/>\n<img decoding=\"async\" src=\"https:\/\/agora.xtec.cat\/escolagermanesbertomeu\/wp-content\/uploads\/usu1488\/2018\/12\/coberta-300x163.jpg\" \/><br \/>\n<img decoding=\"async\" src=\"https:\/\/agora.xtec.cat\/escolagermanesbertomeu\/wp-content\/uploads\/usu1488\/2018\/12\/Sense-t%C3%ADtol-300x182.jpg\" \/><br \/>\n<img decoding=\"async\" src=\"https:\/\/agora.xtec.cat\/escolagermanesbertomeu\/wp-content\/uploads\/usu1488\/2018\/12\/docu-1r-300x224.jpeg\" \/><br \/>\n<img decoding=\"async\" src=\"https:\/\/agora.xtec.cat\/escolagermanesbertomeu\/wp-content\/uploads\/usu1488\/2018\/12\/Sense-t%C3%ADtol-150x150.png\" \/><br \/>\n<img decoding=\"async\" src=\"https:\/\/agora.xtec.cat\/escolagermanesbertomeu\/wp-content\/uploads\/usu1488\/2018\/12\/LICN7232-300x169.jpg\" \/><br \/>\n<img decoding=\"async\" src=\"https:\/\/agora.xtec.cat\/escolagermanesbertomeu\/wp-content\/uploads\/usu1488\/2018\/12\/pinya-150x150.png\" \/><br \/>\n<img decoding=\"async\" src=\"https:\/\/agora.xtec.cat\/escolagermanesbertomeu\/wp-content\/uploads\/usu1488\/2018\/12\/nova-300x217.png\" \/><br \/>\n<img decoding=\"async\" src=\"https:\/\/agora.xtec.cat\/escolagermanesbertomeu\/wp-content\/uploads\/usu1488\/2018\/12\/0001-212x300.jpg\" \/><br \/>\n<img decoding=\"async\" src=\"https:\/\/agora.xtec.cat\/escolagermanesbertomeu\/wp-content\/uploads\/usu1488\/2018\/11\/QR-TPVESCOLA-300x169.png\" \/><br \/>\n<img decoding=\"async\" src=\"https:\/\/agora.xtec.cat\/escolagermanesbertomeu\/wp-content\/uploads\/usu1488\/2018\/11\/desembre-No-carn-300x212.jpg\" \/><br \/>\n<img decoding=\"async\" src=\"https:\/\/agora.xtec.cat\/escolagermanesbertomeu\/wp-content\/uploads\/usu1488\/2018\/11\/desembre-basal-300x212.jpg\" \/><br \/>\n<img decoding=\"async\" src=\"https:\/\/agora.xtec.cat\/escolagermanesbertomeu\/wp-content\/uploads\/usu1488\/2018\/11\/IMG_6468-300x225.jpg\" \/><br \/>\n<img decoding=\"async\" src=\"https:\/\/agora.xtec.cat\/escolagermanesbertomeu\/wp-content\/uploads\/usu1488\/2018\/11\/BMPG8840-169x300.jpg\" \/><br \/>\n<img decoding=\"async\" src=\"https:\/\/agora.xtec.cat\/escolagermanesbertomeu\/wp-content\/uploads\/usu1488\/2018\/11\/BHCJ8790-169x300.jpg\" \/><br \/>\n<img decoding=\"async\" src=\"https:\/\/agora.xtec.cat\/escolagermanesbertomeu\/wp-content\/uploads\/usu1488\/2018\/11\/BEQY0918-300x169.jpg\" \/><br \/>\n<img decoding=\"async\" src=\"https:\/\/agora.xtec.cat\/escolagermanesbertomeu\/wp-content\/uploads\/usu1488\/2018\/11\/AVYD0338-300x225.jpg\" \/><br \/>\n<img decoding=\"async\" src=\"https:\/\/agora.xtec.cat\/escolagermanesbertomeu\/wp-content\/uploads\/usu1488\/2018\/11\/AVPE3458-300x225.jpg\" \/><br \/>\n<img decoding=\"async\" src=\"https:\/\/agora.xtec.cat\/escolagermanesbertomeu\/wp-content\/uploads\/usu1488\/2018\/11\/AQXL8411-225x300.jpg\" \/><br \/>\n<img decoding=\"async\" src=\"https:\/\/agora.xtec.cat\/escolagermanesbertomeu\/wp-content\/uploads\/usu1488\/2018\/11\/XNZX0073-300x169.jpg\" \/><br \/>\n<img decoding=\"async\" src=\"https:\/\/agora.xtec.cat\/escolagermanesbertomeu\/wp-content\/uploads\/usu1488\/2018\/11\/UPYP3931-300x300.jpg\" \/><br \/>\n<img decoding=\"async\" src=\"https:\/\/agora.xtec.cat\/escolagermanesbertomeu\/wp-content\/uploads\/usu1488\/2018\/11\/TINN3026-300x169.jpg\" \/><br \/>\n<img decoding=\"async\" src=\"https:\/\/agora.xtec.cat\/escolagermanesbertomeu\/wp-content\/uploads\/usu1488\/2018\/11\/SSYN1289-300x225.jpg\" \/><br \/>\n<img decoding=\"async\" src=\"https:\/\/agora.xtec.cat\/escolagermanesbertomeu\/wp-content\/uploads\/usu1488\/2018\/11\/SIHV6901-300x169.jpg\" \/><br \/>\n<img decoding=\"async\" src=\"https:\/\/agora.xtec.cat\/escolagermanesbertomeu\/wp-content\/uploads\/usu1488\/2018\/11\/QRVB4616-225x300.jpg\" \/><br \/>\n<img decoding=\"async\" src=\"https:\/\/agora.xtec.cat\/escolagermanesbertomeu\/wp-content\/uploads\/usu1488\/2018\/11\/IMG_6960-300x225.jpg\" \/><br \/>\n<img decoding=\"async\" src=\"https:\/\/agora.xtec.cat\/escolagermanesbertomeu\/wp-content\/uploads\/usu1488\/2018\/11\/IMG_6925-300x225.jpg\" \/><br \/>\n<img decoding=\"async\" src=\"https:\/\/agora.xtec.cat\/escolagermanesbertomeu\/wp-content\/uploads\/usu1488\/2018\/11\/IMG_6874-300x225.jpg\" \/><br \/>\n<img decoding=\"async\" src=\"https:\/\/agora.xtec.cat\/escolagermanesbertomeu\/wp-content\/uploads\/usu1488\/2018\/11\/IMG_6872-300x225.jpg\" \/><br \/>\n<img decoding=\"async\" src=\"https:\/\/agora.xtec.cat\/escolagermanesbertomeu\/wp-content\/uploads\/usu1488\/2018\/11\/flor-225x300.jpg\" \/><br \/>\n<img decoding=\"async\" src=\"https:\/\/agora.xtec.cat\/escolagermanesbertomeu\/wp-content\/uploads\/usu1488\/2018\/11\/fulles2-189x300.jpg\" \/><br \/>\n<img decoding=\"async\" src=\"https:\/\/agora.xtec.cat\/escolagermanesbertomeu\/wp-content\/uploads\/usu1488\/2018\/11\/fulles-1-192x300.jpg\" \/><br \/>\n<img decoding=\"async\" src=\"https:\/\/agora.xtec.cat\/escolagermanesbertomeu\/wp-content\/uploads\/usu1488\/2018\/11\/fulles-arbre-1-bona-146x300.jpg\" \/><br \/>\n<img decoding=\"async\" src=\"https:\/\/agora.xtec.cat\/escolagermanesbertomeu\/wp-content\/uploads\/usu1488\/2018\/11\/bosc-tardor-188x300.jpg\" \/><br \/>\n<img decoding=\"async\" src=\"https:\/\/agora.xtec.cat\/escolagermanesbertomeu\/wp-content\/uploads\/usu1488\/2018\/11\/nom-fulles-arbres-2-129x300.jpg\" \/><br \/>\n<img decoding=\"async\" src=\"https:\/\/agora.xtec.cat\/escolagermanesbertomeu\/wp-content\/uploads\/usu1488\/2018\/11\/nom-fulles-arbres-1-146x300.jpg\" \/><br \/>\n<img decoding=\"async\" src=\"https:\/\/agora.xtec.cat\/escolagermanesbertomeu\/wp-content\/uploads\/usu1488\/2018\/11\/mandala-complet-300x225.jpg\" \/><br \/>\n<img decoding=\"async\" src=\"https:\/\/agora.xtec.cat\/escolagermanesbertomeu\/wp-content\/uploads\/usu1488\/2018\/11\/nens-mandala-300x247.jpg\" \/><br \/>\n<img decoding=\"async\" src=\"https:\/\/agora.xtec.cat\/escolagermanesbertomeu\/wp-content\/uploads\/usu1488\/2018\/11\/mamadou-mandala-300x225.jpg\" \/><br \/>\n<img decoding=\"async\" src=\"https:\/\/agora.xtec.cat\/escolagermanesbertomeu\/wp-content\/uploads\/usu1488\/2018\/11\/centre-mandala-279x300.jpg\" \/><br \/>\n<img decoding=\"async\" src=\"https:\/\/agora.xtec.cat\/escolagermanesbertomeu\/wp-content\/uploads\/usu1488\/2018\/11\/menu-novembre-sense-carn-300x213.png\" \/><br \/>\n<img decoding=\"async\" src=\"https:\/\/agora.xtec.cat\/escolagermanesbertomeu\/wp-content\/uploads\/usu1488\/2018\/11\/menu-novembre-carn-300x213.png\" \/><br \/>\n<img decoding=\"async\" src=\"https:\/\/agora.xtec.cat\/escolagermanesbertomeu\/wp-content\/uploads\/usu1488\/2018\/09\/IMG_7610-1-300x225.jpg\" \/><br \/>\n<img decoding=\"async\" src=\"https:\/\/agora.xtec.cat\/escolagermanesbertomeu\/wp-content\/uploads\/usu1488\/2018\/09\/IMG_7392-1-300x225.jpg\" \/><br \/>\n<img decoding=\"async\" src=\"https:\/\/agora.xtec.cat\/escolagermanesbertomeu\/wp-content\/uploads\/usu1488\/2018\/09\/IMG_7762-1-300x225.jpg\" \/><br \/>\n<img decoding=\"async\" src=\"https:\/\/agora.xtec.cat\/escolagermanesbertomeu\/wp-content\/uploads\/usu1488\/2018\/09\/IMG_7762-300x225.jpg\" \/><br \/>\n<img decoding=\"async\" src=\"https:\/\/agora.xtec.cat\/escolagermanesbertomeu\/wp-content\/uploads\/usu1488\/2018\/09\/IMG_7610-300x225.jpg\" \/><br \/>\n<img decoding=\"async\" src=\"https:\/\/agora.xtec.cat\/escolagermanesbertomeu\/wp-content\/uploads\/usu1488\/2018\/09\/IMG_7392-300x225.jpg\" \/><br \/>\n<img decoding=\"async\" src=\"https:\/\/agora.xtec.cat\/escolagermanesbertomeu\/wp-content\/uploads\/usu1488\/2018\/09\/c8a296f3-3ba2-46c9-a073-774e82f2d66b-300x158.jpg\" \/><br \/>\n<img decoding=\"async\" src=\"https:\/\/agora.xtec.cat\/escolagermanesbertomeu\/wp-content\/uploads\/usu1488\/2018\/09\/baf8e38e-3dd2-406a-82c0-5268d269d06b-300x277.jpg\" \/><br \/>\n<img decoding=\"async\" src=\"https:\/\/agora.xtec.cat\/escolagermanesbertomeu\/wp-content\/uploads\/usu1488\/2018\/09\/a47501af-3c8b-4df5-ab0a-62afcba2df7f-1-273x300.jpg\" \/><br \/>\n<img decoding=\"async\" src=\"https:\/\/agora.xtec.cat\/escolagermanesbertomeu\/wp-content\/uploads\/usu1488\/2018\/09\/09418682-5ef7-49af-b4a3-fee836a698a9-300x225.jpg\" \/><br \/>\n<img decoding=\"async\" src=\"https:\/\/agora.xtec.cat\/escolagermanesbertomeu\/wp-content\/uploads\/usu1488\/2018\/09\/575db3e3-d999-4db2-b7ae-4f0f890a4ca9-300x207.jpg\" \/><br \/>\n<img decoding=\"async\" src=\"https:\/\/agora.xtec.cat\/escolagermanesbertomeu\/wp-content\/uploads\/usu1488\/2018\/09\/027e6b0d-47d6-4cfb-934b-09d33ecedc96-300x225.jpg\" \/><br \/>\n<img decoding=\"async\" src=\"https:\/\/agora.xtec.cat\/escolagermanesbertomeu\/wp-content\/uploads\/usu1488\/2018\/06\/Petanca-amb-Club-Patanca-Rocafonda-7-300x169.jpg\" \/><br \/>\n<img decoding=\"async\" src=\"https:\/\/agora.xtec.cat\/escolagermanesbertomeu\/wp-content\/uploads\/usu1488\/2018\/06\/Petanca-amb-Club-Patanca-Rocafonda-6-300x169.jpg\" \/><br \/>\n<img decoding=\"async\" src=\"https:\/\/agora.xtec.cat\/escolagermanesbertomeu\/wp-content\/uploads\/usu1488\/2018\/06\/Petanca-amb-Club-Patanca-Rocafonda-4-300x169.jpg\" \/><br \/>\n<img decoding=\"async\" src=\"https:\/\/agora.xtec.cat\/escolagermanesbertomeu\/wp-content\/uploads\/usu1488\/2018\/06\/Petanca-amb-Club-Patanca-Rocafonda-2-300x169.jpg\" \/><br \/>\n<img decoding=\"async\" src=\"https:\/\/agora.xtec.cat\/escolagermanesbertomeu\/wp-content\/uploads\/usu1488\/2018\/06\/Petanca-amb-Club-Roca-81-22-1-300x169.jpg\" \/><br \/>\n<img decoding=\"async\" src=\"https:\/\/agora.xtec.cat\/escolagermanesbertomeu\/wp-content\/uploads\/usu1488\/2018\/06\/Petanca-amb-Club-Roca-81-21-1-300x169.jpg\" \/><br \/>\n<img decoding=\"async\" src=\"https:\/\/agora.xtec.cat\/escolagermanesbertomeu\/wp-content\/uploads\/usu1488\/2018\/06\/Petanca-amb-Club-Roca-81-17-300x169.jpg\" \/><br \/>\n<img decoding=\"async\" src=\"https:\/\/agora.xtec.cat\/escolagermanesbertomeu\/wp-content\/uploads\/usu1488\/2018\/06\/Petanca-amb-Club-Roca-81-16-1-300x169.jpg\" \/><br \/>\n<img decoding=\"async\" src=\"https:\/\/agora.xtec.cat\/escolagermanesbertomeu\/wp-content\/uploads\/usu1488\/2018\/06\/Petanca-amb-Club-Roca-81-14-300x169.jpg\" \/><br \/>\n<img decoding=\"async\" src=\"https:\/\/agora.xtec.cat\/escolagermanesbertomeu\/wp-content\/uploads\/usu1488\/2018\/06\/Petanca-amb-Club-Roca-81-11-1-300x169.jpg\" \/><br \/>\n<img decoding=\"async\" src=\"https:\/\/agora.xtec.cat\/escolagermanesbertomeu\/wp-content\/uploads\/usu1488\/2018\/06\/Petanca-amb-Club-Roca-81-3-1-300x169.jpg\" \/><br \/>\n<img decoding=\"async\" src=\"https:\/\/agora.xtec.cat\/escolagermanesbertomeu\/wp-content\/uploads\/usu1488\/2018\/06\/Petanca-amb-Club-Roca-81-2-1-300x169.jpg\" \/><br \/>\n<img decoding=\"async\" src=\"https:\/\/agora.xtec.cat\/escolagermanesbertomeu\/wp-content\/uploads\/usu1488\/2018\/06\/Petanca-amb-Club-Roca-81-1-2-300x169.jpg\" \/><br \/>\n<img decoding=\"async\" src=\"https:\/\/agora.xtec.cat\/escolagermanesbertomeu\/wp-content\/uploads\/usu1488\/2018\/06\/Petanca-amb-Club-Roca-81-22-300x169.jpg\" \/><br \/>\n<img decoding=\"async\" src=\"https:\/\/agora.xtec.cat\/escolagermanesbertomeu\/wp-content\/uploads\/usu1488\/2018\/06\/Petanca-amb-Club-Roca-81-21-300x169.jpg\" \/><br \/>\n<img decoding=\"async\" src=\"https:\/\/agora.xtec.cat\/escolagermanesbertomeu\/wp-content\/uploads\/usu1488\/2018\/06\/Petanca-amb-Club-Roca-81-16-300x169.jpg\" \/><br \/>\n<img decoding=\"async\" src=\"https:\/\/agora.xtec.cat\/escolagermanesbertomeu\/wp-content\/uploads\/usu1488\/2018\/06\/Petanca-amb-Club-Roca-81-11-300x169.jpg\" \/><br \/>\n<img decoding=\"async\" src=\"https:\/\/agora.xtec.cat\/escolagermanesbertomeu\/wp-content\/uploads\/usu1488\/2018\/06\/Petanca-amb-Club-Roca-81-3-300x169.jpg\" \/><br \/>\n<img decoding=\"async\" src=\"https:\/\/agora.xtec.cat\/escolagermanesbertomeu\/wp-content\/uploads\/usu1488\/2018\/06\/Petanca-amb-Club-Roca-81-2-300x169.jpg\" \/><br \/>\n<img decoding=\"async\" src=\"https:\/\/agora.xtec.cat\/escolagermanesbertomeu\/wp-content\/uploads\/usu1488\/2018\/06\/Petanca-amb-Club-Roca-81-1-1-300x169.jpg\" \/><br \/>\n<img decoding=\"async\" src=\"https:\/\/agora.xtec.cat\/escolagermanesbertomeu\/wp-content\/uploads\/usu1488\/2018\/06\/Petanca-amb-Club-Roca-81-1-300x169.jpg\" \/><br \/>\n<img decoding=\"async\" src=\"https:\/\/agora.xtec.cat\/escolagermanesbertomeu\/wp-content\/uploads\/usu1488\/2018\/06\/gerber-215x300.png\" \/><br \/>\n<img decoding=\"async\" src=\"https:\/\/agora.xtec.cat\/escolagermanesbertomeu\/wp-content\/uploads\/usu1488\/2018\/06\/coberta-1-300x180.jpg\" \/><br \/>\n<img decoding=\"async\" src=\"https:\/\/agora.xtec.cat\/escolagermanesbertomeu\/wp-content\/uploads\/usu1488\/2018\/06\/23f51257-e34a-4d44-b242-2bda2923aee6-300x163.jpg\" \/><br \/>\n<img decoding=\"async\" src=\"https:\/\/agora.xtec.cat\/escolagermanesbertomeu\/wp-content\/uploads\/usu1488\/2018\/05\/0-1-300x225.jpg\" \/><br \/>\n<img decoding=\"async\" src=\"https:\/\/agora.xtec.cat\/escolagermanesbertomeu\/wp-content\/uploads\/usu1488\/2018\/05\/IMG_E4805-300x225.jpg\" \/><br \/>\n<img decoding=\"async\" src=\"https:\/\/agora.xtec.cat\/escolagermanesbertomeu\/wp-content\/uploads\/usu1488\/2018\/05\/0-300x225.jpg\" \/><br \/>\n<img decoding=\"async\" src=\"https:\/\/agora.xtec.cat\/escolagermanesbertomeu\/wp-content\/uploads\/usu1488\/2018\/04\/IMG_20180425_162301-300x225.jpg\" \/><br \/>\n<img decoding=\"async\" src=\"https:\/\/agora.xtec.cat\/escolagermanesbertomeu\/wp-content\/uploads\/usu1488\/2018\/04\/IMG-20180425-WA0093-1-300x225.jpg\" \/><br \/>\n<img decoding=\"async\" src=\"https:\/\/agora.xtec.cat\/escolagermanesbertomeu\/wp-content\/uploads\/usu1488\/2018\/04\/IMG-20180425-WA0087-1-300x225.jpg\" \/><br \/>\n<img decoding=\"async\" src=\"https:\/\/agora.xtec.cat\/escolagermanesbertomeu\/wp-content\/uploads\/usu1488\/2018\/04\/IMG-20180425-WA0086-1-300x225.jpg\" \/><br \/>\n<img decoding=\"async\" src=\"https:\/\/agora.xtec.cat\/escolagermanesbertomeu\/wp-content\/uploads\/usu1488\/2018\/04\/IMG-20180425-WA0082-1-300x225.jpg\" \/><br \/>\n<img decoding=\"async\" src=\"https:\/\/agora.xtec.cat\/escolagermanesbertomeu\/wp-content\/uploads\/usu1488\/2018\/04\/IMG-20180425-WA0093-300x225.jpg\" \/><br \/>\n<img decoding=\"async\" src=\"https:\/\/agora.xtec.cat\/escolagermanesbertomeu\/wp-content\/uploads\/usu1488\/2018\/04\/IMG-20180425-WA0087-300x225.jpg\" \/><br \/>\n<img decoding=\"async\" src=\"https:\/\/agora.xtec.cat\/escolagermanesbertomeu\/wp-content\/uploads\/usu1488\/2018\/04\/IMG-20180425-WA0086-300x225.jpg\" \/><br \/>\n<img decoding=\"async\" src=\"https:\/\/agora.xtec.cat\/escolagermanesbertomeu\/wp-content\/uploads\/usu1488\/2018\/04\/IMG-20180425-WA0082-300x225.jpg\" \/><br \/>\n<img decoding=\"async\" src=\"https:\/\/agora.xtec.cat\/escolagermanesbertomeu\/wp-content\/uploads\/usu1488\/2018\/04\/imatge-coberta-300x224.jpg\" \/><br \/>\n<img decoding=\"async\" src=\"https:\/\/agora.xtec.cat\/escolagermanesbertomeu\/wp-content\/uploads\/usu1488\/2018\/04\/IMG_4245-2-300x225.jpg\" \/><br \/>\n<img decoding=\"async\" src=\"https:\/\/agora.xtec.cat\/escolagermanesbertomeu\/wp-content\/uploads\/usu1488\/2018\/04\/IMG_4243-2-300x225.jpg\" \/><br \/>\n<img decoding=\"async\" src=\"https:\/\/agora.xtec.cat\/escolagermanesbertomeu\/wp-content\/uploads\/usu1488\/2018\/04\/IMG_4237-2-300x225.jpg\" \/><br \/>\n<img decoding=\"async\" src=\"https:\/\/agora.xtec.cat\/escolagermanesbertomeu\/wp-content\/uploads\/usu1488\/2018\/04\/IMG_4235-2-300x225.jpg\" \/><br \/>\n<img decoding=\"async\" src=\"https:\/\/agora.xtec.cat\/escolagermanesbertomeu\/wp-content\/uploads\/usu1488\/2018\/04\/IMG_4245-1-300x225.jpg\" \/><br \/>\n<img decoding=\"async\" src=\"https:\/\/agora.xtec.cat\/escolagermanesbertomeu\/wp-content\/uploads\/usu1488\/2018\/04\/IMG_4243-1-300x225.jpg\" \/><br \/>\n<img decoding=\"async\" src=\"https:\/\/agora.xtec.cat\/escolagermanesbertomeu\/wp-content\/uploads\/usu1488\/2018\/04\/IMG_4237-1-300x225.jpg\" \/><br \/>\n<img decoding=\"async\" src=\"https:\/\/agora.xtec.cat\/escolagermanesbertomeu\/wp-content\/uploads\/usu1488\/2018\/04\/IMG_4235-1-300x225.jpg\" \/><br \/>\n<img decoding=\"async\" src=\"https:\/\/agora.xtec.cat\/escolagermanesbertomeu\/wp-content\/uploads\/usu1488\/2018\/04\/IMG_4245-300x225.jpg\" \/><br \/>\n<img decoding=\"async\" src=\"https:\/\/agora.xtec.cat\/escolagermanesbertomeu\/wp-content\/uploads\/usu1488\/2018\/04\/IMG_4243-300x225.jpg\" \/><br \/>\n<img decoding=\"async\" src=\"https:\/\/agora.xtec.cat\/escolagermanesbertomeu\/wp-content\/uploads\/usu1488\/2018\/04\/IMG_4237-300x225.jpg\" \/><br \/>\n<img decoding=\"async\" src=\"https:\/\/agora.xtec.cat\/escolagermanesbertomeu\/wp-content\/uploads\/usu1488\/2018\/04\/IMG_4235-300x225.jpg\" \/><br \/>\n<img decoding=\"async\" src=\"https:\/\/agora.xtec.cat\/escolagermanesbertomeu\/wp-content\/uploads\/usu1488\/2018\/04\/frank-1-300x200.jpg\" \/><br \/>\n<img decoding=\"async\" src=\"https:\/\/agora.xtec.cat\/escolagermanesbertomeu\/wp-content\/uploads\/usu1488\/2018\/03\/DENIP-1-212x300.jpg\" \/><br \/>\n<img decoding=\"async\" src=\"https:\/\/agora.xtec.cat\/escolagermanesbertomeu\/wp-content\/uploads\/usu1488\/2018\/03\/sentiments-300x290.png\" \/><\/div>\n<div style=\"text-align: center;\">\n<div id=\"24071\" style=\"width: 600px; height: 400px; display: none;\"><img decoding=\"async\" src=\"https:\/\/agora.xtec.cat\/escolagermanesbertomeu\/wp-content\/uploads\/usu1488\/2019\/02\/d49c37c2-71d3-465b-a4fa-5e8525436d64-300x195.jpg\" \/><br \/>\n<img decoding=\"async\" src=\"https:\/\/agora.xtec.cat\/escolagermanesbertomeu\/wp-content\/uploads\/usu1488\/2019\/02\/b0bcb2ad-da61-4513-84eb-3cc38895820b-300x225.jpg\" \/><br \/>\n<img decoding=\"async\" src=\"https:\/\/agora.xtec.cat\/escolagermanesbertomeu\/wp-content\/uploads\/usu1488\/2019\/02\/a135a0aa-b92b-4ba7-abf4-6f5d2bbefd88-300x225.jpg\" \/><br \/>\n<img decoding=\"async\" src=\"https:\/\/agora.xtec.cat\/escolagermanesbertomeu\/wp-content\/uploads\/usu1488\/2019\/02\/56156ea7-3337-4a19-8549-a0d3e38f07b5-300x225.jpg\" \/><br \/>\n<img decoding=\"async\" src=\"https:\/\/agora.xtec.cat\/escolagermanesbertomeu\/wp-content\/uploads\/usu1488\/2019\/02\/6523f555-b150-463c-8980-8f9c3542afdf-300x225.jpg\" \/><br \/>\n<img decoding=\"async\" src=\"https:\/\/agora.xtec.cat\/escolagermanesbertomeu\/wp-content\/uploads\/usu1488\/2019\/02\/5357e372-f0be-4656-b287-0a00d1a06b44-300x169.jpg\" \/><br \/>\n<img decoding=\"async\" src=\"https:\/\/agora.xtec.cat\/escolagermanesbertomeu\/wp-content\/uploads\/usu1488\/2019\/02\/3ca38658-d40c-4bff-a430-6ee6a27a24d2-300x225.jpg\" \/><br \/>\n<img decoding=\"async\" src=\"https:\/\/agora.xtec.cat\/escolagermanesbertomeu\/wp-content\/uploads\/usu1488\/2019\/02\/3c487d94-c963-4419-83eb-6c2f7e1c662b-300x169.jpg\" \/><br \/>\n<img decoding=\"async\" src=\"https:\/\/agora.xtec.cat\/escolagermanesbertomeu\/wp-content\/uploads\/usu1488\/2019\/02\/1c59eec6-a2d6-4f05-aa88-dd19230491f9-225x300.jpg\" \/><br \/>\n<img decoding=\"async\" src=\"https:\/\/agora.xtec.cat\/escolagermanesbertomeu\/wp-content\/uploads\/usu1488\/2019\/02\/0d7ed11d-3992-4f92-be80-49df35f38bff-300x225.jpg\" \/><\/div>\n<p><strong style=\"font-family: inherit; font-size: 1em;\">LES LLENG\u00dcES MATERNES<\/strong><\/p>\n<\/div>\n<p style=\"text-align: center;\"><strong>HAKUNA MATATA<\/strong> en suahili, la llengua m\u00e9s parlada d\u2019\u00c0frica, vol dir <strong>\u201cNO ET PREOCUPIS\u201d<\/strong>.<br \/>\nEn maputxe, la llengua d\u2019alguns ind\u00edgenes d\u2019Am\u00e8rica del Sud, no existeix la paraula MORT,<br \/>\ndiuen que la persona \u201cJA \u00c9S TERRITORI\u201d.<br \/>\nS\u00f3n moltes les paraules que no es poden traduir a altres lleng\u00fces perqu\u00e8 aquestes s\u00f3n el reflex<br \/>\nde la seva manera d\u2019entendre la vida e interpretar el m\u00f3n que els envolta.<br \/>\nPer al poble Inuit, els esquimals de l\u2019\u00c0rtic, existeixen 4 paraules diferents per dir <strong>\u201cNEU\u201d<\/strong>, ells<br \/>\ndiuen <strong>\u201cAPUT\u201d<\/strong> si la neu est\u00e0 sobre el terra, <strong>\u201cQANA\u201d<\/strong> si la neu est\u00e0 caient, <strong>PIQSIRPOQ<\/strong> si la neu es<br \/>\nmou a la deriva, <strong>QIMUQSUQ<\/strong> si la neu \u00e9s arrossegada pel vent.<br \/>\nMoltes de les nostres lleng\u00fces maternes s\u00f3n parlades per minories, per pocs habitants en<br \/>\ncomparaci\u00f3 de les m\u00e9s parlades del m\u00f3n com el xin\u00e8s, el castell\u00e0 o l\u2019angl\u00e8s, per aix\u00f2 \u00e9s<br \/>\nimportant que conservem les lleng\u00fces maternes. I com podem ajudar a que no es perdin?<br \/>\nPrimer sentir-nos orgullosos dels nostres or\u00edgens i de la llengua que parlen els nostres pares o<br \/>\navis, fer per aprendre-la i que no s\u2019oblidi i tamb\u00e9 celebrar com ho estem fent ara a l\u2019escola, el<br \/>\n<strong>DIA INTERNACIONAL DE LES LLENG\u00dcES MATERNES.<\/strong><br \/>\n\u00c9s una gran riquesa per la nostra escola que els i les alumnes parlin a casa \u00e0rab, xin\u00e8s, w\u00f2lof,<br \/>\nful, mandinga, catal\u00e0, roman\u00e8s, castell\u00e0 o rus.<br \/>\nAprenem lleng\u00fces, conservem-les i celebrem-ho!!!!!!!<\/p>\n\n\t\t<style type=\"text\/css\">\n\t\t\t#gallery-1 {\n\t\t\t\tmargin: auto;\n\t\t\t}\n\t\t\t#gallery-1 .gallery-item {\n\t\t\t\tfloat: left;\n\t\t\t\tmargin-top: 10px;\n\t\t\t\ttext-align: center;\n\t\t\t\twidth: 33%;\n\t\t\t}\n\t\t\t#gallery-1 img {\n\t\t\t\tborder: 2px solid #cfcfcf;\n\t\t\t}\n\t\t\t#gallery-1 .gallery-caption {\n\t\t\t\tmargin-left: 0;\n\t\t\t}\n\t\t\t\/* see gallery_shortcode() in wp-includes\/media.php *\/\n\t\t<\/style>\n\t\t<div id='gallery-1' class='gallery galleryid-1538 gallery-columns-3 gallery-size-medium'><dl class='gallery-item'>\n\t\t\t<dt class='gallery-icon landscape'>\n\t\t\t\t<a href='https:\/\/agora.xtec.cat\/escolagermanesbertomeu\/general\/un-mar-de-llengues\/attachment\/56156ea7-3337-4a19-8549-a0d3e38f07b5\/'><img loading=\"lazy\" decoding=\"async\" width=\"300\" height=\"225\" src=\"https:\/\/agora.xtec.cat\/escolagermanesbertomeu\/wp-content\/uploads\/usu1488\/2019\/02\/56156ea7-3337-4a19-8549-a0d3e38f07b5-300x225.jpg\" class=\"attachment-medium size-medium\" alt=\"\" srcset=\"https:\/\/agora.xtec.cat\/escolagermanesbertomeu\/wp-content\/uploads\/usu1488\/2019\/02\/56156ea7-3337-4a19-8549-a0d3e38f07b5-300x225.jpg 300w, https:\/\/agora.xtec.cat\/escolagermanesbertomeu\/wp-content\/uploads\/usu1488\/2019\/02\/56156ea7-3337-4a19-8549-a0d3e38f07b5-768x576.jpg 768w, https:\/\/agora.xtec.cat\/escolagermanesbertomeu\/wp-content\/uploads\/usu1488\/2019\/02\/56156ea7-3337-4a19-8549-a0d3e38f07b5-1024x768.jpg 1024w, https:\/\/agora.xtec.cat\/escolagermanesbertomeu\/wp-content\/uploads\/usu1488\/2019\/02\/56156ea7-3337-4a19-8549-a0d3e38f07b5-200x150.jpg 200w, https:\/\/agora.xtec.cat\/escolagermanesbertomeu\/wp-content\/uploads\/usu1488\/2019\/02\/56156ea7-3337-4a19-8549-a0d3e38f07b5.jpg 1600w\" sizes=\"auto, (max-width: 300px) 100vw, 300px\" \/><\/a>\n\t\t\t<\/dt><\/dl><dl class='gallery-item'>\n\t\t\t<dt class='gallery-icon landscape'>\n\t\t\t\t<a href='https:\/\/agora.xtec.cat\/escolagermanesbertomeu\/general\/un-mar-de-llengues\/attachment\/webp-net-resizeimage\/'><img loading=\"lazy\" decoding=\"async\" width=\"300\" height=\"225\" src=\"https:\/\/agora.xtec.cat\/escolagermanesbertomeu\/wp-content\/uploads\/usu1488\/2019\/02\/Webp.net-resizeimage-300x225.jpg\" class=\"attachment-medium size-medium\" alt=\"\" srcset=\"https:\/\/agora.xtec.cat\/escolagermanesbertomeu\/wp-content\/uploads\/usu1488\/2019\/02\/Webp.net-resizeimage-300x225.jpg 300w, https:\/\/agora.xtec.cat\/escolagermanesbertomeu\/wp-content\/uploads\/usu1488\/2019\/02\/Webp.net-resizeimage-768x576.jpg 768w, https:\/\/agora.xtec.cat\/escolagermanesbertomeu\/wp-content\/uploads\/usu1488\/2019\/02\/Webp.net-resizeimage-1024x767.jpg 1024w, https:\/\/agora.xtec.cat\/escolagermanesbertomeu\/wp-content\/uploads\/usu1488\/2019\/02\/Webp.net-resizeimage-200x150.jpg 200w, https:\/\/agora.xtec.cat\/escolagermanesbertomeu\/wp-content\/uploads\/usu1488\/2019\/02\/Webp.net-resizeimage.jpg 1808w\" sizes=\"auto, (max-width: 300px) 100vw, 300px\" \/><\/a>\n\t\t\t<\/dt><\/dl><dl class='gallery-item'>\n\t\t\t<dt class='gallery-icon landscape'>\n\t\t\t\t<a href='https:\/\/agora.xtec.cat\/escolagermanesbertomeu\/general\/un-mar-de-llengues\/attachment\/webp-net-resizeimage-2\/'><img loading=\"lazy\" decoding=\"async\" width=\"300\" height=\"174\" src=\"https:\/\/agora.xtec.cat\/escolagermanesbertomeu\/wp-content\/uploads\/usu1488\/2019\/02\/Webp.net-resizeimage-2-300x174.jpg\" class=\"attachment-medium size-medium\" alt=\"\" srcset=\"https:\/\/agora.xtec.cat\/escolagermanesbertomeu\/wp-content\/uploads\/usu1488\/2019\/02\/Webp.net-resizeimage-2-300x174.jpg 300w, https:\/\/agora.xtec.cat\/escolagermanesbertomeu\/wp-content\/uploads\/usu1488\/2019\/02\/Webp.net-resizeimage-2-768x446.jpg 768w, https:\/\/agora.xtec.cat\/escolagermanesbertomeu\/wp-content\/uploads\/usu1488\/2019\/02\/Webp.net-resizeimage-2-1024x595.jpg 1024w, https:\/\/agora.xtec.cat\/escolagermanesbertomeu\/wp-content\/uploads\/usu1488\/2019\/02\/Webp.net-resizeimage-2.jpg 1889w\" sizes=\"auto, (max-width: 300px) 100vw, 300px\" \/><\/a>\n\t\t\t<\/dt><\/dl><br style=\"clear: both\" \/><dl class='gallery-item'>\n\t\t\t<dt class='gallery-icon landscape'>\n\t\t\t\t<a href='https:\/\/agora.xtec.cat\/escolagermanesbertomeu\/general\/un-mar-de-llengues\/attachment\/3ca38658-d40c-4bff-a430-6ee6a27a24d2\/'><img loading=\"lazy\" decoding=\"async\" width=\"300\" height=\"225\" src=\"https:\/\/agora.xtec.cat\/escolagermanesbertomeu\/wp-content\/uploads\/usu1488\/2019\/02\/3ca38658-d40c-4bff-a430-6ee6a27a24d2-300x225.jpg\" class=\"attachment-medium size-medium\" alt=\"\" srcset=\"https:\/\/agora.xtec.cat\/escolagermanesbertomeu\/wp-content\/uploads\/usu1488\/2019\/02\/3ca38658-d40c-4bff-a430-6ee6a27a24d2-300x225.jpg 300w, https:\/\/agora.xtec.cat\/escolagermanesbertomeu\/wp-content\/uploads\/usu1488\/2019\/02\/3ca38658-d40c-4bff-a430-6ee6a27a24d2-768x576.jpg 768w, https:\/\/agora.xtec.cat\/escolagermanesbertomeu\/wp-content\/uploads\/usu1488\/2019\/02\/3ca38658-d40c-4bff-a430-6ee6a27a24d2-1024x768.jpg 1024w, https:\/\/agora.xtec.cat\/escolagermanesbertomeu\/wp-content\/uploads\/usu1488\/2019\/02\/3ca38658-d40c-4bff-a430-6ee6a27a24d2-200x150.jpg 200w, https:\/\/agora.xtec.cat\/escolagermanesbertomeu\/wp-content\/uploads\/usu1488\/2019\/02\/3ca38658-d40c-4bff-a430-6ee6a27a24d2.jpg 1600w\" sizes=\"auto, (max-width: 300px) 100vw, 300px\" \/><\/a>\n\t\t\t<\/dt><\/dl><dl class='gallery-item'>\n\t\t\t<dt class='gallery-icon landscape'>\n\t\t\t\t<a href='https:\/\/agora.xtec.cat\/escolagermanesbertomeu\/general\/un-mar-de-llengues\/attachment\/photoeditor_20190222_175238835\/'><img loading=\"lazy\" decoding=\"async\" width=\"300\" height=\"225\" src=\"https:\/\/agora.xtec.cat\/escolagermanesbertomeu\/wp-content\/uploads\/usu1488\/2019\/02\/PhotoEditor_20190222_175238835-300x225.jpg\" class=\"attachment-medium size-medium\" alt=\"\" srcset=\"https:\/\/agora.xtec.cat\/escolagermanesbertomeu\/wp-content\/uploads\/usu1488\/2019\/02\/PhotoEditor_20190222_175238835-300x225.jpg 300w, https:\/\/agora.xtec.cat\/escolagermanesbertomeu\/wp-content\/uploads\/usu1488\/2019\/02\/PhotoEditor_20190222_175238835-768x576.jpg 768w, https:\/\/agora.xtec.cat\/escolagermanesbertomeu\/wp-content\/uploads\/usu1488\/2019\/02\/PhotoEditor_20190222_175238835-1024x768.jpg 1024w, https:\/\/agora.xtec.cat\/escolagermanesbertomeu\/wp-content\/uploads\/usu1488\/2019\/02\/PhotoEditor_20190222_175238835-200x150.jpg 200w\" sizes=\"auto, (max-width: 300px) 100vw, 300px\" \/><\/a>\n\t\t\t<\/dt><\/dl><dl class='gallery-item'>\n\t\t\t<dt class='gallery-icon landscape'>\n\t\t\t\t<a href='https:\/\/agora.xtec.cat\/escolagermanesbertomeu\/general\/un-mar-de-llengues\/attachment\/d49c37c2-71d3-465b-a4fa-5e8525436d64\/'><img loading=\"lazy\" decoding=\"async\" width=\"300\" height=\"195\" src=\"https:\/\/agora.xtec.cat\/escolagermanesbertomeu\/wp-content\/uploads\/usu1488\/2019\/02\/d49c37c2-71d3-465b-a4fa-5e8525436d64-300x195.jpg\" class=\"attachment-medium size-medium\" alt=\"\" srcset=\"https:\/\/agora.xtec.cat\/escolagermanesbertomeu\/wp-content\/uploads\/usu1488\/2019\/02\/d49c37c2-71d3-465b-a4fa-5e8525436d64-300x195.jpg 300w, https:\/\/agora.xtec.cat\/escolagermanesbertomeu\/wp-content\/uploads\/usu1488\/2019\/02\/d49c37c2-71d3-465b-a4fa-5e8525436d64-768x500.jpg 768w, https:\/\/agora.xtec.cat\/escolagermanesbertomeu\/wp-content\/uploads\/usu1488\/2019\/02\/d49c37c2-71d3-465b-a4fa-5e8525436d64-1024x666.jpg 1024w, https:\/\/agora.xtec.cat\/escolagermanesbertomeu\/wp-content\/uploads\/usu1488\/2019\/02\/d49c37c2-71d3-465b-a4fa-5e8525436d64.jpg 1383w\" sizes=\"auto, (max-width: 300px) 100vw, 300px\" \/><\/a>\n\t\t\t<\/dt><\/dl><br style=\"clear: both\" \/><dl class='gallery-item'>\n\t\t\t<dt class='gallery-icon landscape'>\n\t\t\t\t<a href='https:\/\/agora.xtec.cat\/escolagermanesbertomeu\/general\/un-mar-de-llengues\/attachment\/img-20190220-wa0014\/'><img loading=\"lazy\" decoding=\"async\" width=\"300\" height=\"225\" src=\"https:\/\/agora.xtec.cat\/escolagermanesbertomeu\/wp-content\/uploads\/usu1488\/2019\/02\/IMG-20190220-WA0014-300x225.jpg\" class=\"attachment-medium size-medium\" alt=\"\" srcset=\"https:\/\/agora.xtec.cat\/escolagermanesbertomeu\/wp-content\/uploads\/usu1488\/2019\/02\/IMG-20190220-WA0014-300x225.jpg 300w, https:\/\/agora.xtec.cat\/escolagermanesbertomeu\/wp-content\/uploads\/usu1488\/2019\/02\/IMG-20190220-WA0014-768x576.jpg 768w, https:\/\/agora.xtec.cat\/escolagermanesbertomeu\/wp-content\/uploads\/usu1488\/2019\/02\/IMG-20190220-WA0014-1024x768.jpg 1024w, https:\/\/agora.xtec.cat\/escolagermanesbertomeu\/wp-content\/uploads\/usu1488\/2019\/02\/IMG-20190220-WA0014-200x150.jpg 200w, https:\/\/agora.xtec.cat\/escolagermanesbertomeu\/wp-content\/uploads\/usu1488\/2019\/02\/IMG-20190220-WA0014.jpg 1600w\" sizes=\"auto, (max-width: 300px) 100vw, 300px\" \/><\/a>\n\t\t\t<\/dt><\/dl><dl class='gallery-item'>\n\t\t\t<dt class='gallery-icon landscape'>\n\t\t\t\t<a href='https:\/\/agora.xtec.cat\/escolagermanesbertomeu\/general\/un-mar-de-llengues\/attachment\/5357e372-f0be-4656-b287-0a00d1a06b44\/'><img loading=\"lazy\" decoding=\"async\" width=\"300\" height=\"169\" src=\"https:\/\/agora.xtec.cat\/escolagermanesbertomeu\/wp-content\/uploads\/usu1488\/2019\/02\/5357e372-f0be-4656-b287-0a00d1a06b44-300x169.jpg\" class=\"attachment-medium size-medium\" alt=\"\" srcset=\"https:\/\/agora.xtec.cat\/escolagermanesbertomeu\/wp-content\/uploads\/usu1488\/2019\/02\/5357e372-f0be-4656-b287-0a00d1a06b44-300x169.jpg 300w, https:\/\/agora.xtec.cat\/escolagermanesbertomeu\/wp-content\/uploads\/usu1488\/2019\/02\/5357e372-f0be-4656-b287-0a00d1a06b44-768x432.jpg 768w, https:\/\/agora.xtec.cat\/escolagermanesbertomeu\/wp-content\/uploads\/usu1488\/2019\/02\/5357e372-f0be-4656-b287-0a00d1a06b44-1024x576.jpg 1024w, https:\/\/agora.xtec.cat\/escolagermanesbertomeu\/wp-content\/uploads\/usu1488\/2019\/02\/5357e372-f0be-4656-b287-0a00d1a06b44.jpg 1600w\" sizes=\"auto, (max-width: 300px) 100vw, 300px\" \/><\/a>\n\t\t\t<\/dt><\/dl>\n\t\t\t<br style='clear: both' \/>\n\t\t<\/div>\n\n","protected":false},"excerpt":{"rendered":"<p>El dia 21 de febrer \u00e9s el Dia Internacional de les Lleng\u00fces Maternes.\u00a0 Al llarg d&#8217;aquesta setmana, s&#8217;han realitzat a l&#8217;escola diferents activitats per tal de celebrar-lo. Cada nen i nena de l&#8217;escola ha escrit,\u00a0amb l&#8217;ajut dels seus familiars, una paraula en alguna de les&hellip;  <a href=\"https:\/\/agora.xtec.cat\/escolagermanesbertomeu\/general\/un-mar-de-llengues\/\" title=\"Read Un Mar de Lleng\u00fces\">Llegeix m\u00e9s\u00bb<\/a><\/p>\n","protected":false},"author":1,"featured_media":1545,"comment_status":"open","ping_status":"closed","sticky":false,"template":"","format":"standard","meta":{"_bbp_topic_count":0,"_bbp_reply_count":0,"_bbp_total_topic_count":0,"_bbp_total_reply_count":0,"_bbp_voice_count":0,"_bbp_anonymous_reply_count":0,"_bbp_topic_count_hidden":0,"_bbp_reply_count_hidden":0,"_bbp_forum_subforum_count":0,"footnotes":""},"categories":[1,4],"tags":[],"class_list":["post-1538","post","type-post","status-publish","format-standard","has-post-thumbnail","hentry","category-general","category-portada"],"post_mailing_queue_ids":[],"_links":{"self":[{"href":"https:\/\/agora.xtec.cat\/escolagermanesbertomeu\/wp-json\/wp\/v2\/posts\/1538","targetHints":{"allow":["GET"]}}],"collection":[{"href":"https:\/\/agora.xtec.cat\/escolagermanesbertomeu\/wp-json\/wp\/v2\/posts"}],"about":[{"href":"https:\/\/agora.xtec.cat\/escolagermanesbertomeu\/wp-json\/wp\/v2\/types\/post"}],"author":[{"embeddable":true,"href":"https:\/\/agora.xtec.cat\/escolagermanesbertomeu\/wp-json\/wp\/v2\/users\/1"}],"replies":[{"embeddable":true,"href":"https:\/\/agora.xtec.cat\/escolagermanesbertomeu\/wp-json\/wp\/v2\/comments?post=1538"}],"version-history":[{"count":3,"href":"https:\/\/agora.xtec.cat\/escolagermanesbertomeu\/wp-json\/wp\/v2\/posts\/1538\/revisions"}],"predecessor-version":[{"id":1562,"href":"https:\/\/agora.xtec.cat\/escolagermanesbertomeu\/wp-json\/wp\/v2\/posts\/1538\/revisions\/1562"}],"wp:featuredmedia":[{"embeddable":true,"href":"https:\/\/agora.xtec.cat\/escolagermanesbertomeu\/wp-json\/wp\/v2\/media\/1545"}],"wp:attachment":[{"href":"https:\/\/agora.xtec.cat\/escolagermanesbertomeu\/wp-json\/wp\/v2\/media?parent=1538"}],"wp:term":[{"taxonomy":"category","embeddable":true,"href":"https:\/\/agora.xtec.cat\/escolagermanesbertomeu\/wp-json\/wp\/v2\/categories?post=1538"},{"taxonomy":"post_tag","embeddable":true,"href":"https:\/\/agora.xtec.cat\/escolagermanesbertomeu\/wp-json\/wp\/v2\/tags?post=1538"}],"curies":[{"name":"wp","href":"https:\/\/api.w.org\/{rel}","templated":true}]}}