{"id":1494,"date":"2018-12-17T14:49:23","date_gmt":"2018-12-17T13:49:23","guid":{"rendered":"http:\/\/agora.xtec.cat\/escolagermanesbertomeu\/?p=1494"},"modified":"2018-12-17T15:06:30","modified_gmt":"2018-12-17T14:06:30","slug":"llibres-i-activitats-per-nadal","status":"publish","type":"post","link":"https:\/\/agora.xtec.cat\/escolagermanesbertomeu\/general\/llibres-i-activitats-per-nadal\/","title":{"rendered":"Llibres i activitats per Nadal"},"content":{"rendered":"<p>GUIA DE LLIBRES PER NADAL<br \/>\nEl Nadal \u00e9s un bon moment per pensar en un llibre com un regal perfecte pels vostres fills i filles.<br \/>\nAqu\u00ed us deixem aquesta petita guia per orientar-vos i ajudar-vos a escollir. S\u00f3n llibres que ens agraden i els volem compartir amb tots vosaltres.<br \/>\nHi trobareu tamb\u00e9 alguns dels &#8220;llibres de sempre&#8221;, aquells que han esdevingut cl\u00e0ssics i que els vostres fills i filles no s&#8217;haurien de perdre.<br \/>\nBon Nadal!<\/p>\n<div class=\"container-wrapper-genially\" style=\"min-height: 400px;max-width: 100%\"><img decoding=\"async\" src=\"https:\/\/genially.blob.core.windows.net\/genially\/version3.0\/loader.gif\" class=\"loader-genially\" style=\"margin-top: auto;margin-right: auto;margin-bottom: auto;margin-left: auto;width: 80px;height: 80px\" \/><\/p>\n<div id=\"5c0b9928d40beb01fe8e096c\" class=\"genially-embed\" style=\"margin: 0px auto;height: auto;width: 100%\"><\/div>\n<\/div>\n<p><script>(function (d) { var js, id = \"genially-embed-js\", ref = d.getElementsByTagName(\"script\")[0]; if (d.getElementById(id)) { return; } js = d.createElement(\"script\"); js.id = id; js.async = true; js.src = \"https:\/\/view.genial.ly\/static\/embed\/embed.js\"; ref.parentNode.insertBefore(js, ref); }(document));<\/script><\/p>\n<p>ACTIVITATS A LES BIBLIOTEQUES<\/p>\n<p>Nois, noies, pares, mares, fam\u00edlia i amics, aqu\u00ed teniu la programaci\u00f3 de les activitats de les biblioteques p\u00fabliques per aquest Nadal.<br \/>\nTallers, contes, pel\u00b7l\u00edcules&#8230; i molt m\u00e9s.<br \/>\nNo us ho perdeu!<\/p>\n<p><a href=\"https:\/\/www.butlletinsxbm.cat\/Butlleti\/Butlleti.aspx?But_Id=3666&amp;XUrb_Id=9\"><img loading=\"lazy\" decoding=\"async\" class=\"alignleft wp-image-4352\" src=\"http:\/\/blocs.xtec.cat\/ceipgermanesbertomeubiblioteca\/files\/2018\/12\/nadal-biblioteques-matar\u00f3.jpg\" alt=\"\" width=\"425\" height=\"302\" \/><\/a><\/p>\n","protected":false},"excerpt":{"rendered":"<p>GUIA DE LLIBRES PER NADAL<br \/>\nEl Nadal \u00e9s un bon moment per pensar en un llibre com un regal perfecte pels vostres fills i filles.<br \/>\nAqu\u00ed us deixem aquesta petita guia per orientar-vos i ajudar-vos a escollir. S\u00f3n llibres que ens agraden i els volem compartir amb&hellip;  <a href=\"https:\/\/agora.xtec.cat\/escolagermanesbertomeu\/general\/llibres-i-activitats-per-nadal\/\" title=\"Read Llibres i activitats per Nadal\">Llegeix m\u00e9s\u00bb<\/a><\/p>\n","protected":false},"author":15,"featured_media":1495,"comment_status":"open","ping_status":"closed","sticky":false,"template":"","format":"standard","meta":{"_bbp_topic_count":0,"_bbp_reply_count":0,"_bbp_total_topic_count":0,"_bbp_total_reply_count":0,"_bbp_voice_count":0,"_bbp_anonymous_reply_count":0,"_bbp_topic_count_hidden":0,"_bbp_reply_count_hidden":0,"_bbp_forum_subforum_count":0,"footnotes":""},"categories":[56,1],"tags":[90,88],"class_list":["post-1494","post","type-post","status-publish","format-standard","has-post-thumbnail","hentry","category-biblioteca","category-general","tag-biblioteca","tag-general"],"post_mailing_queue_ids":[],"_links":{"self":[{"href":"https:\/\/agora.xtec.cat\/escolagermanesbertomeu\/wp-json\/wp\/v2\/posts\/1494","targetHints":{"allow":["GET"]}}],"collection":[{"href":"https:\/\/agora.xtec.cat\/escolagermanesbertomeu\/wp-json\/wp\/v2\/posts"}],"about":[{"href":"https:\/\/agora.xtec.cat\/escolagermanesbertomeu\/wp-json\/wp\/v2\/types\/post"}],"author":[{"embeddable":true,"href":"https:\/\/agora.xtec.cat\/escolagermanesbertomeu\/wp-json\/wp\/v2\/users\/15"}],"replies":[{"embeddable":true,"href":"https:\/\/agora.xtec.cat\/escolagermanesbertomeu\/wp-json\/wp\/v2\/comments?post=1494"}],"version-history":[{"count":3,"href":"https:\/\/agora.xtec.cat\/escolagermanesbertomeu\/wp-json\/wp\/v2\/posts\/1494\/revisions"}],"predecessor-version":[{"id":1502,"href":"https:\/\/agora.xtec.cat\/escolagermanesbertomeu\/wp-json\/wp\/v2\/posts\/1494\/revisions\/1502"}],"wp:featuredmedia":[{"embeddable":true,"href":"https:\/\/agora.xtec.cat\/escolagermanesbertomeu\/wp-json\/wp\/v2\/media\/1495"}],"wp:attachment":[{"href":"https:\/\/agora.xtec.cat\/escolagermanesbertomeu\/wp-json\/wp\/v2\/media?parent=1494"}],"wp:term":[{"taxonomy":"category","embeddable":true,"href":"https:\/\/agora.xtec.cat\/escolagermanesbertomeu\/wp-json\/wp\/v2\/categories?post=1494"},{"taxonomy":"post_tag","embeddable":true,"href":"https:\/\/agora.xtec.cat\/escolagermanesbertomeu\/wp-json\/wp\/v2\/tags?post=1494"}],"curies":[{"name":"wp","href":"https:\/\/api.w.org\/{rel}","templated":true}]}}