{"id":1486,"date":"2018-12-14T15:22:07","date_gmt":"2018-12-14T14:22:07","guid":{"rendered":"http:\/\/agora.xtec.cat\/escolagermanesbertomeu\/?p=1486"},"modified":"2018-12-14T15:35:01","modified_gmt":"2018-12-14T14:35:01","slug":"bertociencies-a-1r","status":"publish","type":"post","link":"https:\/\/agora.xtec.cat\/escolagermanesbertomeu\/general\/bertociencies-a-1r\/","title":{"rendered":"Bertoci\u00e8ncies a 1r"},"content":{"rendered":"<p>Cada any, l\u2019escola celebra el dia internacional de la ci\u00e8ncia (10 de novembre) encarregant a les aules la realitzaci\u00f3 d\u2019un experiment. Posteriorment, es documenta el proc\u00e9s i s\u2019organitza una mostra que es pot visitar dirigida a les fam\u00edlies i a la resta de la comunitat educativa de cadascuna de les experi\u00e8ncies: \u00e9s el que anomenem BERTOCI\u00c8NCIES.<\/p>\n<p>Els alumnes de 1r s&#8217;han plantejat com \u00e9s i com es comporta l&#8217;aire, q\u00fcestions que han anat resolent amb tota una bateria de senzills experiments que podeu observar tot clicant a les icones del seg\u00fcent enlla\u00e7:<\/p>\n<p>&nbsp;<\/p>\n<p><a href=\"https:\/\/view.genial.ly\/5bf6bd4adf566c01aea254da\/bertociencies-laire\"><img loading=\"lazy\" decoding=\"async\" class=\"alignnone wp-image-727\" src=\"https:\/\/agora.xtec.cat\/escolagermanesbertomeu\/wp-content\/uploads\/usu1488\/2017\/03\/baixa.jpg\" sizes=\"auto, (max-width: 101px) 100vw, 101px\" srcset=\"https:\/\/agora.xtec.cat\/escolagermanesbertomeu\/wp-content\/uploads\/usu1488\/2017\/03\/baixa.jpg 225w, https:\/\/agora.xtec.cat\/escolagermanesbertomeu\/wp-content\/uploads\/usu1488\/2017\/03\/baixa-150x150.jpg 150w\" alt=\"\" width=\"101\" height=\"101\" \/><\/a><\/p>\n","protected":false},"excerpt":{"rendered":"<p>Cada any, l\u2019escola celebra el dia internacional de la ci\u00e8ncia (10 de novembre) encarregant a les aules la realitzaci\u00f3 d\u2019un experiment. Posteriorment, es documenta el proc\u00e9s i s\u2019organitza una mostra que es pot visitar dirigida a les fam\u00edlies i a la resta de la comunitat&hellip;  <a href=\"https:\/\/agora.xtec.cat\/escolagermanesbertomeu\/general\/bertociencies-a-1r\/\" title=\"Read Bertoci\u00e8ncies a 1r\">Llegeix m\u00e9s\u00bb<\/a><\/p>\n","protected":false},"author":1,"featured_media":1487,"comment_status":"open","ping_status":"closed","sticky":false,"template":"","format":"standard","meta":{"_bbp_topic_count":0,"_bbp_reply_count":0,"_bbp_total_topic_count":0,"_bbp_total_reply_count":0,"_bbp_voice_count":0,"_bbp_anonymous_reply_count":0,"_bbp_topic_count_hidden":0,"_bbp_reply_count_hidden":0,"_bbp_forum_subforum_count":0,"footnotes":""},"categories":[9,1,4],"tags":[86,82,88,107],"class_list":["post-1486","post","type-post","status-publish","format-standard","has-post-thumbnail","hentry","category-1r","category-general","category-portada","tag-bertociencies","tag-documentacio","tag-general","tag-promocio-2015-2024"],"post_mailing_queue_ids":[],"_links":{"self":[{"href":"https:\/\/agora.xtec.cat\/escolagermanesbertomeu\/wp-json\/wp\/v2\/posts\/1486","targetHints":{"allow":["GET"]}}],"collection":[{"href":"https:\/\/agora.xtec.cat\/escolagermanesbertomeu\/wp-json\/wp\/v2\/posts"}],"about":[{"href":"https:\/\/agora.xtec.cat\/escolagermanesbertomeu\/wp-json\/wp\/v2\/types\/post"}],"author":[{"embeddable":true,"href":"https:\/\/agora.xtec.cat\/escolagermanesbertomeu\/wp-json\/wp\/v2\/users\/1"}],"replies":[{"embeddable":true,"href":"https:\/\/agora.xtec.cat\/escolagermanesbertomeu\/wp-json\/wp\/v2\/comments?post=1486"}],"version-history":[{"count":2,"href":"https:\/\/agora.xtec.cat\/escolagermanesbertomeu\/wp-json\/wp\/v2\/posts\/1486\/revisions"}],"predecessor-version":[{"id":1489,"href":"https:\/\/agora.xtec.cat\/escolagermanesbertomeu\/wp-json\/wp\/v2\/posts\/1486\/revisions\/1489"}],"wp:featuredmedia":[{"embeddable":true,"href":"https:\/\/agora.xtec.cat\/escolagermanesbertomeu\/wp-json\/wp\/v2\/media\/1487"}],"wp:attachment":[{"href":"https:\/\/agora.xtec.cat\/escolagermanesbertomeu\/wp-json\/wp\/v2\/media?parent=1486"}],"wp:term":[{"taxonomy":"category","embeddable":true,"href":"https:\/\/agora.xtec.cat\/escolagermanesbertomeu\/wp-json\/wp\/v2\/categories?post=1486"},{"taxonomy":"post_tag","embeddable":true,"href":"https:\/\/agora.xtec.cat\/escolagermanesbertomeu\/wp-json\/wp\/v2\/tags?post=1486"}],"curies":[{"name":"wp","href":"https:\/\/api.w.org\/{rel}","templated":true}]}}