{"id":1482,"date":"2018-12-10T16:15:35","date_gmt":"2018-12-10T15:15:35","guid":{"rendered":"http:\/\/agora.xtec.cat\/escolagermanesbertomeu\/?p=1482"},"modified":"2018-12-10T16:15:35","modified_gmt":"2018-12-10T15:15:35","slug":"bertociencies-a-6e","status":"publish","type":"post","link":"https:\/\/agora.xtec.cat\/escolagermanesbertomeu\/general\/bertociencies-a-6e\/","title":{"rendered":"Bertoci\u00e8ncies a 6\u00e8"},"content":{"rendered":"<p>Cada any, l&#8217;escola celebra el dia internacional de la ci\u00e8ncia (10 de novembre) encarregant a les aules la realitzaci\u00f3 d&#8217;un experiment. Posteriorment, es documenta el proc\u00e9s i s&#8217;organitza una mostra que es pot visitar dirigida a les fam\u00edlies i a la resta de la comunitat educativa de cadascuna de les experi\u00e8ncies: \u00e9s el que anomenem BERTOCI\u00c8NCIES.<\/p>\n<p>Els alumnes de 6\u00e8 han treballat al voltant de la pressi\u00f3 atmosf\u00e8rica, plantejant-se dos interrogants. El primer:\u00a0<em>qu\u00e8 li passa a una flama quan se la cobreix amb un recipient?<\/em>\u00a0I posteriorment: <em>si envoltem una espelma encesa amb un recipient que cont\u00e9 aigua, qu\u00e8 succeir\u00e0 en tapar-ho tot?\u00a0<\/em><\/p>\n<p>Aplicant el m\u00e8tode cient\u00edfic i, tot compartint amb els companys les pr\u00f2pies observacions, es generen debats molt enriquidors al voltant del tema que finalment acaben amb la demostraci\u00f3 emp\u00edrica de la hip\u00f2tesis de treball (conclusions).<\/p>\n<p><a href=\"https:\/\/drive.google.com\/file\/d\/13e9jeUeiq6SQyhGJnDegkDMjOUJlMF6L\/view?usp=sharing\"><img loading=\"lazy\" decoding=\"async\" class=\"alignnone  wp-image-727\" src=\"https:\/\/agora.xtec.cat\/escolagermanesbertomeu\/wp-content\/uploads\/usu1488\/2017\/03\/baixa.jpg\" alt=\"\" width=\"101\" height=\"101\" srcset=\"https:\/\/agora.xtec.cat\/escolagermanesbertomeu\/wp-content\/uploads\/usu1488\/2017\/03\/baixa.jpg 225w, https:\/\/agora.xtec.cat\/escolagermanesbertomeu\/wp-content\/uploads\/usu1488\/2017\/03\/baixa-150x150.jpg 150w\" sizes=\"auto, (max-width: 101px) 100vw, 101px\" \/><\/a><\/p>\n","protected":false},"excerpt":{"rendered":"<p>Cada any, l&#8217;escola celebra el dia internacional de la ci\u00e8ncia (10 de novembre) encarregant a les aules la realitzaci\u00f3 d&#8217;un experiment. Posteriorment, es documenta el proc\u00e9s i s&#8217;organitza una mostra que es pot visitar dirigida a les fam\u00edlies i a la resta de la comunitat&hellip;  <a href=\"https:\/\/agora.xtec.cat\/escolagermanesbertomeu\/general\/bertociencies-a-6e\/\" title=\"Read Bertoci\u00e8ncies a 6\u00e8\">Llegeix m\u00e9s\u00bb<\/a><\/p>\n","protected":false},"author":1,"featured_media":1483,"comment_status":"open","ping_status":"closed","sticky":false,"template":"","format":"standard","meta":{"_bbp_topic_count":0,"_bbp_reply_count":0,"_bbp_total_topic_count":0,"_bbp_total_reply_count":0,"_bbp_voice_count":0,"_bbp_anonymous_reply_count":0,"_bbp_topic_count_hidden":0,"_bbp_reply_count_hidden":0,"_bbp_forum_subforum_count":0,"footnotes":""},"categories":[14,1],"tags":[82,104],"class_list":["post-1482","post","type-post","status-publish","format-standard","has-post-thumbnail","hentry","category-6e","category-general","tag-documentacio","tag-promocio-2009-2018"],"post_mailing_queue_ids":[],"_links":{"self":[{"href":"https:\/\/agora.xtec.cat\/escolagermanesbertomeu\/wp-json\/wp\/v2\/posts\/1482","targetHints":{"allow":["GET"]}}],"collection":[{"href":"https:\/\/agora.xtec.cat\/escolagermanesbertomeu\/wp-json\/wp\/v2\/posts"}],"about":[{"href":"https:\/\/agora.xtec.cat\/escolagermanesbertomeu\/wp-json\/wp\/v2\/types\/post"}],"author":[{"embeddable":true,"href":"https:\/\/agora.xtec.cat\/escolagermanesbertomeu\/wp-json\/wp\/v2\/users\/1"}],"replies":[{"embeddable":true,"href":"https:\/\/agora.xtec.cat\/escolagermanesbertomeu\/wp-json\/wp\/v2\/comments?post=1482"}],"version-history":[{"count":1,"href":"https:\/\/agora.xtec.cat\/escolagermanesbertomeu\/wp-json\/wp\/v2\/posts\/1482\/revisions"}],"predecessor-version":[{"id":1484,"href":"https:\/\/agora.xtec.cat\/escolagermanesbertomeu\/wp-json\/wp\/v2\/posts\/1482\/revisions\/1484"}],"wp:featuredmedia":[{"embeddable":true,"href":"https:\/\/agora.xtec.cat\/escolagermanesbertomeu\/wp-json\/wp\/v2\/media\/1483"}],"wp:attachment":[{"href":"https:\/\/agora.xtec.cat\/escolagermanesbertomeu\/wp-json\/wp\/v2\/media?parent=1482"}],"wp:term":[{"taxonomy":"category","embeddable":true,"href":"https:\/\/agora.xtec.cat\/escolagermanesbertomeu\/wp-json\/wp\/v2\/categories?post=1482"},{"taxonomy":"post_tag","embeddable":true,"href":"https:\/\/agora.xtec.cat\/escolagermanesbertomeu\/wp-json\/wp\/v2\/tags?post=1482"}],"curies":[{"name":"wp","href":"https:\/\/api.w.org\/{rel}","templated":true}]}}