{"id":1411,"date":"2018-11-13T10:40:22","date_gmt":"2018-11-13T09:40:22","guid":{"rendered":"http:\/\/agora.xtec.cat\/escolagermanesbertomeu\/?p=1411"},"modified":"2018-11-21T17:25:02","modified_gmt":"2018-11-21T16:25:02","slug":"mandala-de-la-tardor","status":"publish","type":"post","link":"https:\/\/agora.xtec.cat\/escolagermanesbertomeu\/general\/mandala-de-la-tardor\/","title":{"rendered":"MANDALA DE LA TARDOR"},"content":{"rendered":"<p>Amb el canvi d\u2019estaci\u00f3 el nostre entorn es transforma. De vegades des de la ciutat \u00e9s m\u00e9s dif\u00edcil apreciar aquests canvis perqu\u00e8 els edificis, els carrers, els cotxes continuen igual&#8230; per\u00f2 si observem la natura, si podem anar als boscos o parcs que ens envolten podrem comen\u00e7ar a notar que tot canvia: els colors, la forma, les olors&#8230;.<\/p>\n<p>Els arbres comencen a transformar-se, per exemple les fulles\u00a0 verdes de les moreres del pati\u00a0 comencen\u00a0 a\u00a0 esgrogueir-se i caure al terra, l\u2019arbo\u00e7 que tenim\u00a0 a l\u2019escola es plena de cireretes de pastor regalant-nos tot un espectacle de colors: grogues al n\u00e9ixer, taronges al cr\u00e9ixer\u00a0 i vermelles quan el fruit ja \u00e9s ben dol\u00e7 i es pot menjar. Els pins, al ser perennifolis, continuen amb les seves fulles punxegudes penjant de l\u2019arbre per\u00f2 d\u2019un\u00a0 color verd m\u00e9s fosc, i les pinyes ja madures van caient a la tardor. \u00a0Com ens agrada quan venim a l\u2019escola trepitjant els centenars de fulles seques de\u00a0 plataner que hi ha pel terra, el seu creck-creck \u00e9s tota una del\u00edcia.<\/p>\n<p>Tots aquests canvis s\u00f3n els que podem apreciar cam\u00ed a l\u2019escola o al nostre pati gr\u00e0cies als arbres que ens envolten. Per ampliar la nostra mirada a tot el que passa durant la tardor, v\u00e0rem anar al bosc del Corredor, el bosc de les muntanyes que rodegen Matar\u00f3. I all\u00ed fent un passeig v\u00e0rem recollir fulles, fruits i flors dels arbres i arbusts t\u00edpics de la Serralada Litoral Catalana.<\/p>\n<p><a href=\"https:\/\/agora.xtec.cat\/escolagermanesbertomeu\/wp-content\/uploads\/usu1488\/2018\/11\/bosc-tardor.jpg\"><img loading=\"lazy\" decoding=\"async\" class=\"size-full wp-image-1418 aligncenter\" src=\"https:\/\/agora.xtec.cat\/escolagermanesbertomeu\/wp-content\/uploads\/usu1488\/2018\/11\/bosc-tardor.jpg\" alt=\"\" width=\"400\" height=\"640\" srcset=\"https:\/\/agora.xtec.cat\/escolagermanesbertomeu\/wp-content\/uploads\/usu1488\/2018\/11\/bosc-tardor.jpg 400w, https:\/\/agora.xtec.cat\/escolagermanesbertomeu\/wp-content\/uploads\/usu1488\/2018\/11\/bosc-tardor-188x300.jpg 188w\" sizes=\"auto, (max-width: 400px) 100vw, 400px\" \/><\/a><\/p>\n<p>&nbsp;<\/p>\n<p>Del bosc\u00a0 v\u00e0rem recollir les fulles d\u2019aquests arbres:\u00a0 alzina, roure, pollancre i aur\u00f3, i tamb\u00e9 fulles d\u2019arbusts i matolls com el marfull, la falguera, l\u2019heura, el ra\u00efm de moro, el ripoll i la llun\u00e0ria. Dels arbres de l\u2019escola i dels carrers del seu voltant v\u00e0rem recollir fulles de plataner, pi,\u00a0 morera, sapindal i els fruits de l\u2019arbre de botella.<\/p>\n<p>Amb tot aquest material ens vam plantejar fer ART-NATURA, crear un mandala amb elements naturals. El mandala \u00e9s un dibuix circular que es crea a partir d\u2019un centre i que es va ampliant geom\u00e8trica\u00a0 i sim\u00e8tricament cap enfora. Segueix un patr\u00f3 de creixement t\u00edpic de l\u2019univers i la naturalesa, un creixement fractal.<\/p>\n<p>Els i les alumnes de cicle superior, 5\u00e8 i 6\u00e8, i sobretot els que assisteixen a l\u2019aula d\u2019acollida, varen fer aquest mandala que veieu a les fotos amb totes les fulles del bosc. Tots podien aportar la seva creativitat en com disposar les fulles i fruits, nom\u00e9s hi havia 2 regles: comen\u00e7ar fent un centre i fer cr\u00e9ixer el mandala circularment, de manera sim\u00e8trica i cap enfora.<\/p>\n<p>&nbsp;<\/p>\n<p><img loading=\"lazy\" decoding=\"async\" class=\"wp-image-1412 aligncenter\" src=\"https:\/\/agora.xtec.cat\/escolagermanesbertomeu\/wp-content\/uploads\/usu1488\/2018\/11\/centre-mandala.jpg\" alt=\"\" width=\"383\" height=\"412\" srcset=\"https:\/\/agora.xtec.cat\/escolagermanesbertomeu\/wp-content\/uploads\/usu1488\/2018\/11\/centre-mandala.jpg 480w, https:\/\/agora.xtec.cat\/escolagermanesbertomeu\/wp-content\/uploads\/usu1488\/2018\/11\/centre-mandala-279x300.jpg 279w\" sizes=\"auto, (max-width: 383px) 100vw, 383px\" \/><\/p>\n<p>&nbsp;<\/p>\n<p><a href=\"https:\/\/agora.xtec.cat\/escolagermanesbertomeu\/wp-content\/uploads\/usu1488\/2018\/11\/nens-mandala.jpg\"><img loading=\"lazy\" decoding=\"async\" class=\"wp-image-1415 alignleft\" src=\"https:\/\/agora.xtec.cat\/escolagermanesbertomeu\/wp-content\/uploads\/usu1488\/2018\/11\/nens-mandala.jpg\" alt=\"\" width=\"474\" height=\"390\" srcset=\"https:\/\/agora.xtec.cat\/escolagermanesbertomeu\/wp-content\/uploads\/usu1488\/2018\/11\/nens-mandala.jpg 583w, https:\/\/agora.xtec.cat\/escolagermanesbertomeu\/wp-content\/uploads\/usu1488\/2018\/11\/nens-mandala-300x247.jpg 300w\" sizes=\"auto, (max-width: 474px) 100vw, 474px\" \/><\/a><a href=\"https:\/\/agora.xtec.cat\/escolagermanesbertomeu\/wp-content\/uploads\/usu1488\/2018\/11\/mamadou-mandala.jpg\"><img loading=\"lazy\" decoding=\"async\" class=\"wp-image-1413 alignright\" src=\"https:\/\/agora.xtec.cat\/escolagermanesbertomeu\/wp-content\/uploads\/usu1488\/2018\/11\/mamadou-mandala.jpg\" alt=\"\" width=\"518\" height=\"389\" srcset=\"https:\/\/agora.xtec.cat\/escolagermanesbertomeu\/wp-content\/uploads\/usu1488\/2018\/11\/mamadou-mandala.jpg 640w, https:\/\/agora.xtec.cat\/escolagermanesbertomeu\/wp-content\/uploads\/usu1488\/2018\/11\/mamadou-mandala-300x225.jpg 300w, https:\/\/agora.xtec.cat\/escolagermanesbertomeu\/wp-content\/uploads\/usu1488\/2018\/11\/mamadou-mandala-200x150.jpg 200w\" sizes=\"auto, (max-width: 518px) 100vw, 518px\" \/><\/a><\/p>\n<p>&nbsp;<\/p>\n<p>&nbsp;<\/p>\n<p>&nbsp;<\/p>\n<p>&nbsp;<\/p>\n<p>&nbsp;<\/p>\n<p>&nbsp;<\/p>\n<p>&nbsp;<\/p>\n<p>&nbsp;<\/p>\n<p>&nbsp;<\/p>\n<p><a href=\"https:\/\/agora.xtec.cat\/escolagermanesbertomeu\/wp-content\/uploads\/usu1488\/2018\/11\/mandala-complet.jpg\"><img loading=\"lazy\" decoding=\"async\" class=\"size-full wp-image-1414 aligncenter\" src=\"https:\/\/agora.xtec.cat\/escolagermanesbertomeu\/wp-content\/uploads\/usu1488\/2018\/11\/mandala-complet.jpg\" alt=\"\" width=\"640\" height=\"480\" srcset=\"https:\/\/agora.xtec.cat\/escolagermanesbertomeu\/wp-content\/uploads\/usu1488\/2018\/11\/mandala-complet.jpg 640w, https:\/\/agora.xtec.cat\/escolagermanesbertomeu\/wp-content\/uploads\/usu1488\/2018\/11\/mandala-complet-300x225.jpg 300w, https:\/\/agora.xtec.cat\/escolagermanesbertomeu\/wp-content\/uploads\/usu1488\/2018\/11\/mandala-complet-200x150.jpg 200w\" sizes=\"auto, (max-width: 640px) 100vw, 640px\" \/><\/a><\/p>\n<p>&nbsp;<\/p>\n<p><a href=\"https:\/\/agora.xtec.cat\/escolagermanesbertomeu\/wp-content\/uploads\/usu1488\/2018\/11\/flor.jpg\"><img loading=\"lazy\" decoding=\"async\" class=\" wp-image-1423 aligncenter\" src=\"https:\/\/agora.xtec.cat\/escolagermanesbertomeu\/wp-content\/uploads\/usu1488\/2018\/11\/flor.jpg\" alt=\"\" width=\"308\" height=\"411\" srcset=\"https:\/\/agora.xtec.cat\/escolagermanesbertomeu\/wp-content\/uploads\/usu1488\/2018\/11\/flor.jpg 480w, https:\/\/agora.xtec.cat\/escolagermanesbertomeu\/wp-content\/uploads\/usu1488\/2018\/11\/flor-225x300.jpg 225w\" sizes=\"auto, (max-width: 308px) 100vw, 308px\" \/><\/a><\/p>\n<p>&nbsp;<\/p>\n<p>Un cop fet el mandala, amb l\u2019ajut d\u2019un llibre sobre la flora del Parc Natural del Corredor Montnegre i internet, els i les alumnes varen identificar a quin arbre pertanyia cada fulla que v\u00e0rem utilitzar. Nom\u00e9s se\u2019ns va resistir el fruit d\u2019un arbre que tenim plantat davant l\u2019escola, no pod\u00edem trobar el nom de l\u2019arbre de cap de les maneres. Finalment se\u2019ns va oc\u00f3rrer trucar al responsable de Parcs i Jardins de l\u2019Ajuntament de Matar\u00f3, i ell molt amablement ens va dir el seu nom cient\u00edfic. Com el jardiner no recordava el nom com\u00fa de l\u2019arbre, escrivint el nom en llat\u00ed, ja ens va apar\u00e8ixer el seu nom en catal\u00e0: el sapindal. Quina alegria haver completat la identificaci\u00f3 de totes les fulles, flors, i fruits!!!!<\/p>\n<p>&nbsp;<\/p>\n<p><a href=\"https:\/\/agora.xtec.cat\/escolagermanesbertomeu\/wp-content\/uploads\/usu1488\/2018\/11\/fulles-1.jpg\"><img loading=\"lazy\" decoding=\"async\" class=\"size-full wp-image-1421 alignleft\" src=\"https:\/\/agora.xtec.cat\/escolagermanesbertomeu\/wp-content\/uploads\/usu1488\/2018\/11\/fulles-1.jpg\" alt=\"\" width=\"410\" height=\"640\" srcset=\"https:\/\/agora.xtec.cat\/escolagermanesbertomeu\/wp-content\/uploads\/usu1488\/2018\/11\/fulles-1.jpg 410w, https:\/\/agora.xtec.cat\/escolagermanesbertomeu\/wp-content\/uploads\/usu1488\/2018\/11\/fulles-1-192x300.jpg 192w\" sizes=\"auto, (max-width: 410px) 100vw, 410px\" \/><\/a><a href=\"https:\/\/agora.xtec.cat\/escolagermanesbertomeu\/wp-content\/uploads\/usu1488\/2018\/11\/fulles2.jpg\"><img loading=\"lazy\" decoding=\"async\" class=\"size-full wp-image-1422 alignright\" src=\"https:\/\/agora.xtec.cat\/escolagermanesbertomeu\/wp-content\/uploads\/usu1488\/2018\/11\/fulles2.jpg\" alt=\"\" width=\"403\" height=\"640\" srcset=\"https:\/\/agora.xtec.cat\/escolagermanesbertomeu\/wp-content\/uploads\/usu1488\/2018\/11\/fulles2.jpg 403w, https:\/\/agora.xtec.cat\/escolagermanesbertomeu\/wp-content\/uploads\/usu1488\/2018\/11\/fulles2-189x300.jpg 189w\" sizes=\"auto, (max-width: 403px) 100vw, 403px\" \/><\/a><\/p>\n<p>&nbsp;<\/p>\n<p>&nbsp;<\/p>\n<p>&nbsp;<\/p>\n<p>&nbsp;<\/p>\n<p>&nbsp;<\/p>\n<p>&nbsp;<\/p>\n<p>&nbsp;<\/p>\n<p>&nbsp;<\/p>\n<p>&nbsp;<\/p>\n<p>&nbsp;<\/p>\n<p>&nbsp;<\/p>\n<p>&nbsp;<\/p>\n<p>&nbsp;<\/p>\n<p>&nbsp;<\/p>\n<p>&nbsp;<\/p>\n<p>&nbsp;<\/p>\n<p>Va ser una experi\u00e8ncia bonica i enriquidora, on v\u00e0rem aprendre moltes coses de la natura que ens envolta!!!<\/p>\n<p>&nbsp;<\/p>\n<p>Merc\u00e8<\/p>\n<p>Tutora Aula d&#8217;Acollida<\/p>\n","protected":false},"excerpt":{"rendered":"<p>Amb el canvi d\u2019estaci\u00f3 el nostre entorn es transforma. De vegades des de la ciutat \u00e9s m\u00e9s dif\u00edcil apreciar aquests canvis perqu\u00e8 els edificis, els carrers, els cotxes continuen igual&#8230; per\u00f2 si observem la natura, si podem anar als boscos o parcs que ens envolten&hellip;  <a href=\"https:\/\/agora.xtec.cat\/escolagermanesbertomeu\/general\/mandala-de-la-tardor\/\" title=\"Read MANDALA DE LA TARDOR\">Llegeix m\u00e9s\u00bb<\/a><\/p>\n","protected":false},"author":1,"featured_media":1412,"comment_status":"open","ping_status":"closed","sticky":false,"template":"","format":"standard","meta":{"_bbp_topic_count":0,"_bbp_reply_count":0,"_bbp_total_topic_count":0,"_bbp_total_reply_count":0,"_bbp_voice_count":0,"_bbp_anonymous_reply_count":0,"_bbp_topic_count_hidden":0,"_bbp_reply_count_hidden":0,"_bbp_forum_subforum_count":0,"footnotes":""},"categories":[1],"tags":[110,108,100,105,109],"class_list":["post-1411","post","type-post","status-publish","format-standard","has-post-thumbnail","hentry","category-general","tag-aula-dacollida","tag-mandala","tag-promocio-2010-2019","tag-promocio-2011-2020","tag-tardor"],"post_mailing_queue_ids":[],"_links":{"self":[{"href":"https:\/\/agora.xtec.cat\/escolagermanesbertomeu\/wp-json\/wp\/v2\/posts\/1411","targetHints":{"allow":["GET"]}}],"collection":[{"href":"https:\/\/agora.xtec.cat\/escolagermanesbertomeu\/wp-json\/wp\/v2\/posts"}],"about":[{"href":"https:\/\/agora.xtec.cat\/escolagermanesbertomeu\/wp-json\/wp\/v2\/types\/post"}],"author":[{"embeddable":true,"href":"https:\/\/agora.xtec.cat\/escolagermanesbertomeu\/wp-json\/wp\/v2\/users\/1"}],"replies":[{"embeddable":true,"href":"https:\/\/agora.xtec.cat\/escolagermanesbertomeu\/wp-json\/wp\/v2\/comments?post=1411"}],"version-history":[{"count":3,"href":"https:\/\/agora.xtec.cat\/escolagermanesbertomeu\/wp-json\/wp\/v2\/posts\/1411\/revisions"}],"predecessor-version":[{"id":1427,"href":"https:\/\/agora.xtec.cat\/escolagermanesbertomeu\/wp-json\/wp\/v2\/posts\/1411\/revisions\/1427"}],"wp:featuredmedia":[{"embeddable":true,"href":"https:\/\/agora.xtec.cat\/escolagermanesbertomeu\/wp-json\/wp\/v2\/media\/1412"}],"wp:attachment":[{"href":"https:\/\/agora.xtec.cat\/escolagermanesbertomeu\/wp-json\/wp\/v2\/media?parent=1411"}],"wp:term":[{"taxonomy":"category","embeddable":true,"href":"https:\/\/agora.xtec.cat\/escolagermanesbertomeu\/wp-json\/wp\/v2\/categories?post=1411"},{"taxonomy":"post_tag","embeddable":true,"href":"https:\/\/agora.xtec.cat\/escolagermanesbertomeu\/wp-json\/wp\/v2\/tags?post=1411"}],"curies":[{"name":"wp","href":"https:\/\/api.w.org\/{rel}","templated":true}]}}