{"id":1357,"date":"2018-09-27T10:16:19","date_gmt":"2018-09-27T08:16:19","guid":{"rendered":"http:\/\/agora.xtec.cat\/escolagermanesbertomeu\/?p=1357"},"modified":"2018-10-29T12:17:27","modified_gmt":"2018-10-29T11:17:27","slug":"xerrada-sobre-els-sentits-a-6e","status":"publish","type":"post","link":"https:\/\/agora.xtec.cat\/escolagermanesbertomeu\/general\/xerrada-sobre-els-sentits-a-6e\/","title":{"rendered":"Xerrada sobre els sentits a 6\u00e8"},"content":{"rendered":"<p><span style=\"font-weight: 400;\">Avui 26 de setembre ens ha visitat a l\u2019escola la Maria Petit, acompanyada del seu gos pigall, en T\u00e0vish per explicar-nos, als grups de 6\u00e8 com \u00e9s el dia a dia d\u2019una persona amb discapacitat visual.<\/span><\/p>\n<p><a href=\"http:\/\/agora.xtec.cat\/escolagermanesbertomeu\/wp-content\/uploads\/usu1488\/2018\/09\/027e6b0d-47d6-4cfb-934b-09d33ecedc96.jpg\"><img loading=\"lazy\" decoding=\"async\" class=\"wp-image-1359 aligncenter\" src=\"http:\/\/agora.xtec.cat\/escolagermanesbertomeu\/wp-content\/uploads\/usu1488\/2018\/09\/027e6b0d-47d6-4cfb-934b-09d33ecedc96-1024x767.jpg\" alt=\"\" width=\"444\" height=\"333\" srcset=\"https:\/\/agora.xtec.cat\/escolagermanesbertomeu\/wp-content\/uploads\/usu1488\/2018\/09\/027e6b0d-47d6-4cfb-934b-09d33ecedc96-1024x767.jpg 1024w, https:\/\/agora.xtec.cat\/escolagermanesbertomeu\/wp-content\/uploads\/usu1488\/2018\/09\/027e6b0d-47d6-4cfb-934b-09d33ecedc96-300x225.jpg 300w, https:\/\/agora.xtec.cat\/escolagermanesbertomeu\/wp-content\/uploads\/usu1488\/2018\/09\/027e6b0d-47d6-4cfb-934b-09d33ecedc96-768x575.jpg 768w, https:\/\/agora.xtec.cat\/escolagermanesbertomeu\/wp-content\/uploads\/usu1488\/2018\/09\/027e6b0d-47d6-4cfb-934b-09d33ecedc96-200x150.jpg 200w, https:\/\/agora.xtec.cat\/escolagermanesbertomeu\/wp-content\/uploads\/usu1488\/2018\/09\/027e6b0d-47d6-4cfb-934b-09d33ecedc96.jpg 1386w\" sizes=\"auto, (max-width: 444px) 100vw, 444px\" \/><\/a><\/p>\n<p><span style=\"font-weight: 400;\">El fet que aquest trimestre haguem comen\u00e7at ha treballar diferents aspectes sobre el cos hum\u00e0 (els \u00f2rgans dels sentits, el sistema nervi\u00f3s, els moviments, l\u2019aparell locomotor, les lesions i els h\u00e0bits saludables) ha fet que ens planteg\u00e9ssim una s\u00e8rie de preguntes que ens han dut a terme a voler saber molt m\u00e9s sobre \u00a0el tema de la ceguesa.<\/span><\/p>\n<p><span style=\"font-weight: 400;\">L\u2019exposici\u00f3 que ens ha fet ha estat molt complerta i entenedora, en tot moment hem estat interessats i motivats per saber-ne m\u00e9s. Tots els dubtes i preguntes que ten\u00edem s\u2019han resolt r\u00e0pidament d\u2019una manera molt participativa i propera.<\/span><\/p>\n<p><a href=\"http:\/\/agora.xtec.cat\/escolagermanesbertomeu\/wp-content\/uploads\/usu1488\/2018\/09\/a47501af-3c8b-4df5-ab0a-62afcba2df7f-1.jpg\"><img loading=\"lazy\" decoding=\"async\" class=\"wp-image-1362 aligncenter\" src=\"http:\/\/agora.xtec.cat\/escolagermanesbertomeu\/wp-content\/uploads\/usu1488\/2018\/09\/a47501af-3c8b-4df5-ab0a-62afcba2df7f-1-933x1024.jpg\" alt=\"\" width=\"295\" height=\"324\" srcset=\"https:\/\/agora.xtec.cat\/escolagermanesbertomeu\/wp-content\/uploads\/usu1488\/2018\/09\/a47501af-3c8b-4df5-ab0a-62afcba2df7f-1-933x1024.jpg 933w, https:\/\/agora.xtec.cat\/escolagermanesbertomeu\/wp-content\/uploads\/usu1488\/2018\/09\/a47501af-3c8b-4df5-ab0a-62afcba2df7f-1-273x300.jpg 273w, https:\/\/agora.xtec.cat\/escolagermanesbertomeu\/wp-content\/uploads\/usu1488\/2018\/09\/a47501af-3c8b-4df5-ab0a-62afcba2df7f-1-768x843.jpg 768w, https:\/\/agora.xtec.cat\/escolagermanesbertomeu\/wp-content\/uploads\/usu1488\/2018\/09\/a47501af-3c8b-4df5-ab0a-62afcba2df7f-1.jpg 1081w\" sizes=\"auto, (max-width: 295px) 100vw, 295px\" \/><\/a><\/p>\n<p><a href=\"http:\/\/agora.xtec.cat\/escolagermanesbertomeu\/wp-content\/uploads\/usu1488\/2018\/09\/baf8e38e-3dd2-406a-82c0-5268d269d06b.jpg\"><img loading=\"lazy\" decoding=\"async\" class=\"wp-image-1363 aligncenter\" src=\"http:\/\/agora.xtec.cat\/escolagermanesbertomeu\/wp-content\/uploads\/usu1488\/2018\/09\/baf8e38e-3dd2-406a-82c0-5268d269d06b-1024x945.jpg\" alt=\"\" width=\"510\" height=\"471\" srcset=\"https:\/\/agora.xtec.cat\/escolagermanesbertomeu\/wp-content\/uploads\/usu1488\/2018\/09\/baf8e38e-3dd2-406a-82c0-5268d269d06b-1024x945.jpg 1024w, https:\/\/agora.xtec.cat\/escolagermanesbertomeu\/wp-content\/uploads\/usu1488\/2018\/09\/baf8e38e-3dd2-406a-82c0-5268d269d06b-300x277.jpg 300w, https:\/\/agora.xtec.cat\/escolagermanesbertomeu\/wp-content\/uploads\/usu1488\/2018\/09\/baf8e38e-3dd2-406a-82c0-5268d269d06b-768x709.jpg 768w, https:\/\/agora.xtec.cat\/escolagermanesbertomeu\/wp-content\/uploads\/usu1488\/2018\/09\/baf8e38e-3dd2-406a-82c0-5268d269d06b.jpg 1140w\" sizes=\"auto, (max-width: 510px) 100vw, 510px\" \/><\/a><\/p>\n<p><span style=\"font-weight: 400;\">Compartir les seves viv\u00e8ncies ha fet que aprenguem un munt sobre el m\u00f3n de la discapacitat visual en la societat en la que vivim i de la superaci\u00f3 personal.<\/span><\/p>\n<p>&nbsp;<\/p>\n<p><a href=\"http:\/\/agora.xtec.cat\/escolagermanesbertomeu\/wp-content\/uploads\/usu1488\/2018\/09\/c8a296f3-3ba2-46c9-a073-774e82f2d66b.jpg\"><img loading=\"lazy\" decoding=\"async\" class=\"wp-image-1364 aligncenter\" src=\"http:\/\/agora.xtec.cat\/escolagermanesbertomeu\/wp-content\/uploads\/usu1488\/2018\/09\/c8a296f3-3ba2-46c9-a073-774e82f2d66b-1024x541.jpg\" alt=\"\" width=\"483\" height=\"255\" srcset=\"https:\/\/agora.xtec.cat\/escolagermanesbertomeu\/wp-content\/uploads\/usu1488\/2018\/09\/c8a296f3-3ba2-46c9-a073-774e82f2d66b-1024x541.jpg 1024w, https:\/\/agora.xtec.cat\/escolagermanesbertomeu\/wp-content\/uploads\/usu1488\/2018\/09\/c8a296f3-3ba2-46c9-a073-774e82f2d66b-300x158.jpg 300w, https:\/\/agora.xtec.cat\/escolagermanesbertomeu\/wp-content\/uploads\/usu1488\/2018\/09\/c8a296f3-3ba2-46c9-a073-774e82f2d66b-768x406.jpg 768w, https:\/\/agora.xtec.cat\/escolagermanesbertomeu\/wp-content\/uploads\/usu1488\/2018\/09\/c8a296f3-3ba2-46c9-a073-774e82f2d66b.jpg 1403w\" sizes=\"auto, (max-width: 483px) 100vw, 483px\" \/><\/a><\/p>\n<p>&nbsp;<\/p>\n<p><span style=\"font-weight: 400;\">Moltes gr\u00e0cies per visitar-nos Maria!<\/span><\/p>\n","protected":false},"excerpt":{"rendered":"<p>Avui 26 de setembre ens ha visitat a l\u2019escola la Maria Petit, acompanyada del seu gos pigall, en T\u00e0vish per explicar-nos, als grups de 6\u00e8 com \u00e9s el dia a dia d\u2019una persona amb discapacitat visual.<br \/>\n<a href=\"http:\/\/agora.xtec.cat\/escolagermanesbertomeu\/wp-content\/uploads\/usu1488\/2018\/09\/027e6b0d-47d6-4cfb-934b-09d33ecedc96.jpg\"><\/a><br \/>\nEl fet que aquest trimestre haguem comen\u00e7at ha treballar&hellip;  <a href=\"https:\/\/agora.xtec.cat\/escolagermanesbertomeu\/general\/xerrada-sobre-els-sentits-a-6e\/\" title=\"Read Xerrada sobre els sentits a 6\u00e8\">Llegeix m\u00e9s\u00bb<\/a><\/p>\n","protected":false},"author":1,"featured_media":1359,"comment_status":"open","ping_status":"closed","sticky":false,"template":"","format":"standard","meta":{"_bbp_topic_count":0,"_bbp_reply_count":0,"_bbp_total_topic_count":0,"_bbp_total_reply_count":0,"_bbp_voice_count":0,"_bbp_anonymous_reply_count":0,"_bbp_topic_count_hidden":0,"_bbp_reply_count_hidden":0,"_bbp_forum_subforum_count":0,"footnotes":""},"categories":[14,1],"tags":[100],"class_list":["post-1357","post","type-post","status-publish","format-standard","has-post-thumbnail","hentry","category-6e","category-general","tag-promocio-2010-2019"],"post_mailing_queue_ids":[],"_links":{"self":[{"href":"https:\/\/agora.xtec.cat\/escolagermanesbertomeu\/wp-json\/wp\/v2\/posts\/1357","targetHints":{"allow":["GET"]}}],"collection":[{"href":"https:\/\/agora.xtec.cat\/escolagermanesbertomeu\/wp-json\/wp\/v2\/posts"}],"about":[{"href":"https:\/\/agora.xtec.cat\/escolagermanesbertomeu\/wp-json\/wp\/v2\/types\/post"}],"author":[{"embeddable":true,"href":"https:\/\/agora.xtec.cat\/escolagermanesbertomeu\/wp-json\/wp\/v2\/users\/1"}],"replies":[{"embeddable":true,"href":"https:\/\/agora.xtec.cat\/escolagermanesbertomeu\/wp-json\/wp\/v2\/comments?post=1357"}],"version-history":[{"count":3,"href":"https:\/\/agora.xtec.cat\/escolagermanesbertomeu\/wp-json\/wp\/v2\/posts\/1357\/revisions"}],"predecessor-version":[{"id":1366,"href":"https:\/\/agora.xtec.cat\/escolagermanesbertomeu\/wp-json\/wp\/v2\/posts\/1357\/revisions\/1366"}],"wp:featuredmedia":[{"embeddable":true,"href":"https:\/\/agora.xtec.cat\/escolagermanesbertomeu\/wp-json\/wp\/v2\/media\/1359"}],"wp:attachment":[{"href":"https:\/\/agora.xtec.cat\/escolagermanesbertomeu\/wp-json\/wp\/v2\/media?parent=1357"}],"wp:term":[{"taxonomy":"category","embeddable":true,"href":"https:\/\/agora.xtec.cat\/escolagermanesbertomeu\/wp-json\/wp\/v2\/categories?post=1357"},{"taxonomy":"post_tag","embeddable":true,"href":"https:\/\/agora.xtec.cat\/escolagermanesbertomeu\/wp-json\/wp\/v2\/tags?post=1357"}],"curies":[{"name":"wp","href":"https:\/\/api.w.org\/{rel}","templated":true}]}}